{"id":9954,"date":"2021-10-06T17:58:17","date_gmt":"2021-10-06T15:58:17","guid":{"rendered":"http:\/\/www.azelot.fr\/?p=9954"},"modified":"2021-10-06T17:58:17","modified_gmt":"2021-10-06T15:58:17","slug":"operation-brioches-2021-pour-soutenir-laeim-adapei-54-qui-accompagne-le-handicap-intellectuel","status":"publish","type":"post","link":"https:\/\/www.azelot.fr\/?p=9954","title":{"rendered":"Op\u00e9ration brioches 2021 : pour soutenir l\u2019AEIM-ADAPEI 54 (qui accompagne le handicap intellectuel)"},"content":{"rendered":"<p style=\"text-align: center;\"><a href=\"https:\/\/www.azelot.fr\/wp-content\/uploads\/2021\/10\/AEIM001.jpg\" data-rel=\"lightbox-gallery-0iq9YdV4\" data-rl_title=\"\" data-rl_caption=\"\" title=\"\"><img loading=\"lazy\" decoding=\"async\" class=\"alignnone  wp-image-9962\" src=\"https:\/\/www.azelot.fr\/wp-content\/uploads\/2021\/10\/AEIM001-208x300.jpg\" alt=\"\" width=\"323\" height=\"466\" srcset=\"https:\/\/www.azelot.fr\/wp-content\/uploads\/2021\/10\/AEIM001-208x300.jpg 208w, https:\/\/www.azelot.fr\/wp-content\/uploads\/2021\/10\/AEIM001-710x1024.jpg 710w, https:\/\/www.azelot.fr\/wp-content\/uploads\/2021\/10\/AEIM001-768x1107.jpg 768w, https:\/\/www.azelot.fr\/wp-content\/uploads\/2021\/10\/AEIM001-1065x1536.jpg 1065w, https:\/\/www.azelot.fr\/wp-content\/uploads\/2021\/10\/AEIM001-1421x2048.jpg 1421w, https:\/\/www.azelot.fr\/wp-content\/uploads\/2021\/10\/AEIM001-1170x1687.jpg 1170w, https:\/\/www.azelot.fr\/wp-content\/uploads\/2021\/10\/AEIM001.jpg 1705w\" sizes=\"auto, (max-width: 323px) 100vw, 323px\" \/><\/a><\/p>\n<p><strong>L\u2019AEIM-Adapei 54<\/strong> accueille et accompagne <strong>enfants et adultes en situation de handicap intellectuel<\/strong>, dans ses \u00e9tablissements comme en milieu ordinaire.<\/p>\n<p>Depuis plus de 45 ans, l\u2019AEIM-Adapei 54 organise sa <strong>traditionnelle \u00ab\u00a0Op\u00e9rations brioches de l\u2019amiti\u00e9\u00a0\u00bb<\/strong> sur tout le d\u00e9partement de Meurthe-et-Moselle.<\/p>\n<p>En achetant une brioche, vous participerez cette ann\u00e9e \u00e0 la r\u00e9novation de l\u2019un de nos foyers d\u2019h\u00e9bergement : le foyer l\u2019Eau Vive \u00e0 Saint-Max.<\/p>\n<p>&nbsp;<\/p>\n<p><strong>En soutenant l\u2019op\u00e9ration, vous participez \u00e0\u00a0:<\/strong><\/p>\n<ul>\n<li><em>favoriser l\u2019\u00e9panouissement et l\u2019insertion dans la soci\u00e9t\u00e9 des personnes en situation de handicap intellectuel, en leur permettant l\u2019acc\u00e8s \u00e0 l\u2019\u00e9ducation, \u00e0 la formation, au travail et au logement gr\u00e2ce \u00e0 nos \u00e9tablissements et services<\/em><\/li>\n<li><em>inventer encore et toujours de nouvelles fa\u00e7ons d\u2019am\u00e9liorer le bien-\u00eatre des personnes handicap\u00e9es intellectuelles pour \u00eatre au plus pr\u00e8s de leurs besoins<\/em><\/li>\n<li><em>changer le regard sur le handicap \u00e0 travers de nombreuses actions d\u2019information et de sensibilisation.<\/em><\/li>\n<\/ul>\n<p>&nbsp;<\/p>\n<p><span style=\"color: #339966;\"><strong>Pour commander une ou plusieurs brioches (5 \u20ac la brioche),\u00a0\u00a0\u00a0\u00a0 envoyer un mail (courriel)\u00a0\u00a0\u00a0\u00a0 avant jeudi 7 octobre 2021 \u00e0 18h00 <\/strong><\/span><\/p>\n<p><span style=\"color: #339966;\">_\u00a0\u00a0\u00a0\u00a0\u00a0\u00a0\u00a0\u00a0\u00a0\u00a0\u00a0\u00a0\u00a0\u00a0\u00a0\u00a0\u00a0\u00a0\u00a0\u00a0\u00a0\u00a0\u00a0\u00a0\u00a0\u00a0\u00a0\u00a0\u00a0 de <strong>sujet \u00ab <em>Op\u00e9ration brioche<\/em> \u00bb<\/strong> \u00a0\u00a0\u00a0\u00a0\u00a0\u00a0 \u00e0 <strong>Mme TACAIL Odile \u00a0 \u00a0 \u00a0 \u00a0\u00a0<\/strong> <strong><a style=\"color: #339966;\" href=\"&#109;&#x61;&#105;&#x6c;&#116;&#x6f;&#58;&#x6a;&#101;&#x61;&#110;&#x2d;&#109;&#x61;&#114;&#x69;&#101;&#x2e;&#116;&#x61;&#99;&#x61;&#105;&#x6c;&#64;&#x6f;&#114;&#x61;&#110;&#x67;&#101;&#x2e;&#102;&#x72;\">jea&#110;&#x2d;&#x6d;&#x61;&#x72;ie.&#116;&#x61;&#x63;&#x61;&#x69;l&#64;o&#114;&#97;&#x6e;&#x67;&#x65;&#x2e;fr<\/a><\/strong><\/span><\/p>\n<p>Les brioches seront \u00e0 r\u00e9cup\u00e9rer tout prochainement. Odile vous en pr\u00e9cisera les modalit\u00e9s.<\/p>\n<p>&nbsp;<\/p>\n<p style=\"text-align: center;\"><span style=\"color: #ff0000;\"><strong><em>Pour vous, ce n&rsquo;est qu&rsquo;une brioche. Pour eux, c&rsquo;est un nouvel espace de vie.<\/em><\/strong><\/span><\/p>\n<p>&nbsp;<\/p>\n<p><em><strong>Merci d\u2019avance pour votre soutien.<\/strong><\/em><\/p>\n","protected":false},"excerpt":{"rendered":"<p>L\u2019AEIM-Adapei 54 accueille et accompagne enfants et adultes en situation de handicap intellectuel, dans ses \u00e9tablissements comme en milieu ordinaire. Depuis plus de 45 ans, l\u2019AEIM-Adapei 54 organise sa traditionnelle \u00ab\u00a0Op\u00e9rations brioches de l\u2019amiti\u00e9\u00a0\u00bb sur tout le d\u00e9partement de Meurthe-et-Moselle&#8230;.<br \/><a class=\"read-more-button\" href=\"https:\/\/www.azelot.fr\/?p=9954\">Savoir plus<\/a><\/p>\n","protected":false},"author":12,"featured_media":0,"comment_status":"open","ping_status":"open","sticky":false,"template":"","format":"standard","meta":{"activitypub_content_warning":"","activitypub_content_visibility":"","activitypub_max_image_attachments":4,"activitypub_interaction_policy_quote":"","activitypub_status":"","footnotes":""},"categories":[5],"tags":[],"class_list":["post-9954","post","type-post","status-publish","format-standard","hentry","category-foyer-rural"],"_links":{"self":[{"href":"https:\/\/www.azelot.fr\/index.php?rest_route=\/wp\/v2\/posts\/9954","targetHints":{"allow":["GET"]}}],"collection":[{"href":"https:\/\/www.azelot.fr\/index.php?rest_route=\/wp\/v2\/posts"}],"about":[{"href":"https:\/\/www.azelot.fr\/index.php?rest_route=\/wp\/v2\/types\/post"}],"author":[{"embeddable":true,"href":"https:\/\/www.azelot.fr\/index.php?rest_route=\/wp\/v2\/users\/12"}],"replies":[{"embeddable":true,"href":"https:\/\/www.azelot.fr\/index.php?rest_route=%2Fwp%2Fv2%2Fcomments&post=9954"}],"version-history":[{"count":8,"href":"https:\/\/www.azelot.fr\/index.php?rest_route=\/wp\/v2\/posts\/9954\/revisions"}],"predecessor-version":[{"id":9963,"href":"https:\/\/www.azelot.fr\/index.php?rest_route=\/wp\/v2\/posts\/9954\/revisions\/9963"}],"wp:attachment":[{"href":"https:\/\/www.azelot.fr\/index.php?rest_route=%2Fwp%2Fv2%2Fmedia&parent=9954"}],"wp:term":[{"taxonomy":"category","embeddable":true,"href":"https:\/\/www.azelot.fr\/index.php?rest_route=%2Fwp%2Fv2%2Fcategories&post=9954"},{"taxonomy":"post_tag","embeddable":true,"href":"https:\/\/www.azelot.fr\/index.php?rest_route=%2Fwp%2Fv2%2Ftags&post=9954"}],"curies":[{"name":"wp","href":"https:\/\/api.w.org\/{rel}","templated":true}]}}