{"id":9948,"date":"2021-09-29T10:07:13","date_gmt":"2021-09-29T08:07:13","guid":{"rendered":"http:\/\/www.azelot.fr\/?p=9948"},"modified":"2021-09-29T10:07:13","modified_gmt":"2021-09-29T08:07:13","slug":"theatre-le-9-octobre-a-20h","status":"publish","type":"post","link":"https:\/\/www.azelot.fr\/?p=9948","title":{"rendered":"Th\u00e9\u00e2tre le 9 octobre \u00e0 20h"},"content":{"rendered":"<p>Le Foyer Rural est heureux de vous proposer une soir\u00e9e th\u00e9\u00e2tre le samedi 9 octobre \u00e0 20h.<\/p>\n<blockquote><p><span style=\"color: #050505;\"><span style=\"font-family: Segoe UI, serif;\"><span style=\"font-size: small;\">Sur une proposition de France Wagner, l&rsquo;association Un p&rsquo;tit coin de France a le plaisir de vous pr\u00e9senter une pi\u00e8ce de Jean-Paul Daumas\u00a0<\/span><\/span><\/span><\/p>\n<p><a href=\"https:\/\/www.azelot.fr\/wp-content\/uploads\/2021\/09\/unnamed.png\" data-rel=\"lightbox-gallery-PI8cW758\" data-rl_title=\"\" data-rl_caption=\"\" title=\"\"><img loading=\"lazy\" decoding=\"async\" class=\"aligncenter size-large wp-image-9949\" src=\"https:\/\/www.azelot.fr\/wp-content\/uploads\/2021\/09\/unnamed-1024x640.png\" alt=\"\" width=\"1024\" height=\"640\" srcset=\"https:\/\/www.azelot.fr\/wp-content\/uploads\/2021\/09\/unnamed-1024x640.png 1024w, https:\/\/www.azelot.fr\/wp-content\/uploads\/2021\/09\/unnamed-300x188.png 300w, https:\/\/www.azelot.fr\/wp-content\/uploads\/2021\/09\/unnamed-768x480.png 768w, https:\/\/www.azelot.fr\/wp-content\/uploads\/2021\/09\/unnamed-1170x731.png 1170w, https:\/\/www.azelot.fr\/wp-content\/uploads\/2021\/09\/unnamed.png 1280w\" sizes=\"auto, (max-width: 1024px) 100vw, 1024px\" \/><\/a><span style=\"color: #050505;\"><span style=\"font-family: Segoe UI, serif;\"><span style=\"font-size: small;\">LE CIMETI\u00c8RE DES \u00c9L\u00c9PHANTS<\/span><\/span><\/span><\/p>\n<p><span style=\"color: #050505;\"><span style=\"font-family: Segoe UI, serif;\"><span style=\"font-size: small;\">Adaptation et mise en espace : Fran\u00e7oise Klein<\/span><\/span><\/span><\/p>\n<p><span style=\"color: #050505;\"><span style=\"font-family: Segoe UI, serif;\"><span style=\"font-size: small;\">Louise, Ludivine, Chlo\u00e9 et Ada passent leur retraite dans une pension de famille de la C\u00f4te d&rsquo;Azur. Peu \u00e0 peu, la routine s&rsquo;est install\u00e9e, rythm\u00e9e par la pluie et les inlassables chamailleries de ces vieilles dames encore coquettes qui s&rsquo;inventent des pass\u00e9s glorieux au m\u00e9pris de toutes les vraisemblances&#8230; Mais un jour arrive Fernande, un personnage dont le comportement \u00e9trange va \u00e9veiller bien des suspicions.<\/span><\/span><\/span><\/p>\n<p><span style=\"color: #050505;\"><span style=\"font-family: Segoe UI, serif;\"><span style=\"font-size: small;\">Avec :<br \/>\nMartine Clavel<br \/>\nLiliane Gasthalter<br \/>\nChristine Peyrole<br \/>\nFran\u00e7oise Uriot<br \/>\nFrance Wagner<\/span><\/span><\/span><\/p><\/blockquote>\n<p>Ce spectacle pour adulte est visible \u00e0 partir de 14 ans. L&rsquo;entr\u00e9e est gratuite avec une participation possible au chapeau, pass sanitaire et masque obligatoires.<\/p>\n","protected":false},"excerpt":{"rendered":"<p>Le Foyer Rural est heureux de vous proposer une soir\u00e9e th\u00e9\u00e2tre le samedi 9 octobre \u00e0 20h. Sur une proposition de France Wagner, l&rsquo;association Un p&rsquo;tit coin de France a le plaisir de vous pr\u00e9senter une pi\u00e8ce de Jean-Paul Daumas\u00a0&#8230;<br \/><a class=\"read-more-button\" href=\"https:\/\/www.azelot.fr\/?p=9948\">Savoir plus<\/a><\/p>\n","protected":false},"author":3,"featured_media":0,"comment_status":"open","ping_status":"open","sticky":false,"template":"","format":"standard","meta":{"activitypub_content_warning":"","activitypub_content_visibility":"","activitypub_max_image_attachments":4,"activitypub_interaction_policy_quote":"","activitypub_status":"","footnotes":""},"categories":[5],"tags":[],"class_list":["post-9948","post","type-post","status-publish","format-standard","hentry","category-foyer-rural"],"_links":{"self":[{"href":"https:\/\/www.azelot.fr\/index.php?rest_route=\/wp\/v2\/posts\/9948","targetHints":{"allow":["GET"]}}],"collection":[{"href":"https:\/\/www.azelot.fr\/index.php?rest_route=\/wp\/v2\/posts"}],"about":[{"href":"https:\/\/www.azelot.fr\/index.php?rest_route=\/wp\/v2\/types\/post"}],"author":[{"embeddable":true,"href":"https:\/\/www.azelot.fr\/index.php?rest_route=\/wp\/v2\/users\/3"}],"replies":[{"embeddable":true,"href":"https:\/\/www.azelot.fr\/index.php?rest_route=%2Fwp%2Fv2%2Fcomments&post=9948"}],"version-history":[{"count":2,"href":"https:\/\/www.azelot.fr\/index.php?rest_route=\/wp\/v2\/posts\/9948\/revisions"}],"predecessor-version":[{"id":9951,"href":"https:\/\/www.azelot.fr\/index.php?rest_route=\/wp\/v2\/posts\/9948\/revisions\/9951"}],"wp:attachment":[{"href":"https:\/\/www.azelot.fr\/index.php?rest_route=%2Fwp%2Fv2%2Fmedia&parent=9948"}],"wp:term":[{"taxonomy":"category","embeddable":true,"href":"https:\/\/www.azelot.fr\/index.php?rest_route=%2Fwp%2Fv2%2Fcategories&post=9948"},{"taxonomy":"post_tag","embeddable":true,"href":"https:\/\/www.azelot.fr\/index.php?rest_route=%2Fwp%2Fv2%2Ftags&post=9948"}],"curies":[{"name":"wp","href":"https:\/\/api.w.org\/{rel}","templated":true}]}}