{"id":9934,"date":"2021-08-27T07:36:15","date_gmt":"2021-08-27T05:36:15","guid":{"rendered":"http:\/\/www.azelot.fr\/?p=9934"},"modified":"2021-08-27T07:36:15","modified_gmt":"2021-08-27T05:36:15","slug":"bulletin-dinscription-aux-activites-2021-2022","status":"publish","type":"post","link":"https:\/\/www.azelot.fr\/?p=9934","title":{"rendered":"Bulletin d&rsquo;inscription aux activit\u00e9s 2021-2022"},"content":{"rendered":"<p>En compl\u00e9ment de l&rsquo;article d&rsquo;hier, voici le bulletin d&rsquo;inscription au format pdf que vous pouvez pr\u00e9-remplir avant de venir le 6 ou 11 septembre au lavoir pr\u00e8s de la mairie d&rsquo;Azelot. En cas d&rsquo;impossibilit\u00e9, vous pouvez transmettre le bulletin par mail \u00e0 l&rsquo;adresse &#x66;&#111;y&#x65;&#x72;-r&#x75;&#114;a&#x6c;&#x40;az&#x65;&#108;o&#x74;&#x2e;&#102;r.<\/p>\n<p><div class='afi-document'><div class='afi-document-icon'><a href='https:\/\/www.azelot.fr\/wp-content\/uploads\/2021\/08\/Inscriptions-2021-2022.pdf'><img src='https:\/\/www.azelot.fr\/wp-content\/plugins\/attachment-file-icons\/mime\/pdf-icon.png'\/><\/a><\/div><div class='afi-document-link'><a href=\"https:\/\/www.azelot.fr\/wp-content\/uploads\/2021\/08\/Inscriptions-2021-2022.pdf\">Inscriptions-2021-2022<\/a><\/div><\/div><div class='afi-clear'><\/div><\/p>\n<div id=\"blinkextension_snap_links_box_mg_mouse_gestures\" style=\"background-color: rgba(250, 128, 0, 0.07); border: 3px dashed blue; box-sizing: border-box; position: absolute; z-index: 2147483647; display: none; left: 274px; top: 115px;\"><\/div>\n<div id=\"hit_a_link_blinkextension_container_mg_mouse_gestures\" style=\"display: none; position: absolute; left: 0px; top: 0px; width: 0px; height: 0px; z-index: 2147483647; background: rgba(0, 0, 0, 0) none repeat scroll 0% 0%;\"><\/div>\n","protected":false},"excerpt":{"rendered":"<p>En compl\u00e9ment de l&rsquo;article d&rsquo;hier, voici le bulletin d&rsquo;inscription au format pdf que vous pouvez pr\u00e9-remplir avant de venir le 6 ou 11 septembre au lavoir pr\u00e8s de la mairie d&rsquo;Azelot. En cas d&rsquo;impossibilit\u00e9, vous pouvez transmettre le bulletin par&#8230;<br \/><a class=\"read-more-button\" href=\"https:\/\/www.azelot.fr\/?p=9934\">Savoir plus<\/a><\/p>\n","protected":false},"author":3,"featured_media":0,"comment_status":"open","ping_status":"open","sticky":false,"template":"","format":"standard","meta":{"activitypub_content_warning":"","activitypub_content_visibility":"","activitypub_max_image_attachments":4,"activitypub_interaction_policy_quote":"","activitypub_status":"","footnotes":""},"categories":[5],"tags":[],"class_list":["post-9934","post","type-post","status-publish","format-standard","hentry","category-foyer-rural"],"_links":{"self":[{"href":"https:\/\/www.azelot.fr\/index.php?rest_route=\/wp\/v2\/posts\/9934","targetHints":{"allow":["GET"]}}],"collection":[{"href":"https:\/\/www.azelot.fr\/index.php?rest_route=\/wp\/v2\/posts"}],"about":[{"href":"https:\/\/www.azelot.fr\/index.php?rest_route=\/wp\/v2\/types\/post"}],"author":[{"embeddable":true,"href":"https:\/\/www.azelot.fr\/index.php?rest_route=\/wp\/v2\/users\/3"}],"replies":[{"embeddable":true,"href":"https:\/\/www.azelot.fr\/index.php?rest_route=%2Fwp%2Fv2%2Fcomments&post=9934"}],"version-history":[{"count":2,"href":"https:\/\/www.azelot.fr\/index.php?rest_route=\/wp\/v2\/posts\/9934\/revisions"}],"predecessor-version":[{"id":9938,"href":"https:\/\/www.azelot.fr\/index.php?rest_route=\/wp\/v2\/posts\/9934\/revisions\/9938"}],"wp:attachment":[{"href":"https:\/\/www.azelot.fr\/index.php?rest_route=%2Fwp%2Fv2%2Fmedia&parent=9934"}],"wp:term":[{"taxonomy":"category","embeddable":true,"href":"https:\/\/www.azelot.fr\/index.php?rest_route=%2Fwp%2Fv2%2Fcategories&post=9934"},{"taxonomy":"post_tag","embeddable":true,"href":"https:\/\/www.azelot.fr\/index.php?rest_route=%2Fwp%2Fv2%2Ftags&post=9934"}],"curies":[{"name":"wp","href":"https:\/\/api.w.org\/{rel}","templated":true}]}}