{"id":9782,"date":"2021-03-12T14:18:13","date_gmt":"2021-03-12T13:18:13","guid":{"rendered":"http:\/\/www.azelot.fr\/?p=9782"},"modified":"2021-03-12T14:18:13","modified_gmt":"2021-03-12T13:18:13","slug":"inscription-a-lecole-sonnini-de-ville-en-vermois-enfants-nes-en-2018-inscription-en-maternelle-enfants-de-nouveaux-habitants-inscription-toute-classe","status":"publish","type":"post","link":"https:\/\/www.azelot.fr\/?p=9782","title":{"rendered":"Inscription \u00e0 l&rsquo;Ecole SONNINI de Ville-en-Vermois : enfants n\u00e9s en 2018 (inscription en maternelle), enfants de nouveaux habitants (inscription toute classe)"},"content":{"rendered":"<p style=\"text-align: center;\"><strong>INSCRIPTIONS SCOLAIRES pour la <\/strong><strong>RENTR\u00c9E 2021 \/ 2022<\/strong><\/p>\n<p>&nbsp;<\/p>\n<p><strong>\u00a0\u00a0\u00a0\u00a0\u00a0\u00a0\u00a0 Elles concernent <span style=\"text-decoration: underline;\">les inscriptions \u00e0 <span style=\"color: #993300; text-decoration: underline;\">l\u2019\u00e9cole SONNINI<\/span> de Ville-en-Vermois<\/span> (de la petite section au CM2), <\/strong><strong><span style=\"text-decoration: underline;\">pour la rentr\u00e9e de septembre 2021<\/span>\u00a0:<\/strong><\/p>\n<p><strong><em><span style=\"color: #ff0000;\">des enfants en 1\u00e8re ann\u00e9e de maternelle<\/span> (les enfants n\u00e9s en 2018)<\/em><\/strong><\/p>\n<p><span style=\"color: #0000ff;\"><strong><em>des enfants des nouveaux habitants <\/em><\/strong><\/span><\/p>\n<p><strong><em>de la commune d&rsquo;<span style=\"color: #993366;\">Azelot<\/span>, mais aussi de <span style=\"color: #993366;\">Burth\u00e9court<\/span>, de <span style=\"color: #993366;\">Lupcourt<\/span>, de <span style=\"color: #993366;\">Manoncourt-en-Vermois<\/span> et de <span style=\"color: #993366;\">Ville-en-Vermois<\/span>.<\/em><\/strong><\/p>\n<p><strong><em><a href=\"https:\/\/www.azelot.fr\/wp-content\/uploads\/2021\/03\/SIS_Inscription-001-scaled.jpg\" data-rel=\"lightbox-gallery-kaC3pg3q\" data-rl_title=\"\" data-rl_caption=\"\" title=\"\"><img loading=\"lazy\" decoding=\"async\" class=\" wp-image-9781 aligncenter\" src=\"https:\/\/www.azelot.fr\/wp-content\/uploads\/2021\/03\/SIS_Inscription-001-218x300.jpg\" alt=\"\" width=\"642\" height=\"883\" srcset=\"https:\/\/www.azelot.fr\/wp-content\/uploads\/2021\/03\/SIS_Inscription-001-218x300.jpg 218w, https:\/\/www.azelot.fr\/wp-content\/uploads\/2021\/03\/SIS_Inscription-001-744x1024.jpg 744w, https:\/\/www.azelot.fr\/wp-content\/uploads\/2021\/03\/SIS_Inscription-001-768x1057.jpg 768w, https:\/\/www.azelot.fr\/wp-content\/uploads\/2021\/03\/SIS_Inscription-001-1116x1536.jpg 1116w, https:\/\/www.azelot.fr\/wp-content\/uploads\/2021\/03\/SIS_Inscription-001-1488x2048.jpg 1488w, https:\/\/www.azelot.fr\/wp-content\/uploads\/2021\/03\/SIS_Inscription-001-1170x1610.jpg 1170w, https:\/\/www.azelot.fr\/wp-content\/uploads\/2021\/03\/SIS_Inscription-001-scaled.jpg 1860w\" sizes=\"auto, (max-width: 642px) 100vw, 642px\" \/><\/a><\/em><\/strong> \u00a0 <strong><span style=\"text-decoration: underline;\">A retenir :<\/span> <\/strong><\/p>\n<ul>\n<li><strong>pr\u00e9-inscription <span style=\"color: #ff0000;\">du 1er au 30 avril 2021<\/span> \u00a0 \u00a0 \u00a0\u00a0 aupr\u00e8s du SIS du VERMOIS<br \/>\n<\/strong><\/li>\n<li><strong>inscription\u00a0\u00a0\u00a0\u00a0\u00a0\u00a0 \u00a0\u00a0 <span style=\"color: #ff0000;\">le vendredi 21 mai 2021<\/span>\u00a0\u00a0\u00a0\u00a0 aupr\u00e8s du Directeur de l&rsquo;Ecole SONNINI.<\/strong><\/li>\n<\/ul>\n<p>&nbsp;<\/p>\n<p><em><strong>Bienvenue \u00e0 tous les nouveaux \u00e9l\u00e8ves.<\/strong><\/em><\/p>\n<p>&nbsp;<\/p>\n","protected":false},"excerpt":{"rendered":"<p>INSCRIPTIONS SCOLAIRES pour la RENTR\u00c9E 2021 \/ 2022 &nbsp; \u00a0\u00a0\u00a0\u00a0\u00a0\u00a0\u00a0 Elles concernent les inscriptions \u00e0 l\u2019\u00e9cole SONNINI de Ville-en-Vermois (de la petite section au CM2), pour la rentr\u00e9e de septembre 2021\u00a0: des enfants en 1\u00e8re ann\u00e9e de maternelle (les enfants&#8230;<br \/><a class=\"read-more-button\" href=\"https:\/\/www.azelot.fr\/?p=9782\">Savoir plus<\/a><\/p>\n","protected":false},"author":12,"featured_media":0,"comment_status":"open","ping_status":"open","sticky":false,"template":"","format":"standard","meta":{"activitypub_content_warning":"","activitypub_content_visibility":"","activitypub_max_image_attachments":4,"activitypub_interaction_policy_quote":"","activitypub_status":"","footnotes":""},"categories":[4],"tags":[],"class_list":["post-9782","post","type-post","status-publish","format-standard","hentry","category-mairie"],"_links":{"self":[{"href":"https:\/\/www.azelot.fr\/index.php?rest_route=\/wp\/v2\/posts\/9782","targetHints":{"allow":["GET"]}}],"collection":[{"href":"https:\/\/www.azelot.fr\/index.php?rest_route=\/wp\/v2\/posts"}],"about":[{"href":"https:\/\/www.azelot.fr\/index.php?rest_route=\/wp\/v2\/types\/post"}],"author":[{"embeddable":true,"href":"https:\/\/www.azelot.fr\/index.php?rest_route=\/wp\/v2\/users\/12"}],"replies":[{"embeddable":true,"href":"https:\/\/www.azelot.fr\/index.php?rest_route=%2Fwp%2Fv2%2Fcomments&post=9782"}],"version-history":[{"count":14,"href":"https:\/\/www.azelot.fr\/index.php?rest_route=\/wp\/v2\/posts\/9782\/revisions"}],"predecessor-version":[{"id":9796,"href":"https:\/\/www.azelot.fr\/index.php?rest_route=\/wp\/v2\/posts\/9782\/revisions\/9796"}],"wp:attachment":[{"href":"https:\/\/www.azelot.fr\/index.php?rest_route=%2Fwp%2Fv2%2Fmedia&parent=9782"}],"wp:term":[{"taxonomy":"category","embeddable":true,"href":"https:\/\/www.azelot.fr\/index.php?rest_route=%2Fwp%2Fv2%2Fcategories&post=9782"},{"taxonomy":"post_tag","embeddable":true,"href":"https:\/\/www.azelot.fr\/index.php?rest_route=%2Fwp%2Fv2%2Ftags&post=9782"}],"curies":[{"name":"wp","href":"https:\/\/api.w.org\/{rel}","templated":true}]}}