{"id":9435,"date":"2020-04-20T15:30:48","date_gmt":"2020-04-20T13:30:48","guid":{"rendered":"http:\/\/www.azelot.fr\/?p=9435"},"modified":"2020-04-20T15:30:48","modified_gmt":"2020-04-20T13:30:48","slug":"reponse-sur-les-masques","status":"publish","type":"post","link":"https:\/\/www.azelot.fr\/?p=9435","title":{"rendered":"R\u00e9ponse sur les masques"},"content":{"rendered":"<p>D\u2019abord, je remercie les habitants qui ont voulu m\u2019alerter sur leurs craintes. Ils me permettent une mise au point utile.<\/p>\n<p>A aucun moment, je n\u2019ai souhait\u00e9 exclure une partie de la population de l\u2019acc\u00e8s aux masques appel\u00e9s \u00ab\u00a0grand public\u00a0\u00bb, c\u2019est-\u00e0-dire en tissu, puisque c\u2019est de cela dont il s\u2019agit. De fait, compte tenu de la situation de p\u00e9nurie et des d\u00e9lais de livraison que personne ne peut ma\u00eetriser, tout le monde ne pourra avoir acc\u00e8s \u00e0 ces masques dans les prochaines semaines. Que ce soit les entreprises qui proposent des commandes ou que ce soit les collectivit\u00e9s, comme notre d\u00e9partement ou notre commune, qui en ont faites, personne n\u2019est s\u00fbr de la date de livraison. Ce qui est s\u00fbr c\u2019est qu\u2019un pourcentage limit\u00e9 des commandes pourrait \u00eatre livr\u00e9 dans un d\u00e9lai raisonnable. Des centaines de masques ont \u00e9t\u00e9 command\u00e9s pour toute la population d\u2019Azelot (<strong>et une commande compl\u00e9mentaire a \u00e9t\u00e9 faite ce matin<\/strong>). J&rsquo;ai vu les incertitudes sur les d\u00e9lais de livraison, il s\u2019agissait pour moi de fixer des priorit\u00e9s en ciblant les personnes qui ont jusqu\u2019ici repr\u00e9sent\u00e9 l\u2019\u00e9crasante majorit\u00e9 des d\u00e9c\u00e8s du covid-19 \u00e0 savoir nos a\u00een\u00e9s (les \u00be ont plus de 75 ans). Ceci n\u2019emp\u00eache pas la commune de rester \u00e0 l\u2019\u00e9coute des besoins des personnes plus jeunes et d\u2019essayer d\u2019y r\u00e9pondre.<\/p>\n<p>La peur pour nous et pour nos proches nous taraude l\u00e9gitimement\u00a0; elle ne doit pas nous emp\u00eacher de regarder la situation avec lucidit\u00e9. La crise est mondiale et exceptionnelle, les solutions ne sont pas simples. A Azelot, comme ailleurs, il faudra donc encore s\u2019adapter plus d\u2019une fois et sans doute apprendre \u00e0 vivre avec ce virus de nombreux mois, jusqu\u2019\u00e0 la mise au point d\u2019un vaccin.<\/p>\n<p>Christian Forget<br \/>\nMaire d&rsquo;Azelot.<\/p>\n","protected":false},"excerpt":{"rendered":"<p>D\u2019abord, je remercie les habitants qui ont voulu m\u2019alerter sur leurs craintes. Ils me permettent une mise au point utile. A aucun moment, je n\u2019ai souhait\u00e9 exclure une partie de la population de l\u2019acc\u00e8s aux masques appel\u00e9s \u00ab\u00a0grand public\u00a0\u00bb, c\u2019est-\u00e0-dire&#8230;<br \/><a class=\"read-more-button\" href=\"https:\/\/www.azelot.fr\/?p=9435\">Savoir plus<\/a><\/p>\n","protected":false},"author":4,"featured_media":0,"comment_status":"open","ping_status":"open","sticky":false,"template":"","format":"standard","meta":{"activitypub_content_warning":"","activitypub_content_visibility":"","activitypub_max_image_attachments":4,"activitypub_interaction_policy_quote":"","activitypub_status":"","footnotes":""},"categories":[4],"tags":[6],"class_list":["post-9435","post","type-post","status-publish","format-standard","hentry","category-mairie","tag-annonce"],"_links":{"self":[{"href":"https:\/\/www.azelot.fr\/index.php?rest_route=\/wp\/v2\/posts\/9435","targetHints":{"allow":["GET"]}}],"collection":[{"href":"https:\/\/www.azelot.fr\/index.php?rest_route=\/wp\/v2\/posts"}],"about":[{"href":"https:\/\/www.azelot.fr\/index.php?rest_route=\/wp\/v2\/types\/post"}],"author":[{"embeddable":true,"href":"https:\/\/www.azelot.fr\/index.php?rest_route=\/wp\/v2\/users\/4"}],"replies":[{"embeddable":true,"href":"https:\/\/www.azelot.fr\/index.php?rest_route=%2Fwp%2Fv2%2Fcomments&post=9435"}],"version-history":[{"count":1,"href":"https:\/\/www.azelot.fr\/index.php?rest_route=\/wp\/v2\/posts\/9435\/revisions"}],"predecessor-version":[{"id":9436,"href":"https:\/\/www.azelot.fr\/index.php?rest_route=\/wp\/v2\/posts\/9435\/revisions\/9436"}],"wp:attachment":[{"href":"https:\/\/www.azelot.fr\/index.php?rest_route=%2Fwp%2Fv2%2Fmedia&parent=9435"}],"wp:term":[{"taxonomy":"category","embeddable":true,"href":"https:\/\/www.azelot.fr\/index.php?rest_route=%2Fwp%2Fv2%2Fcategories&post=9435"},{"taxonomy":"post_tag","embeddable":true,"href":"https:\/\/www.azelot.fr\/index.php?rest_route=%2Fwp%2Fv2%2Ftags&post=9435"}],"curies":[{"name":"wp","href":"https:\/\/api.w.org\/{rel}","templated":true}]}}