{"id":9423,"date":"2020-04-05T21:40:23","date_gmt":"2020-04-05T19:40:23","guid":{"rendered":"http:\/\/www.azelot.fr\/?p=9423"},"modified":"2020-04-05T21:40:23","modified_gmt":"2020-04-05T19:40:23","slug":"baisser-la-garde","status":"publish","type":"post","link":"https:\/\/www.azelot.fr\/?p=9423","title":{"rendered":"Baisser la garde"},"content":{"rendered":"<p><strong>Mesdames, Messieurs,<\/strong><\/p>\n<p><strong>En cette p\u00e9riode de beau soleil printanier, le danger dans la lutte contre le Covid 19 est de baisser la garde. Contre un ennemi invisible et qui peut sembler tr\u00e8s loin, derri\u00e8re des \u00e9crans, le danger est le rel\u00e2chement.<\/strong><\/p>\n<p><strong>Des personnes sont\u00a0 atteintes dans nos villages du Vermois.<\/strong><\/p>\n<p><strong>Restez le plus souvent possible chez vous. Profitez de votre jardin pour ceux, tr\u00e8s nombreux \u00e0 Azelot, qui en ont un.<\/strong><\/p>\n<p><strong>Regroupez vos d\u00e9placements pour faire courses et achats.<\/strong><\/p>\n<p><b>Par ailleurs, signalez-moi toute personne isol\u00e9e qui aurait besoin de soutien et que nous n&rsquo;aurions pas contact\u00e9e et d\u00e9tect\u00e9e.<\/b><\/p>\n<p><strong>Portez vous bien. Aidez nos soignants, restez chez vous.<\/strong><\/p>\n<p><strong>Christian Forget\u00a0<\/strong><br \/>\n<strong>Maire d&rsquo;Azelot.<\/strong><\/p>\n<p>&nbsp;<\/p>\n","protected":false},"excerpt":{"rendered":"<p>Mesdames, Messieurs, En cette p\u00e9riode de beau soleil printanier, le danger dans la lutte contre le Covid 19 est de baisser la garde. Contre un ennemi invisible et qui peut sembler tr\u00e8s loin, derri\u00e8re des \u00e9crans, le danger est le&#8230;<br \/><a class=\"read-more-button\" href=\"https:\/\/www.azelot.fr\/?p=9423\">Savoir plus<\/a><\/p>\n","protected":false},"author":4,"featured_media":0,"comment_status":"open","ping_status":"open","sticky":false,"template":"","format":"standard","meta":{"activitypub_content_warning":"","activitypub_content_visibility":"","activitypub_max_image_attachments":4,"activitypub_interaction_policy_quote":"","activitypub_status":"","footnotes":""},"categories":[4],"tags":[6],"class_list":["post-9423","post","type-post","status-publish","format-standard","hentry","category-mairie","tag-annonce"],"_links":{"self":[{"href":"https:\/\/www.azelot.fr\/index.php?rest_route=\/wp\/v2\/posts\/9423","targetHints":{"allow":["GET"]}}],"collection":[{"href":"https:\/\/www.azelot.fr\/index.php?rest_route=\/wp\/v2\/posts"}],"about":[{"href":"https:\/\/www.azelot.fr\/index.php?rest_route=\/wp\/v2\/types\/post"}],"author":[{"embeddable":true,"href":"https:\/\/www.azelot.fr\/index.php?rest_route=\/wp\/v2\/users\/4"}],"replies":[{"embeddable":true,"href":"https:\/\/www.azelot.fr\/index.php?rest_route=%2Fwp%2Fv2%2Fcomments&post=9423"}],"version-history":[{"count":1,"href":"https:\/\/www.azelot.fr\/index.php?rest_route=\/wp\/v2\/posts\/9423\/revisions"}],"predecessor-version":[{"id":9424,"href":"https:\/\/www.azelot.fr\/index.php?rest_route=\/wp\/v2\/posts\/9423\/revisions\/9424"}],"wp:attachment":[{"href":"https:\/\/www.azelot.fr\/index.php?rest_route=%2Fwp%2Fv2%2Fmedia&parent=9423"}],"wp:term":[{"taxonomy":"category","embeddable":true,"href":"https:\/\/www.azelot.fr\/index.php?rest_route=%2Fwp%2Fv2%2Fcategories&post=9423"},{"taxonomy":"post_tag","embeddable":true,"href":"https:\/\/www.azelot.fr\/index.php?rest_route=%2Fwp%2Fv2%2Ftags&post=9423"}],"curies":[{"name":"wp","href":"https:\/\/api.w.org\/{rel}","templated":true}]}}