{"id":9115,"date":"2019-11-24T23:46:51","date_gmt":"2019-11-24T22:46:51","guid":{"rendered":"http:\/\/www.azelot.fr\/?p=9115"},"modified":"2019-11-24T23:58:53","modified_gmt":"2019-11-24T22:58:53","slug":"resultats-du-concours-2019-des-maisons-fleuries-dazelot","status":"publish","type":"post","link":"https:\/\/www.azelot.fr\/?p=9115","title":{"rendered":"R\u00e9sultats du concours 2019 des maisons fleuries d\u2019Azelot"},"content":{"rendered":"<p style=\"text-align: center;\">Apr\u00e8s la c\u00e9r\u00e9monie de comm\u00e9moration de l\u2019armistice du 11 novembre 1918, la remise des prix du concours des maisons fleuries d\u2019Azelot a eu lieu dans la salle communale, qui accueillait aussi une exposition sur l\u2019histoire de l\u2019a\u00e9rodrome d\u2019Azelot.<\/p>\n<p><a href=\"https:\/\/www.azelot.fr\/wp-content\/uploads\/2019\/11\/PB112140_c-scaled.jpg\" data-rel=\"lightbox-gallery-kJpooUat\" data-rl_title=\"\" data-rl_caption=\"\" title=\"\"><img loading=\"lazy\" decoding=\"async\" class=\"wp-image-9111 aligncenter\" src=\"https:\/\/www.azelot.fr\/wp-content\/uploads\/2019\/11\/PB112140_c-300x160.jpg\" alt=\"\" width=\"899\" height=\"479\" srcset=\"https:\/\/www.azelot.fr\/wp-content\/uploads\/2019\/11\/PB112140_c-300x160.jpg 300w, https:\/\/www.azelot.fr\/wp-content\/uploads\/2019\/11\/PB112140_c-1024x547.jpg 1024w, https:\/\/www.azelot.fr\/wp-content\/uploads\/2019\/11\/PB112140_c-768x410.jpg 768w, https:\/\/www.azelot.fr\/wp-content\/uploads\/2019\/11\/PB112140_c-1536x820.jpg 1536w, https:\/\/www.azelot.fr\/wp-content\/uploads\/2019\/11\/PB112140_c-2048x1094.jpg 2048w, https:\/\/www.azelot.fr\/wp-content\/uploads\/2019\/11\/PB112140_c-1170x625.jpg 1170w\" sizes=\"auto, (max-width: 899px) 100vw, 899px\" \/><\/a>Les b\u00e9n\u00e9voles qui participent \u00e0 la mise en place et \u00e0 l\u2019entretien des massifs et bacs partag\u00e9s de l\u00e9gumes ont \u00e9t\u00e9 remerci\u00e9s, ainsi que nos deux employ\u00e9s Livio et Pascal.<\/p>\n<p>Un grand merci aussi \u00e0 toutes les personnes qui fleurissent et agr\u00e9mentent leur maison et terrain, participant ainsi \u00e0 la mise en valeur d\u2019Azelot. Les nombreuses actions de tous en faveur de l\u2019environnement permettent \u00e0 Azelot de pr\u00e9senter un ensemble nature harmonieux, avec une vari\u00e9t\u00e9 de fleurs, beaucoup d\u2019arbres et d\u2019arbustes, de la verdure en abondance, de la vigne et m\u00eame des coccinelles g\u00e9antes.<\/p>\n<p>Ces actions sont \u00e0 poursuivre, pour continuer \u00e0 am\u00e9liorer la qualit\u00e9 de vie \u00e0 Azelot.<\/p>\n<p style=\"text-align: center;\">5 prix d\u2019excellence et 25 prix d\u2019honneur ont ainsi \u00e9t\u00e9 remis, avec un dipl\u00f4me local et une composition florale pour chaque personne.<\/p>\n<p style=\"text-align: center;\"><a href=\"https:\/\/www.azelot.fr\/wp-content\/uploads\/2019\/11\/PB112177_c-scaled.jpg\" data-rel=\"lightbox-gallery-kJpooUat\" data-rl_title=\"\" data-rl_caption=\"\" title=\"\"><img loading=\"lazy\" decoding=\"async\" class=\" wp-image-9114 aligncenter\" src=\"https:\/\/www.azelot.fr\/wp-content\/uploads\/2019\/11\/PB112177_c-300x132.jpg\" alt=\"\" width=\"949\" height=\"418\" srcset=\"https:\/\/www.azelot.fr\/wp-content\/uploads\/2019\/11\/PB112177_c-300x132.jpg 300w, https:\/\/www.azelot.fr\/wp-content\/uploads\/2019\/11\/PB112177_c-768x337.jpg 768w, https:\/\/www.azelot.fr\/wp-content\/uploads\/2019\/11\/PB112177_c-2048x899.jpg 2048w\" sizes=\"auto, (max-width: 949px) 100vw, 949px\" \/><\/a>Un grand bravo aussi \u00e0 Patou Lopes, qui a obtenu en septembre un prix d\u00e9partemental dans la cat\u00e9gorie \u00ab Maison avec jardin visible de la rue \u00bb,<\/p>\n<p style=\"text-align: center;\">distinguant ainsi Azelot.<\/p>\n\n\t\t<style type=\"text\/css\">\n\t\t\t#gallery-1 {\n\t\t\t\tmargin: auto;\n\t\t\t}\n\t\t\t#gallery-1 .gallery-item {\n\t\t\t\tfloat: left;\n\t\t\t\tmargin-top: 10px;\n\t\t\t\ttext-align: center;\n\t\t\t\twidth: 50%;\n\t\t\t}\n\t\t\t#gallery-1 img {\n\t\t\t\tborder: 2px solid #cfcfcf;\n\t\t\t}\n\t\t\t#gallery-1 .gallery-caption {\n\t\t\t\tmargin-left: 0;\n\t\t\t}\n\t\t\t\/* see gallery_shortcode() in wp-includes\/media.php *\/\n\t\t<\/style>\n\t\t<div id='gallery-1' class='gallery galleryid-9115 gallery-columns-2 gallery-size-large'><dl class='gallery-item'>\n\t\t\t<dt class='gallery-icon landscape'>\n\t\t\t\t<a href='https:\/\/www.azelot.fr\/wp-content\/uploads\/2019\/11\/PB112130_c-scaled.jpg' title=\"\" data-rl_title=\"\" class=\"rl-gallery-link\" data-rl_caption=\"\" data-rel=\"lightbox-gallery-1\"><img loading=\"lazy\" decoding=\"async\" width=\"1024\" height=\"682\" src=\"https:\/\/www.azelot.fr\/wp-content\/uploads\/2019\/11\/PB112130_c-1024x682.jpg\" class=\"attachment-large size-large\" alt=\"\" srcset=\"https:\/\/www.azelot.fr\/wp-content\/uploads\/2019\/11\/PB112130_c-1024x682.jpg 1024w, https:\/\/www.azelot.fr\/wp-content\/uploads\/2019\/11\/PB112130_c-300x200.jpg 300w, https:\/\/www.azelot.fr\/wp-content\/uploads\/2019\/11\/PB112130_c-768x511.jpg 768w, https:\/\/www.azelot.fr\/wp-content\/uploads\/2019\/11\/PB112130_c-1536x1022.jpg 1536w, https:\/\/www.azelot.fr\/wp-content\/uploads\/2019\/11\/PB112130_c-2048x1363.jpg 2048w, https:\/\/www.azelot.fr\/wp-content\/uploads\/2019\/11\/PB112130_c-1170x779.jpg 1170w\" sizes=\"auto, (max-width: 1024px) 100vw, 1024px\" \/><\/a>\n\t\t\t<\/dt><\/dl><dl class='gallery-item'>\n\t\t\t<dt class='gallery-icon landscape'>\n\t\t\t\t<a href='https:\/\/www.azelot.fr\/wp-content\/uploads\/2019\/11\/PB112172_c-scaled.jpg' title=\"\" data-rl_title=\"\" class=\"rl-gallery-link\" data-rl_caption=\"\" data-rel=\"lightbox-gallery-1\"><img loading=\"lazy\" decoding=\"async\" width=\"1024\" height=\"603\" src=\"https:\/\/www.azelot.fr\/wp-content\/uploads\/2019\/11\/PB112172_c-1024x603.jpg\" class=\"attachment-large size-large\" alt=\"\" srcset=\"https:\/\/www.azelot.fr\/wp-content\/uploads\/2019\/11\/PB112172_c-1024x603.jpg 1024w, https:\/\/www.azelot.fr\/wp-content\/uploads\/2019\/11\/PB112172_c-300x177.jpg 300w, https:\/\/www.azelot.fr\/wp-content\/uploads\/2019\/11\/PB112172_c-768x452.jpg 768w, https:\/\/www.azelot.fr\/wp-content\/uploads\/2019\/11\/PB112172_c-1536x904.jpg 1536w, https:\/\/www.azelot.fr\/wp-content\/uploads\/2019\/11\/PB112172_c-2048x1205.jpg 2048w, https:\/\/www.azelot.fr\/wp-content\/uploads\/2019\/11\/PB112172_c-1170x689.jpg 1170w\" sizes=\"auto, (max-width: 1024px) 100vw, 1024px\" \/><\/a>\n\t\t\t<\/dt><\/dl><br style=\"clear: both\" \/><dl class='gallery-item'>\n\t\t\t<dt class='gallery-icon landscape'>\n\t\t\t\t<a href='https:\/\/www.azelot.fr\/wp-content\/uploads\/2019\/11\/PB112169_c-scaled.jpg' title=\"\" data-rl_title=\"\" class=\"rl-gallery-link\" data-rl_caption=\"\" data-rel=\"lightbox-gallery-1\"><img loading=\"lazy\" decoding=\"async\" width=\"1024\" height=\"551\" src=\"https:\/\/www.azelot.fr\/wp-content\/uploads\/2019\/11\/PB112169_c-1024x551.jpg\" class=\"attachment-large size-large\" alt=\"\" srcset=\"https:\/\/www.azelot.fr\/wp-content\/uploads\/2019\/11\/PB112169_c-1024x551.jpg 1024w, https:\/\/www.azelot.fr\/wp-content\/uploads\/2019\/11\/PB112169_c-300x161.jpg 300w, https:\/\/www.azelot.fr\/wp-content\/uploads\/2019\/11\/PB112169_c-768x413.jpg 768w, https:\/\/www.azelot.fr\/wp-content\/uploads\/2019\/11\/PB112169_c-1536x827.jpg 1536w, https:\/\/www.azelot.fr\/wp-content\/uploads\/2019\/11\/PB112169_c-2048x1102.jpg 2048w, https:\/\/www.azelot.fr\/wp-content\/uploads\/2019\/11\/PB112169_c-1170x630.jpg 1170w\" sizes=\"auto, (max-width: 1024px) 100vw, 1024px\" \/><\/a>\n\t\t\t<\/dt><\/dl><dl class='gallery-item'>\n\t\t\t<dt class='gallery-icon landscape'>\n\t\t\t\t<a href='https:\/\/www.azelot.fr\/wp-content\/uploads\/2019\/11\/PB112144_c-scaled-e1574634802844.jpg' title=\"\" data-rl_title=\"\" class=\"rl-gallery-link\" data-rl_caption=\"\" data-rel=\"lightbox-gallery-1\"><img loading=\"lazy\" decoding=\"async\" width=\"1024\" height=\"504\" src=\"https:\/\/www.azelot.fr\/wp-content\/uploads\/2019\/11\/PB112144_c-1024x504.jpg\" class=\"attachment-large size-large\" alt=\"\" srcset=\"https:\/\/www.azelot.fr\/wp-content\/uploads\/2019\/11\/PB112144_c-1024x504.jpg 1024w, https:\/\/www.azelot.fr\/wp-content\/uploads\/2019\/11\/PB112144_c-300x148.jpg 300w, https:\/\/www.azelot.fr\/wp-content\/uploads\/2019\/11\/PB112144_c-768x378.jpg 768w, https:\/\/www.azelot.fr\/wp-content\/uploads\/2019\/11\/PB112144_c-1536x757.jpg 1536w, https:\/\/www.azelot.fr\/wp-content\/uploads\/2019\/11\/PB112144_c-2048x1009.jpg 2048w, https:\/\/www.azelot.fr\/wp-content\/uploads\/2019\/11\/PB112144_c-1170x576.jpg 1170w\" sizes=\"auto, (max-width: 1024px) 100vw, 1024px\" \/><\/a>\n\t\t\t<\/dt><\/dl><br style=\"clear: both\" \/>\n\t\t<\/div>\n\n<p>Un film pr\u00e9sentait en boucle des photos des r\u00e9alisations de l&rsquo;ann\u00e9e, avec plans larges et d\u00e9tails. Il incluait des images de 2 \u00e9v\u00e9nements exceptionnels qui ont marqu\u00e9 la vie du village cette ann\u00e9e : les 70 ans des \u00ab\u00a0Foyers ruraux du d\u00e9partement 54\u00a0\u00bb f\u00eat\u00e9s \u00e0 Azelot, et les \u00ab\u00a030 ans du Foyer rural d&rsquo;Azelot\u00a0\u00bb.<\/p>\n<p style=\"text-align: center;\">Bravo \u00e0 toutes et \u00e0 tous pour ce \u00ab\u00a0faire ensemble\u00a0\u00bb et ce \u00ab\u00a0vivre ensemble\u00a0\u00bb.<\/p>\n","protected":false},"excerpt":{"rendered":"<p>Apr\u00e8s la c\u00e9r\u00e9monie de comm\u00e9moration de l\u2019armistice du 11 novembre 1918, la remise des prix du concours des maisons fleuries d\u2019Azelot a eu lieu dans la salle communale, qui accueillait aussi une exposition sur l\u2019histoire de l\u2019a\u00e9rodrome d\u2019Azelot. Les b\u00e9n\u00e9voles&#8230;<br \/><a class=\"read-more-button\" href=\"https:\/\/www.azelot.fr\/?p=9115\">Savoir plus<\/a><\/p>\n","protected":false},"author":12,"featured_media":0,"comment_status":"open","ping_status":"open","sticky":false,"template":"","format":"standard","meta":{"activitypub_content_warning":"","activitypub_content_visibility":"","activitypub_max_image_attachments":4,"activitypub_interaction_policy_quote":"","activitypub_status":"","footnotes":""},"categories":[4],"tags":[125],"class_list":["post-9115","post","type-post","status-publish","format-standard","hentry","category-mairie","tag-fleurissement"],"_links":{"self":[{"href":"https:\/\/www.azelot.fr\/index.php?rest_route=\/wp\/v2\/posts\/9115","targetHints":{"allow":["GET"]}}],"collection":[{"href":"https:\/\/www.azelot.fr\/index.php?rest_route=\/wp\/v2\/posts"}],"about":[{"href":"https:\/\/www.azelot.fr\/index.php?rest_route=\/wp\/v2\/types\/post"}],"author":[{"embeddable":true,"href":"https:\/\/www.azelot.fr\/index.php?rest_route=\/wp\/v2\/users\/12"}],"replies":[{"embeddable":true,"href":"https:\/\/www.azelot.fr\/index.php?rest_route=%2Fwp%2Fv2%2Fcomments&post=9115"}],"version-history":[{"count":14,"href":"https:\/\/www.azelot.fr\/index.php?rest_route=\/wp\/v2\/posts\/9115\/revisions"}],"predecessor-version":[{"id":9265,"href":"https:\/\/www.azelot.fr\/index.php?rest_route=\/wp\/v2\/posts\/9115\/revisions\/9265"}],"wp:attachment":[{"href":"https:\/\/www.azelot.fr\/index.php?rest_route=%2Fwp%2Fv2%2Fmedia&parent=9115"}],"wp:term":[{"taxonomy":"category","embeddable":true,"href":"https:\/\/www.azelot.fr\/index.php?rest_route=%2Fwp%2Fv2%2Fcategories&post=9115"},{"taxonomy":"post_tag","embeddable":true,"href":"https:\/\/www.azelot.fr\/index.php?rest_route=%2Fwp%2Fv2%2Ftags&post=9115"}],"curies":[{"name":"wp","href":"https:\/\/api.w.org\/{rel}","templated":true}]}}