{"id":9092,"date":"2019-11-11T21:07:44","date_gmt":"2019-11-11T20:07:44","guid":{"rendered":"http:\/\/www.azelot.fr\/?p=9092"},"modified":"2019-11-12T05:13:54","modified_gmt":"2019-11-12T04:13:54","slug":"commemoration-du-11-novembre-2019-frisquet-mais-populaire","status":"publish","type":"post","link":"https:\/\/www.azelot.fr\/?p=9092","title":{"rendered":"Comm\u00e9moration du 11 novembre 2019, frisquet, mais populaire"},"content":{"rendered":"<p>Malgr\u00e9 les 2 degr\u00e9s au dessus de z\u00e9ro et un vent frisquet, une soixantaine de personnes avaient r\u00e9pondu \u00e0 l&rsquo;appel de la mairie pour la comm\u00e9moration patriotique du 11 novembre.<\/p>\n<div id=\"attachment_9095\" style=\"width: 1034px\" class=\"wp-caption aligncenter\"><a href=\"https:\/\/www.azelot.fr\/?attachment_id=9095\" rel=\"attachment wp-att-9095\"><img loading=\"lazy\" decoding=\"async\" aria-describedby=\"caption-attachment-9095\" class=\"size-large wp-image-9095\" src=\"https:\/\/www.azelot.fr\/wp-content\/uploads\/2019\/11\/PB113706-1024x768.jpg\" alt=\"\" width=\"1024\" height=\"768\" srcset=\"https:\/\/www.azelot.fr\/wp-content\/uploads\/2019\/11\/PB113706-1024x768.jpg 1024w, https:\/\/www.azelot.fr\/wp-content\/uploads\/2019\/11\/PB113706-300x225.jpg 300w, https:\/\/www.azelot.fr\/wp-content\/uploads\/2019\/11\/PB113706-768x576.jpg 768w, https:\/\/www.azelot.fr\/wp-content\/uploads\/2019\/11\/PB113706-1170x878.jpg 1170w\" sizes=\"auto, (max-width: 1024px) 100vw, 1024px\" \/><\/a><p id=\"caption-attachment-9095\" class=\"wp-caption-text\">L&rsquo;assistance autour du monument aux morts<\/p><\/div>\n<p>Le cort\u00e8ge est parti au son des cloches de la mairie pour se rendre au monument aux morts.<\/p>\n<div id=\"attachment_9096\" style=\"width: 1034px\" class=\"wp-caption aligncenter\"><a href=\"https:\/\/www.azelot.fr\/?attachment_id=9096\" rel=\"attachment wp-att-9096\"><img loading=\"lazy\" decoding=\"async\" aria-describedby=\"caption-attachment-9096\" class=\"size-large wp-image-9096\" src=\"https:\/\/www.azelot.fr\/wp-content\/uploads\/2019\/11\/PB113696-1024x768.jpg\" alt=\"\" width=\"1024\" height=\"768\" srcset=\"https:\/\/www.azelot.fr\/wp-content\/uploads\/2019\/11\/PB113696-1024x768.jpg 1024w, https:\/\/www.azelot.fr\/wp-content\/uploads\/2019\/11\/PB113696-300x225.jpg 300w, https:\/\/www.azelot.fr\/wp-content\/uploads\/2019\/11\/PB113696-768x576.jpg 768w, https:\/\/www.azelot.fr\/wp-content\/uploads\/2019\/11\/PB113696-1170x878.jpg 1170w\" sizes=\"auto, (max-width: 1024px) 100vw, 1024px\" \/><\/a><p id=\"caption-attachment-9096\" class=\"wp-caption-text\">Le cort\u00e8ge quitte la mairie<\/p><\/div>\n<p>La gerbe communale fut d\u00e9pos\u00e9e par Gilbert et des enfants du village.<\/p>\n<div id=\"attachment_9097\" style=\"width: 1034px\" class=\"wp-caption aligncenter\"><a href=\"https:\/\/www.azelot.fr\/?attachment_id=9097\" rel=\"attachment wp-att-9097\"><img loading=\"lazy\" decoding=\"async\" aria-describedby=\"caption-attachment-9097\" class=\"size-large wp-image-9097\" src=\"https:\/\/www.azelot.fr\/wp-content\/uploads\/2019\/11\/PB113704-1024x768.jpg\" alt=\"\" width=\"1024\" height=\"768\" srcset=\"https:\/\/www.azelot.fr\/wp-content\/uploads\/2019\/11\/PB113704-1024x768.jpg 1024w, https:\/\/www.azelot.fr\/wp-content\/uploads\/2019\/11\/PB113704-300x225.jpg 300w, https:\/\/www.azelot.fr\/wp-content\/uploads\/2019\/11\/PB113704-768x576.jpg 768w, https:\/\/www.azelot.fr\/wp-content\/uploads\/2019\/11\/PB113704-1170x878.jpg 1170w\" sizes=\"auto, (max-width: 1024px) 100vw, 1024px\" \/><\/a><p id=\"caption-attachment-9097\" class=\"wp-caption-text\">D\u00e9p\u00f4t de la gerbe<\/p><\/div>\n<p>Vint le moment de la lecture du discours de la Secr\u00e9taire d&rsquo;Etat aupr\u00e8s de la Ministre aux Arm\u00e9es. Nouveaut\u00e9, furent lus les noms des 5 soldats morts en \u00ab\u00a0op\u00e9ration ext\u00e9rieure\u00a0\u00bb en cette ann\u00e9e 2019.<\/p>\n<div id=\"attachment_9098\" style=\"width: 778px\" class=\"wp-caption aligncenter\"><a href=\"https:\/\/www.azelot.fr\/?attachment_id=9098\" rel=\"attachment wp-att-9098\"><img loading=\"lazy\" decoding=\"async\" aria-describedby=\"caption-attachment-9098\" class=\"size-large wp-image-9098\" src=\"https:\/\/www.azelot.fr\/wp-content\/uploads\/2019\/11\/PB113712-e1573503653664-768x1024.jpg\" alt=\"\" width=\"768\" height=\"1024\" srcset=\"https:\/\/www.azelot.fr\/wp-content\/uploads\/2019\/11\/PB113712-e1573503653664-768x1024.jpg 768w, https:\/\/www.azelot.fr\/wp-content\/uploads\/2019\/11\/PB113712-e1573503653664-225x300.jpg 225w, https:\/\/www.azelot.fr\/wp-content\/uploads\/2019\/11\/PB113712-e1573503653664-1170x1560.jpg 1170w\" sizes=\"auto, (max-width: 768px) 100vw, 768px\" \/><\/a><p id=\"caption-attachment-9098\" class=\"wp-caption-text\">Lecture du discours de la secr\u00e9taire d&rsquo;\u00e9tat<\/p><\/div>\n<p>La minute de silence traditionnelle fut pr\u00e9c\u00e9d\u00e9e des noms des morts pour la France grav\u00e9s sur le monument aux morts.<\/p>\n<p style=\"text-align: left;\">Le pot de l&rsquo;amiti\u00e9 fut pris dans une salle communale.<\/p>\n<div id=\"attachment_9099\" style=\"width: 1034px\" class=\"wp-caption aligncenter\"><a href=\"https:\/\/www.azelot.fr\/?attachment_id=9099\" rel=\"attachment wp-att-9099\"><img loading=\"lazy\" decoding=\"async\" aria-describedby=\"caption-attachment-9099\" class=\"size-large wp-image-9099\" src=\"https:\/\/www.azelot.fr\/wp-content\/uploads\/2019\/11\/PB113734-1024x768.jpg\" alt=\"\" width=\"1024\" height=\"768\" srcset=\"https:\/\/www.azelot.fr\/wp-content\/uploads\/2019\/11\/PB113734-1024x768.jpg 1024w, https:\/\/www.azelot.fr\/wp-content\/uploads\/2019\/11\/PB113734-300x225.jpg 300w, https:\/\/www.azelot.fr\/wp-content\/uploads\/2019\/11\/PB113734-768x576.jpg 768w, https:\/\/www.azelot.fr\/wp-content\/uploads\/2019\/11\/PB113734-1170x878.jpg 1170w\" sizes=\"auto, (max-width: 1024px) 100vw, 1024px\" \/><\/a><p id=\"caption-attachment-9099\" class=\"wp-caption-text\">Le pot de l&rsquo;amiti\u00e9<\/p><\/div>\n<div id=\"blinkextension_snap_links_box_mg_mouse_gestures\" style=\"background-color: rgba(250, 128, 0, 0.07); border: 3px dashed blue; box-sizing: border-box; position: absolute; z-index: 2147483647; display: none; left: 56px; top: 3362px;\"><\/div>\n<div id=\"hit_a_link_blinkextension_container_mg_mouse_gestures\" style=\"display: none; position: absolute; left: 0px; top: 0px; width: 0px; height: 0px; z-index: 2147483647; background: rgba(0, 0, 0, 0) none repeat scroll 0% 0%;\"><\/div>\n","protected":false},"excerpt":{"rendered":"<p>Malgr\u00e9 les 2 degr\u00e9s au dessus de z\u00e9ro et un vent frisquet, une soixantaine de personnes avaient r\u00e9pondu \u00e0 l&rsquo;appel de la mairie pour la comm\u00e9moration patriotique du 11 novembre. Le cort\u00e8ge est parti au son des cloches de la&#8230;<br \/><a class=\"read-more-button\" href=\"https:\/\/www.azelot.fr\/?p=9092\">Savoir plus<\/a><\/p>\n","protected":false},"author":4,"featured_media":0,"comment_status":"open","ping_status":"open","sticky":false,"template":"","format":"standard","meta":{"activitypub_content_warning":"","activitypub_content_visibility":"","activitypub_max_image_attachments":4,"activitypub_interaction_policy_quote":"","activitypub_status":"","footnotes":""},"categories":[4],"tags":[98,97],"class_list":["post-9092","post","type-post","status-publish","format-standard","hentry","category-mairie","tag-11-novembre","tag-commemoration"],"_links":{"self":[{"href":"https:\/\/www.azelot.fr\/index.php?rest_route=\/wp\/v2\/posts\/9092","targetHints":{"allow":["GET"]}}],"collection":[{"href":"https:\/\/www.azelot.fr\/index.php?rest_route=\/wp\/v2\/posts"}],"about":[{"href":"https:\/\/www.azelot.fr\/index.php?rest_route=\/wp\/v2\/types\/post"}],"author":[{"embeddable":true,"href":"https:\/\/www.azelot.fr\/index.php?rest_route=\/wp\/v2\/users\/4"}],"replies":[{"embeddable":true,"href":"https:\/\/www.azelot.fr\/index.php?rest_route=%2Fwp%2Fv2%2Fcomments&post=9092"}],"version-history":[{"count":6,"href":"https:\/\/www.azelot.fr\/index.php?rest_route=\/wp\/v2\/posts\/9092\/revisions"}],"predecessor-version":[{"id":9103,"href":"https:\/\/www.azelot.fr\/index.php?rest_route=\/wp\/v2\/posts\/9092\/revisions\/9103"}],"wp:attachment":[{"href":"https:\/\/www.azelot.fr\/index.php?rest_route=%2Fwp%2Fv2%2Fmedia&parent=9092"}],"wp:term":[{"taxonomy":"category","embeddable":true,"href":"https:\/\/www.azelot.fr\/index.php?rest_route=%2Fwp%2Fv2%2Fcategories&post=9092"},{"taxonomy":"post_tag","embeddable":true,"href":"https:\/\/www.azelot.fr\/index.php?rest_route=%2Fwp%2Fv2%2Ftags&post=9092"}],"curies":[{"name":"wp","href":"https:\/\/api.w.org\/{rel}","templated":true}]}}