{"id":9076,"date":"2019-11-03T17:44:59","date_gmt":"2019-11-03T16:44:59","guid":{"rendered":"http:\/\/www.azelot.fr\/?p=9076"},"modified":"2019-11-03T17:44:59","modified_gmt":"2019-11-03T16:44:59","slug":"30-ans-du-foyer-le-film","status":"publish","type":"post","link":"https:\/\/www.azelot.fr\/?p=9076","title":{"rendered":"30 ans du Foyer le film"},"content":{"rendered":"<p>\u00c0 l&rsquo;occasion de la f\u00eate des 30 ans du Foyer Rural, Marie-Pierre Forget et Franck All\u00e8gre sont all\u00e9s \u00e0 la rencontre des membres du Foyer, pass\u00e9s et pr\u00e9sents, et des habitants du village. De ces entretiens est n\u00e9 un film qui raconte une partie de l&rsquo;histoire de notre Foyer et les sentiments que lui inspirent aujourd&rsquo;hui son action. Pour ceux qui n&rsquo;auraient pas pu assister \u00e0 la projection du samedi 28 septembre, voici le film dans son int\u00e9gralit\u00e9. Bon visionnage !<\/p>\n<p><iframe loading=\"lazy\" src=\"https:\/\/player.vimeo.com\/video\/370265400\" width=\"1280\" height=\"720\" frameborder=\"0\" allowfullscreen=\"allowfullscreen\"><\/iframe><\/p>\n","protected":false},"excerpt":{"rendered":"<p>\u00c0 l&rsquo;occasion de la f\u00eate des 30 ans du Foyer Rural, Marie-Pierre Forget et Franck All\u00e8gre sont all\u00e9s \u00e0 la rencontre des membres du Foyer, pass\u00e9s et pr\u00e9sents, et des habitants du village. De ces entretiens est n\u00e9 un film&#8230;<br \/><a class=\"read-more-button\" href=\"https:\/\/www.azelot.fr\/?p=9076\">Savoir plus<\/a><\/p>\n","protected":false},"author":3,"featured_media":0,"comment_status":"open","ping_status":"open","sticky":false,"template":"","format":"standard","meta":{"activitypub_content_warning":"","activitypub_content_visibility":"","activitypub_max_image_attachments":4,"activitypub_interaction_policy_quote":"","activitypub_status":"","footnotes":""},"categories":[5],"tags":[],"class_list":["post-9076","post","type-post","status-publish","format-standard","hentry","category-foyer-rural"],"_links":{"self":[{"href":"https:\/\/www.azelot.fr\/index.php?rest_route=\/wp\/v2\/posts\/9076","targetHints":{"allow":["GET"]}}],"collection":[{"href":"https:\/\/www.azelot.fr\/index.php?rest_route=\/wp\/v2\/posts"}],"about":[{"href":"https:\/\/www.azelot.fr\/index.php?rest_route=\/wp\/v2\/types\/post"}],"author":[{"embeddable":true,"href":"https:\/\/www.azelot.fr\/index.php?rest_route=\/wp\/v2\/users\/3"}],"replies":[{"embeddable":true,"href":"https:\/\/www.azelot.fr\/index.php?rest_route=%2Fwp%2Fv2%2Fcomments&post=9076"}],"version-history":[{"count":1,"href":"https:\/\/www.azelot.fr\/index.php?rest_route=\/wp\/v2\/posts\/9076\/revisions"}],"predecessor-version":[{"id":9077,"href":"https:\/\/www.azelot.fr\/index.php?rest_route=\/wp\/v2\/posts\/9076\/revisions\/9077"}],"wp:attachment":[{"href":"https:\/\/www.azelot.fr\/index.php?rest_route=%2Fwp%2Fv2%2Fmedia&parent=9076"}],"wp:term":[{"taxonomy":"category","embeddable":true,"href":"https:\/\/www.azelot.fr\/index.php?rest_route=%2Fwp%2Fv2%2Fcategories&post=9076"},{"taxonomy":"post_tag","embeddable":true,"href":"https:\/\/www.azelot.fr\/index.php?rest_route=%2Fwp%2Fv2%2Ftags&post=9076"}],"curies":[{"name":"wp","href":"https:\/\/api.w.org\/{rel}","templated":true}]}}