{"id":8872,"date":"2019-08-27T16:02:22","date_gmt":"2019-08-27T14:02:22","guid":{"rendered":"http:\/\/www.azelot.fr\/?p=8872"},"modified":"2019-08-27T16:11:48","modified_gmt":"2019-08-27T14:11:48","slug":"alerte-secheresse-utilisation-deau-restreinte-sur-notre-commune","status":"publish","type":"post","link":"https:\/\/www.azelot.fr\/?p=8872","title":{"rendered":"Alerte s\u00e9cheresse. Utilisation d&rsquo;eau restreinte sur notre commune."},"content":{"rendered":"<p>La Meurthe-et-Moselle est plac\u00e9e\u00a0en <strong>alerte s\u00e9cheresse <\/strong>par la Pr\u00e9fecture, au vue des fortes chaleurs et du manque de pluies.<\/p>\n<p>Cons\u00e9quences\u00a0:<br \/>\n&#8211; tout pr\u00e9l\u00e8vement dans des cours d&rsquo;eau \u00e0 des fins non autoris\u00e9es est interdit.<br \/>\n&#8211; <strong>Interdiction \u00e9galement d&rsquo;arroser<\/strong> les jardins, pelouses, potagers, massifs floraux, espaces verts et espaces sportifs de 9h \u00e0 20h, <strong>&#8211; Interdiction de laver son v\u00e9hicule<\/strong> \u00e0 domicile.<br \/>\n&#8211; <strong>Interdiction<\/strong> <strong>de remplir une piscine<\/strong> priv\u00e9e.<\/p>\n<p>Ces mesures &#8211; qui concernent aussi bien les particuliers que les agriculteurs, les industriels et les collectivit\u00e9s &#8211; sont en place jusqu&rsquo;\u00e0 nouvel ordre. Les contrevenants s&rsquo;exposent \u00e0 une <strong>amende pouvant aller jusqu&rsquo;\u00e0 1\u00a0500\u20ac<\/strong>.<\/p>\n","protected":false},"excerpt":{"rendered":"<p>La Meurthe-et-Moselle est plac\u00e9e\u00a0en alerte s\u00e9cheresse par la Pr\u00e9fecture, au vue des fortes chaleurs et du manque de pluies. Cons\u00e9quences\u00a0: &#8211; tout pr\u00e9l\u00e8vement dans des cours d&rsquo;eau \u00e0 des fins non autoris\u00e9es est interdit. &#8211; Interdiction \u00e9galement d&rsquo;arroser les jardins,&#8230;<br \/><a class=\"read-more-button\" href=\"https:\/\/www.azelot.fr\/?p=8872\">Savoir plus<\/a><\/p>\n","protected":false},"author":4,"featured_media":0,"comment_status":"open","ping_status":"open","sticky":false,"template":"","format":"standard","meta":{"activitypub_content_warning":"","activitypub_content_visibility":"","activitypub_max_image_attachments":4,"activitypub_interaction_policy_quote":"","activitypub_status":"","footnotes":""},"categories":[5],"tags":[],"class_list":["post-8872","post","type-post","status-publish","format-standard","hentry","category-foyer-rural"],"_links":{"self":[{"href":"https:\/\/www.azelot.fr\/index.php?rest_route=\/wp\/v2\/posts\/8872","targetHints":{"allow":["GET"]}}],"collection":[{"href":"https:\/\/www.azelot.fr\/index.php?rest_route=\/wp\/v2\/posts"}],"about":[{"href":"https:\/\/www.azelot.fr\/index.php?rest_route=\/wp\/v2\/types\/post"}],"author":[{"embeddable":true,"href":"https:\/\/www.azelot.fr\/index.php?rest_route=\/wp\/v2\/users\/4"}],"replies":[{"embeddable":true,"href":"https:\/\/www.azelot.fr\/index.php?rest_route=%2Fwp%2Fv2%2Fcomments&post=8872"}],"version-history":[{"count":1,"href":"https:\/\/www.azelot.fr\/index.php?rest_route=\/wp\/v2\/posts\/8872\/revisions"}],"predecessor-version":[{"id":8873,"href":"https:\/\/www.azelot.fr\/index.php?rest_route=\/wp\/v2\/posts\/8872\/revisions\/8873"}],"wp:attachment":[{"href":"https:\/\/www.azelot.fr\/index.php?rest_route=%2Fwp%2Fv2%2Fmedia&parent=8872"}],"wp:term":[{"taxonomy":"category","embeddable":true,"href":"https:\/\/www.azelot.fr\/index.php?rest_route=%2Fwp%2Fv2%2Fcategories&post=8872"},{"taxonomy":"post_tag","embeddable":true,"href":"https:\/\/www.azelot.fr\/index.php?rest_route=%2Fwp%2Fv2%2Ftags&post=8872"}],"curies":[{"name":"wp","href":"https:\/\/api.w.org\/{rel}","templated":true}]}}