{"id":8838,"date":"2019-06-20T14:56:47","date_gmt":"2019-06-20T12:56:47","guid":{"rendered":"http:\/\/www.azelot.fr\/?p=8838"},"modified":"2019-06-20T15:00:29","modified_gmt":"2019-06-20T13:00:29","slug":"bal-du-13-juillet-2019","status":"publish","type":"post","link":"https:\/\/www.azelot.fr\/?p=8838","title":{"rendered":"Bal du 13 juillet 2019"},"content":{"rendered":"<p>Azelot se pr\u00e9pare pour la f\u00eate nationale avec son traditionnel bal sous la Halle. Cette ann\u00e9e nous vous proposons une formule repas \u00e0 10\u20ac en pr\u00e9-r\u00e9servation qui comprend viande au choix (c\u00f4te de porc, lard, steak hach\u00e9, chipolata, merguez, blanche), crudit\u00e9s, fromage et glace. Cette formule sera vendue 12\u20ac le jour J avec le choix de viande limit\u00e9 aux seules saucisses. Les r\u00e9servations peuvent se faire \u00e0 la mairie, par mail (sous r\u00e9serve de d\u00e9p\u00f4t d&rsquo;un ch\u00e8que \u00e0 la mairie) ou le samedi 29 juin en 10h et 12h toujours \u00e0 la mairie d&rsquo;Azelot.<br \/>\n<a href=\"https:\/\/www.azelot.fr\/wp-content\/uploads\/2019\/06\/13-juillet-2019.jpg\" data-rel=\"lightbox-gallery-ODdKj8S5\" data-rl_title=\"\" data-rl_caption=\"\" title=\"\"><img loading=\"lazy\" decoding=\"async\" class=\"size-full wp-image-8839 aligncenter\" src=\"https:\/\/www.azelot.fr\/wp-content\/uploads\/2019\/06\/13-juillet-2019.jpg\" alt=\"\" width=\"826\" height=\"1169\" srcset=\"https:\/\/www.azelot.fr\/wp-content\/uploads\/2019\/06\/13-juillet-2019.jpg 826w, https:\/\/www.azelot.fr\/wp-content\/uploads\/2019\/06\/13-juillet-2019-212x300.jpg 212w, https:\/\/www.azelot.fr\/wp-content\/uploads\/2019\/06\/13-juillet-2019-768x1087.jpg 768w, https:\/\/www.azelot.fr\/wp-content\/uploads\/2019\/06\/13-juillet-2019-724x1024.jpg 724w\" sizes=\"auto, (max-width: 826px) 100vw, 826px\" \/><\/a><\/p>\n","protected":false},"excerpt":{"rendered":"<p>Azelot se pr\u00e9pare pour la f\u00eate nationale avec son traditionnel bal sous la Halle. Cette ann\u00e9e nous vous proposons une formule repas \u00e0 10\u20ac en pr\u00e9-r\u00e9servation qui comprend viande au choix (c\u00f4te de porc, lard, steak hach\u00e9, chipolata, merguez, blanche),&#8230;<br \/><a class=\"read-more-button\" href=\"https:\/\/www.azelot.fr\/?p=8838\">Savoir plus<\/a><\/p>\n","protected":false},"author":3,"featured_media":0,"comment_status":"open","ping_status":"open","sticky":false,"template":"","format":"standard","meta":{"activitypub_content_warning":"","activitypub_content_visibility":"","activitypub_max_image_attachments":4,"activitypub_interaction_policy_quote":"","activitypub_status":"","footnotes":""},"categories":[5],"tags":[],"class_list":["post-8838","post","type-post","status-publish","format-standard","hentry","category-foyer-rural"],"_links":{"self":[{"href":"https:\/\/www.azelot.fr\/index.php?rest_route=\/wp\/v2\/posts\/8838","targetHints":{"allow":["GET"]}}],"collection":[{"href":"https:\/\/www.azelot.fr\/index.php?rest_route=\/wp\/v2\/posts"}],"about":[{"href":"https:\/\/www.azelot.fr\/index.php?rest_route=\/wp\/v2\/types\/post"}],"author":[{"embeddable":true,"href":"https:\/\/www.azelot.fr\/index.php?rest_route=\/wp\/v2\/users\/3"}],"replies":[{"embeddable":true,"href":"https:\/\/www.azelot.fr\/index.php?rest_route=%2Fwp%2Fv2%2Fcomments&post=8838"}],"version-history":[{"count":2,"href":"https:\/\/www.azelot.fr\/index.php?rest_route=\/wp\/v2\/posts\/8838\/revisions"}],"predecessor-version":[{"id":8841,"href":"https:\/\/www.azelot.fr\/index.php?rest_route=\/wp\/v2\/posts\/8838\/revisions\/8841"}],"wp:attachment":[{"href":"https:\/\/www.azelot.fr\/index.php?rest_route=%2Fwp%2Fv2%2Fmedia&parent=8838"}],"wp:term":[{"taxonomy":"category","embeddable":true,"href":"https:\/\/www.azelot.fr\/index.php?rest_route=%2Fwp%2Fv2%2Fcategories&post=8838"},{"taxonomy":"post_tag","embeddable":true,"href":"https:\/\/www.azelot.fr\/index.php?rest_route=%2Fwp%2Fv2%2Ftags&post=8838"}],"curies":[{"name":"wp","href":"https:\/\/api.w.org\/{rel}","templated":true}]}}