{"id":8462,"date":"2019-05-22T10:00:39","date_gmt":"2019-05-22T08:00:39","guid":{"rendered":"http:\/\/www.azelot.fr\/?p=8462"},"modified":"2019-05-22T10:03:00","modified_gmt":"2019-05-22T08:03:00","slug":"la-fete-approche-a-grands-pas","status":"publish","type":"post","link":"https:\/\/www.azelot.fr\/?p=8462","title":{"rendered":"La f\u00eate approche \u00e0 grands pas &#8230;"},"content":{"rendered":"<p>Comme vous le savez s\u00fbrement maintenant, Azelot se pr\u00e9pare \u00e0 accueillir la f\u00eate d&rsquo;anniversaire des 70 ans de la F\u00e9d\u00e9ration des Foyers Ruraux de Meurthe et Moselle le 1er juin prochain. Voici le plan mis \u00e0 jour de la f\u00eate pour pouvoir vous rep\u00e9rer :<a href=\"https:\/\/www.azelot.fr\/wp-content\/uploads\/2019\/05\/tractfete-V2.jpg\" data-rel=\"lightbox-gallery-1zjR7myf\" data-rl_title=\"\" data-rl_caption=\"\" title=\"\"><img loading=\"lazy\" decoding=\"async\" class=\"alignnone size-full wp-image-8464\" src=\"https:\/\/www.azelot.fr\/wp-content\/uploads\/2019\/05\/tractfete-V2.jpg\" alt=\"\" width=\"1169\" height=\"826\" srcset=\"https:\/\/www.azelot.fr\/wp-content\/uploads\/2019\/05\/tractfete-V2.jpg 1169w, https:\/\/www.azelot.fr\/wp-content\/uploads\/2019\/05\/tractfete-V2-300x212.jpg 300w, https:\/\/www.azelot.fr\/wp-content\/uploads\/2019\/05\/tractfete-V2-768x543.jpg 768w, https:\/\/www.azelot.fr\/wp-content\/uploads\/2019\/05\/tractfete-V2-1024x724.jpg 1024w\" sizes=\"auto, (max-width: 1169px) 100vw, 1169px\" \/><\/a><\/p>\n<p>Comme vous pouvez le constater de nombreuses attractions vous seront propos\u00e9es et nous aurons besoin de main d\u2019\u0153uvre pour pouvoir tout pr\u00e9parer. Si l&rsquo;envie vous en prend, vous pouvez venir nous rejoindre d\u00e8s samedi 25 mai et toute la semaine du 27 au 31 mai pour donner un coup de main. Que ce soit en installation, d\u00e9coration, pr\u00e9paration, pour 1h ou sur toute une journ\u00e9e, toute aide sera la bienvenue. Vous pouvez vous inscrire sur le site de la f\u00e9d\u00e9ration en remplissant le formulaire en cliquant <a href=\"http:\/\/foyersruraux54.org\/70-ans-de-la-federation-nous-avons-besoin-de-vous\/\" target=\"_blank\" rel=\"noopener noreferrer\">ici<\/a>.<\/p>\n<div id=\"blinkextension_snap_links_box_mg_mouse_gestures\" style=\"background-color: rgba(250, 128, 0, 0.07); border: 3px dashed blue; box-sizing: border-box; position: absolute; z-index: 2147483647; display: none; left: 390px; top: 55px;\"><\/div>\n<div id=\"hit_a_link_blinkextension_container_mg_mouse_gestures\" style=\"display: none; position: absolute; left: 0px; top: 0px; width: 0px; height: 0px; z-index: 2147483647; background: rgba(0, 0, 0, 0) none repeat scroll 0% 0%;\"><\/div>\n<div id=\"blinkextension_snap_links_box_mg_mouse_gestures\" style=\"background-color: rgba(250, 128, 0, 0.07); border: 3px dashed blue; box-sizing: border-box; position: absolute; z-index: 2147483647; display: none; left: 1093px; top: 941px;\"><\/div>\n<div id=\"hit_a_link_blinkextension_container_mg_mouse_gestures\" style=\"display: none; position: absolute; left: 0px; top: 0px; width: 0px; height: 0px; z-index: 2147483647; background: rgba(0, 0, 0, 0) none repeat scroll 0% 0%;\"><\/div>\n","protected":false},"excerpt":{"rendered":"<p>Comme vous le savez s\u00fbrement maintenant, Azelot se pr\u00e9pare \u00e0 accueillir la f\u00eate d&rsquo;anniversaire des 70 ans de la F\u00e9d\u00e9ration des Foyers Ruraux de Meurthe et Moselle le 1er juin prochain. Voici le plan mis \u00e0 jour de la f\u00eate&#8230;<br \/><a class=\"read-more-button\" href=\"https:\/\/www.azelot.fr\/?p=8462\">Savoir plus<\/a><\/p>\n","protected":false},"author":3,"featured_media":0,"comment_status":"open","ping_status":"open","sticky":false,"template":"","format":"standard","meta":{"activitypub_content_warning":"","activitypub_content_visibility":"","activitypub_max_image_attachments":4,"activitypub_interaction_policy_quote":"","activitypub_status":"","footnotes":""},"categories":[5],"tags":[234,235,79,236],"class_list":["post-8462","post","type-post","status-publish","format-standard","hentry","category-foyer-rural","tag-70-ans","tag-federation","tag-fete","tag-foyers-ruraux"],"_links":{"self":[{"href":"https:\/\/www.azelot.fr\/index.php?rest_route=\/wp\/v2\/posts\/8462","targetHints":{"allow":["GET"]}}],"collection":[{"href":"https:\/\/www.azelot.fr\/index.php?rest_route=\/wp\/v2\/posts"}],"about":[{"href":"https:\/\/www.azelot.fr\/index.php?rest_route=\/wp\/v2\/types\/post"}],"author":[{"embeddable":true,"href":"https:\/\/www.azelot.fr\/index.php?rest_route=\/wp\/v2\/users\/3"}],"replies":[{"embeddable":true,"href":"https:\/\/www.azelot.fr\/index.php?rest_route=%2Fwp%2Fv2%2Fcomments&post=8462"}],"version-history":[{"count":2,"href":"https:\/\/www.azelot.fr\/index.php?rest_route=\/wp\/v2\/posts\/8462\/revisions"}],"predecessor-version":[{"id":8466,"href":"https:\/\/www.azelot.fr\/index.php?rest_route=\/wp\/v2\/posts\/8462\/revisions\/8466"}],"wp:attachment":[{"href":"https:\/\/www.azelot.fr\/index.php?rest_route=%2Fwp%2Fv2%2Fmedia&parent=8462"}],"wp:term":[{"taxonomy":"category","embeddable":true,"href":"https:\/\/www.azelot.fr\/index.php?rest_route=%2Fwp%2Fv2%2Fcategories&post=8462"},{"taxonomy":"post_tag","embeddable":true,"href":"https:\/\/www.azelot.fr\/index.php?rest_route=%2Fwp%2Fv2%2Ftags&post=8462"}],"curies":[{"name":"wp","href":"https:\/\/api.w.org\/{rel}","templated":true}]}}