{"id":8448,"date":"2019-05-19T10:51:40","date_gmt":"2019-05-19T08:51:40","guid":{"rendered":"http:\/\/www.azelot.fr\/?p=8448"},"modified":"2019-05-21T18:27:39","modified_gmt":"2019-05-21T16:27:39","slug":"fleurissement-participatif-du-village-une-habitude-qui-dure","status":"publish","type":"post","link":"https:\/\/www.azelot.fr\/?p=8448","title":{"rendered":"Fleurissement participatif du village. Une habitude qui dure&#8230;"},"content":{"rendered":"<p>Azelot, village fleuri, avec une fleur attribu\u00e9e par le Comit\u00e9 des Villes et Villages fleuris, ne d\u00e9roge pas \u00e0 ce qui devient une tradition. L&rsquo;appel aux b\u00e9n\u00e9voles pour le fleurissement des massifs fut un succ\u00e8s.<br \/>\nIl y a une semaine, 5 \u00e9lus s&rsquo;\u00e9taient retrouv\u00e9s aux ateliers municipaux pour la cr\u00e9ation des 30 suspensions. Les jardini\u00e8res et suspensions avaient \u00e9t\u00e9 auparavant pr\u00e9par\u00e9es (nettoyage, d\u00e9coupe et pose de feutrine, mise en place du terreau) par Pascal Ceintre, notre employ\u00e9 communal.<\/p>\n<p>Le samedi 18 mai, 15 b\u00e9n\u00e9voles se sont retrouv\u00e9s devant les ateliers, \u00e0 l&rsquo;appel de Claude Richon, adjoint \u00e0 l&rsquo;environnement. Pour la 11\u00e8me fois (voil\u00e0 un d\u00e9but de tradition), les b\u00e9n\u00e9voles ont \u00e9t\u00e9 appel\u00e9s \u00e0 fleurir le village en une matin\u00e9e.<\/p>\n<p>Deux \u00e9quipes se sont constitu\u00e9es autour d&rsquo;Antoinette Soratroi et de Maria Da Cruz. L&rsquo;efficacit\u00e9 \u00e9tait au rendez-vous. On voit que les ann\u00e9es passant, les connaissances et les r\u00e9flexes sont l\u00e0, car beaucoup d&rsquo;hommes sont des habitu\u00e9s. Il faut dire que les massifs avaient \u00e9t\u00e9 pr\u00e9par\u00e9s par Pascal et Livio dans la semaine qui pr\u00e9c\u00e9dait. Il\u00a0 fallait cr\u00e9er les massifs et \u2026 planter les fleurs. Gilbert s&rsquo;occupait, avec sa bonde, d&rsquo;apporter la quantit\u00e9 d&rsquo;eau n\u00e9cessaire. Quant \u00e0 Claude, dans un \u00e9pisode in\u00e9dit de Kho Lanta, il a d\u00e9coup\u00e9, plant\u00e9 et li\u00e9 des fagots pour prot\u00e9ger des massifs et cr\u00e9er du volume pour les plantes grimpantes.<\/p>\n<p>&nbsp;<\/p>\n<p><a href=\"https:\/\/www.azelot.fr\/wp-content\/uploads\/2019\/05\/20190518_094837-e1558455392670.jpg\" data-rel=\"lightbox-gallery-No6NADeY\" data-rl_title=\"\" data-rl_caption=\"\" title=\"\"><img loading=\"lazy\" decoding=\"async\" class=\"alignnone  wp-image-8454\" src=\"https:\/\/www.azelot.fr\/wp-content\/uploads\/2019\/05\/20190518_094837-e1558455392670-225x300.jpg\" alt=\"\" width=\"730\" height=\"973\" srcset=\"https:\/\/www.azelot.fr\/wp-content\/uploads\/2019\/05\/20190518_094837-e1558455392670-225x300.jpg 225w, https:\/\/www.azelot.fr\/wp-content\/uploads\/2019\/05\/20190518_094837-e1558455392670-768x1024.jpg 768w, https:\/\/www.azelot.fr\/wp-content\/uploads\/2019\/05\/20190518_094837-e1558455392670-1170x1560.jpg 1170w\" sizes=\"auto, (max-width: 730px) 100vw, 730px\" \/><\/a><a href=\"https:\/\/www.azelot.fr\/wp-content\/uploads\/2019\/05\/20190518_092820.jpg\" data-rel=\"lightbox-gallery-No6NADeY\" data-rl_title=\"\" data-rl_caption=\"\" title=\"\"><img loading=\"lazy\" decoding=\"async\" class=\"alignnone  wp-image-8456\" src=\"https:\/\/www.azelot.fr\/wp-content\/uploads\/2019\/05\/20190518_092820-300x225.jpg\" alt=\"\" width=\"732\" height=\"549\" srcset=\"https:\/\/www.azelot.fr\/wp-content\/uploads\/2019\/05\/20190518_092820-300x225.jpg 300w, https:\/\/www.azelot.fr\/wp-content\/uploads\/2019\/05\/20190518_092820-768x576.jpg 768w, https:\/\/www.azelot.fr\/wp-content\/uploads\/2019\/05\/20190518_092820-1024x768.jpg 1024w, https:\/\/www.azelot.fr\/wp-content\/uploads\/2019\/05\/20190518_092820-1170x878.jpg 1170w\" sizes=\"auto, (max-width: 732px) 100vw, 732px\" \/><\/a><\/p>\n<p><a href=\"https:\/\/www.azelot.fr\/wp-content\/uploads\/2019\/05\/20190518_094922-e1558455548147.jpg\" data-rel=\"lightbox-gallery-No6NADeY\" data-rl_title=\"\" data-rl_caption=\"\" title=\"\"><img loading=\"lazy\" decoding=\"async\" class=\"alignnone  wp-image-8457\" src=\"https:\/\/www.azelot.fr\/wp-content\/uploads\/2019\/05\/20190518_094922-e1558455548147-225x300.jpg\" alt=\"\" width=\"428\" height=\"571\" srcset=\"https:\/\/www.azelot.fr\/wp-content\/uploads\/2019\/05\/20190518_094922-e1558455548147-225x300.jpg 225w, https:\/\/www.azelot.fr\/wp-content\/uploads\/2019\/05\/20190518_094922-e1558455548147-768x1024.jpg 768w, https:\/\/www.azelot.fr\/wp-content\/uploads\/2019\/05\/20190518_094922-e1558455548147-1170x1560.jpg 1170w\" sizes=\"auto, (max-width: 428px) 100vw, 428px\" \/><\/a><a href=\"https:\/\/www.azelot.fr\/wp-content\/uploads\/2019\/05\/20190518_100921-e1558455375136.jpg\" data-rel=\"lightbox-gallery-No6NADeY\" data-rl_title=\"\" data-rl_caption=\"\" title=\"\"><img loading=\"lazy\" decoding=\"async\" class=\"alignnone  wp-image-8453\" src=\"https:\/\/www.azelot.fr\/wp-content\/uploads\/2019\/05\/20190518_100921-e1558455375136-225x300.jpg\" alt=\"\" width=\"430\" height=\"573\" srcset=\"https:\/\/www.azelot.fr\/wp-content\/uploads\/2019\/05\/20190518_100921-e1558455375136-225x300.jpg 225w, https:\/\/www.azelot.fr\/wp-content\/uploads\/2019\/05\/20190518_100921-e1558455375136-768x1024.jpg 768w, https:\/\/www.azelot.fr\/wp-content\/uploads\/2019\/05\/20190518_100921-e1558455375136-1170x1560.jpg 1170w\" sizes=\"auto, (max-width: 430px) 100vw, 430px\" \/><\/a><\/p>\n<p>Une rencontre inattendue. Bartholomeu, jeune polonais, traversait \u00e0 pieds notre village, portant son sac \u00e0 dos de plus de 20 kilos (on l&rsquo;a soupes\u00e9\u2026). Venu de Wroclaw,\u00a0 il se rendait \u00e0 V\u00e9zelay. Parti depuis 6 semaines, il venait de dormir \u00e0 Manoncourt sous la tente. Son objectif, bourdon \u00e0 la main et coquille autour du cou : Saint-Jacques-de-Compostelle. Il esp\u00e8re y \u00eatre pour la mi-juillet. Nous avons discut\u00e9, autour d&rsquo;un verre de jus de pommes, offert par R\u00e9mi.<\/p>\n<p>Le travail s&rsquo;est poursuivi dans la bonne humeur.<\/p>\n<p><a href=\"https:\/\/www.azelot.fr\/wp-content\/uploads\/2019\/05\/20190518_121809.jpg\" data-rel=\"lightbox-gallery-No6NADeY\" data-rl_title=\"\" data-rl_caption=\"\" title=\"\"><img loading=\"lazy\" decoding=\"async\" class=\"alignnone  wp-image-8455\" src=\"https:\/\/www.azelot.fr\/wp-content\/uploads\/2019\/05\/20190518_121809-300x225.jpg\" alt=\"\" width=\"859\" height=\"644\" srcset=\"https:\/\/www.azelot.fr\/wp-content\/uploads\/2019\/05\/20190518_121809-300x225.jpg 300w, https:\/\/www.azelot.fr\/wp-content\/uploads\/2019\/05\/20190518_121809-768x576.jpg 768w, https:\/\/www.azelot.fr\/wp-content\/uploads\/2019\/05\/20190518_121809-1024x768.jpg 1024w, https:\/\/www.azelot.fr\/wp-content\/uploads\/2019\/05\/20190518_121809-1170x878.jpg 1170w\" sizes=\"auto, (max-width: 859px) 100vw, 859px\" \/><\/a><\/p>\n<p>Apr\u00e8s les travaux, ce fut l&rsquo;heure de l&rsquo;ap\u00e9ro sous le lavoir. Discussions, plaisanteries et rires ont conclu cette journ\u00e9e qui fut un succ\u00e8s.<\/p>\n","protected":false},"excerpt":{"rendered":"<p>Azelot, village fleuri, avec une fleur attribu\u00e9e par le Comit\u00e9 des Villes et Villages fleuris, ne d\u00e9roge pas \u00e0 ce qui devient une tradition. L&rsquo;appel aux b\u00e9n\u00e9voles pour le fleurissement des massifs fut un succ\u00e8s. Il y a une semaine,&#8230;<br \/><a class=\"read-more-button\" href=\"https:\/\/www.azelot.fr\/?p=8448\">Savoir plus<\/a><\/p>\n","protected":false},"author":4,"featured_media":0,"comment_status":"open","ping_status":"open","sticky":false,"template":"","format":"standard","meta":{"activitypub_content_warning":"","activitypub_content_visibility":"","activitypub_max_image_attachments":4,"activitypub_interaction_policy_quote":"","activitypub_status":"","footnotes":""},"categories":[4],"tags":[126,125],"class_list":["post-8448","post","type-post","status-publish","format-standard","hentry","category-mairie","tag-environnement","tag-fleurissement"],"_links":{"self":[{"href":"https:\/\/www.azelot.fr\/index.php?rest_route=\/wp\/v2\/posts\/8448","targetHints":{"allow":["GET"]}}],"collection":[{"href":"https:\/\/www.azelot.fr\/index.php?rest_route=\/wp\/v2\/posts"}],"about":[{"href":"https:\/\/www.azelot.fr\/index.php?rest_route=\/wp\/v2\/types\/post"}],"author":[{"embeddable":true,"href":"https:\/\/www.azelot.fr\/index.php?rest_route=\/wp\/v2\/users\/4"}],"replies":[{"embeddable":true,"href":"https:\/\/www.azelot.fr\/index.php?rest_route=%2Fwp%2Fv2%2Fcomments&post=8448"}],"version-history":[{"count":4,"href":"https:\/\/www.azelot.fr\/index.php?rest_route=\/wp\/v2\/posts\/8448\/revisions"}],"predecessor-version":[{"id":8460,"href":"https:\/\/www.azelot.fr\/index.php?rest_route=\/wp\/v2\/posts\/8448\/revisions\/8460"}],"wp:attachment":[{"href":"https:\/\/www.azelot.fr\/index.php?rest_route=%2Fwp%2Fv2%2Fmedia&parent=8448"}],"wp:term":[{"taxonomy":"category","embeddable":true,"href":"https:\/\/www.azelot.fr\/index.php?rest_route=%2Fwp%2Fv2%2Fcategories&post=8448"},{"taxonomy":"post_tag","embeddable":true,"href":"https:\/\/www.azelot.fr\/index.php?rest_route=%2Fwp%2Fv2%2Ftags&post=8448"}],"curies":[{"name":"wp","href":"https:\/\/api.w.org\/{rel}","templated":true}]}}