{"id":81,"date":"2011-04-22T18:20:21","date_gmt":"2011-04-22T18:20:21","guid":{"rendered":"http:\/\/test.azelot.fr\/?p=81"},"modified":"2012-04-24T08:29:18","modified_gmt":"2012-04-24T06:29:18","slug":"les-mandolines","status":"publish","type":"post","link":"https:\/\/www.azelot.fr\/?p=81","title":{"rendered":"Les mandolines"},"content":{"rendered":"<p>Le vendredi 15 avril 2011, le foyer rural avait invit\u00e9 l&rsquo;orchestre de mandolines de Jarville \u00e0 se produire dans la salle polyvalente. Il \u00e9tait d\u00e9j\u00e0 venu il y a 2 ans et avait remport\u00e9 un beau succ\u00e8s. Le bouche \u00e0 oreille aidant, nous esp\u00e9rions remplir la salle. H\u00e9las, nous n&rsquo;\u00e9tions que 24 (dont une bonne dizaine d&rsquo;amis des musiciens) \u00e0 applaudir ces talentueux artistes.<!--more--><\/p>\n<p>Le spectacle \u00e9tait de qualit\u00e9, original et l&rsquo;entr\u00e9e symbolique (2 euros), et malgr\u00e9 cela, les habitants d&rsquo;Azelot ne se sont pas d\u00e9plac\u00e9s. Quelles conclusions tirer ?&#8230;<\/p>\n<p>On s&rsquo;est tromp\u00e9 ! Mais que faire pour arracher les gens \u00e0 leur t\u00e9l\u00e9viseur ?&#8230;<\/p>\n<p><a href=\"https:\/\/www.azelot.fr\/wp-content\/uploads\/2012\/04\/006_0.jpg\" data-rel=\"lightbox-gallery-hd2iNXa5\" data-rl_title=\"\" data-rl_caption=\"\"><img loading=\"lazy\" decoding=\"async\" class=\"alignnone size-full wp-image-84\" title=\"\" src=\"https:\/\/www.azelot.fr\/wp-content\/uploads\/2012\/04\/006_0.jpg\" alt=\"\" width=\"650\" height=\"488\" srcset=\"https:\/\/www.azelot.fr\/wp-content\/uploads\/2012\/04\/006_0.jpg 650w, https:\/\/www.azelot.fr\/wp-content\/uploads\/2012\/04\/006_0-300x225.jpg 300w\" sizes=\"auto, (max-width: 650px) 100vw, 650px\" \/><\/a><\/p>\n<p><a href=\"https:\/\/www.azelot.fr\/wp-content\/uploads\/2012\/04\/011_0.jpg\" data-rel=\"lightbox-gallery-hd2iNXa5\" data-rl_title=\"\" data-rl_caption=\"\"><img loading=\"lazy\" decoding=\"async\" class=\"alignnone size-full wp-image-84\" title=\"\" src=\"https:\/\/www.azelot.fr\/wp-content\/uploads\/2012\/04\/011_0.jpg\" alt=\"\" width=\"650\" height=\"488\" \/><\/a><\/p>\n","protected":false},"excerpt":{"rendered":"<p>Le vendredi 15 avril 2011, le foyer rural avait invit\u00e9 l&rsquo;orchestre de mandolines de Jarville \u00e0 se produire dans la salle polyvalente. Il \u00e9tait d\u00e9j\u00e0 venu il y a 2 ans et avait remport\u00e9 un beau succ\u00e8s. Le bouche \u00e0&#8230;<br \/><a class=\"read-more-button\" href=\"https:\/\/www.azelot.fr\/?p=81\">Savoir plus<\/a><\/p>\n","protected":false},"author":2,"featured_media":0,"comment_status":"open","ping_status":"open","sticky":false,"template":"","format":"standard","meta":{"activitypub_content_warning":"","activitypub_content_visibility":"","activitypub_max_image_attachments":4,"activitypub_interaction_policy_quote":"","activitypub_status":"","footnotes":""},"categories":[5],"tags":[11,22,21],"class_list":["post-81","post","type-post","status-publish","format-standard","hentry","category-foyer-rural","tag-compte-rendu","tag-mandolines","tag-musique"],"_links":{"self":[{"href":"https:\/\/www.azelot.fr\/index.php?rest_route=\/wp\/v2\/posts\/81","targetHints":{"allow":["GET"]}}],"collection":[{"href":"https:\/\/www.azelot.fr\/index.php?rest_route=\/wp\/v2\/posts"}],"about":[{"href":"https:\/\/www.azelot.fr\/index.php?rest_route=\/wp\/v2\/types\/post"}],"author":[{"embeddable":true,"href":"https:\/\/www.azelot.fr\/index.php?rest_route=\/wp\/v2\/users\/2"}],"replies":[{"embeddable":true,"href":"https:\/\/www.azelot.fr\/index.php?rest_route=%2Fwp%2Fv2%2Fcomments&post=81"}],"version-history":[{"count":5,"href":"https:\/\/www.azelot.fr\/index.php?rest_route=\/wp\/v2\/posts\/81\/revisions"}],"predecessor-version":[{"id":87,"href":"https:\/\/www.azelot.fr\/index.php?rest_route=\/wp\/v2\/posts\/81\/revisions\/87"}],"wp:attachment":[{"href":"https:\/\/www.azelot.fr\/index.php?rest_route=%2Fwp%2Fv2%2Fmedia&parent=81"}],"wp:term":[{"taxonomy":"category","embeddable":true,"href":"https:\/\/www.azelot.fr\/index.php?rest_route=%2Fwp%2Fv2%2Fcategories&post=81"},{"taxonomy":"post_tag","embeddable":true,"href":"https:\/\/www.azelot.fr\/index.php?rest_route=%2Fwp%2Fv2%2Ftags&post=81"}],"curies":[{"name":"wp","href":"https:\/\/api.w.org\/{rel}","templated":true}]}}