{"id":7864,"date":"2019-01-11T15:37:01","date_gmt":"2019-01-11T14:37:01","guid":{"rendered":"http:\/\/www.azelot.fr\/?p=7864"},"modified":"2019-01-11T15:37:01","modified_gmt":"2019-01-11T14:37:01","slug":"soiree-alsacienne-2019","status":"publish","type":"post","link":"https:\/\/www.azelot.fr\/?p=7864","title":{"rendered":"Soir\u00e9e Alsacienne 2019"},"content":{"rendered":"<p>La soir\u00e9e Alsacienne du Foyer est de retour cette ann\u00e9e encore. Avec de la nouveaut\u00e9 c\u00f4t\u00e9 animation puisqu&rsquo;il s&rsquo;agit d&rsquo;un duo, Karen et St\u00e9phane. Apr\u00e8s l&rsquo;ap\u00e9ritif offert par le Foyer Rural, vous retrouverez le Baeckeoffe comme plat principal suivi du fromage. Le repas se terminera par une bonne tarte aux pommes \u00e0 la mode alsacienne (la fameuse migaine). Le tout sera accompagn\u00e9 par diff\u00e9rents vins typiques comme le pinot noir ou le riesling.<\/p>\n<p>Vous pouvez r\u00e9server encore jusqu&rsquo;\u00e0 lundi soir, alors n&rsquo;h\u00e9sitez pas !<\/p>\n<p>Plus de renseignements dans le tract ci-dessous.<\/p>\n<p><a href=\"https:\/\/www.azelot.fr\/wp-content\/uploads\/2019\/01\/baeckoeffe-2019.png\" data-rel=\"lightbox-gallery-AQvu5Qie\" data-rl_title=\"\" data-rl_caption=\"\" title=\"\"><img loading=\"lazy\" decoding=\"async\" class=\"aligncenter size-large wp-image-7865\" src=\"https:\/\/www.azelot.fr\/wp-content\/uploads\/2019\/01\/baeckoeffe-2019-724x1024.png\" alt=\"\" width=\"724\" height=\"1024\" srcset=\"https:\/\/www.azelot.fr\/wp-content\/uploads\/2019\/01\/baeckoeffe-2019-724x1024.png 724w, https:\/\/www.azelot.fr\/wp-content\/uploads\/2019\/01\/baeckoeffe-2019-212x300.png 212w, https:\/\/www.azelot.fr\/wp-content\/uploads\/2019\/01\/baeckoeffe-2019-768x1087.png 768w, https:\/\/www.azelot.fr\/wp-content\/uploads\/2019\/01\/baeckoeffe-2019.png 826w\" sizes=\"auto, (max-width: 724px) 100vw, 724px\" \/><\/a><\/p>\n<div id=\"blinkextension_snap_links_box_mg_mouse_gestures\" style=\"background-color: rgba(250, 128, 0, 0.07); border: 3px dashed blue; box-sizing: border-box; position: absolute; z-index: 2147483647; display: none; left: 875px; top: 33px;\"><\/div>\n<div id=\"hit_a_link_blinkextension_container_mg_mouse_gestures\" style=\"display: none; position: absolute; left: 0px; top: 0px; width: 0px; height: 0px; z-index: 2147483647; background: rgba(0, 0, 0, 0) none repeat scroll 0% 0%;\"><\/div>\n","protected":false},"excerpt":{"rendered":"<p>La soir\u00e9e Alsacienne du Foyer est de retour cette ann\u00e9e encore. Avec de la nouveaut\u00e9 c\u00f4t\u00e9 animation puisqu&rsquo;il s&rsquo;agit d&rsquo;un duo, Karen et St\u00e9phane. Apr\u00e8s l&rsquo;ap\u00e9ritif offert par le Foyer Rural, vous retrouverez le Baeckeoffe comme plat principal suivi du&#8230;<br \/><a class=\"read-more-button\" href=\"https:\/\/www.azelot.fr\/?p=7864\">Savoir plus<\/a><\/p>\n","protected":false},"author":3,"featured_media":0,"comment_status":"open","ping_status":"open","sticky":false,"template":"","format":"standard","meta":{"activitypub_content_warning":"","activitypub_content_visibility":"","activitypub_max_image_attachments":4,"activitypub_interaction_policy_quote":"","activitypub_status":"","footnotes":""},"categories":[5],"tags":[],"class_list":["post-7864","post","type-post","status-publish","format-standard","hentry","category-foyer-rural"],"_links":{"self":[{"href":"https:\/\/www.azelot.fr\/index.php?rest_route=\/wp\/v2\/posts\/7864","targetHints":{"allow":["GET"]}}],"collection":[{"href":"https:\/\/www.azelot.fr\/index.php?rest_route=\/wp\/v2\/posts"}],"about":[{"href":"https:\/\/www.azelot.fr\/index.php?rest_route=\/wp\/v2\/types\/post"}],"author":[{"embeddable":true,"href":"https:\/\/www.azelot.fr\/index.php?rest_route=\/wp\/v2\/users\/3"}],"replies":[{"embeddable":true,"href":"https:\/\/www.azelot.fr\/index.php?rest_route=%2Fwp%2Fv2%2Fcomments&post=7864"}],"version-history":[{"count":1,"href":"https:\/\/www.azelot.fr\/index.php?rest_route=\/wp\/v2\/posts\/7864\/revisions"}],"predecessor-version":[{"id":7866,"href":"https:\/\/www.azelot.fr\/index.php?rest_route=\/wp\/v2\/posts\/7864\/revisions\/7866"}],"wp:attachment":[{"href":"https:\/\/www.azelot.fr\/index.php?rest_route=%2Fwp%2Fv2%2Fmedia&parent=7864"}],"wp:term":[{"taxonomy":"category","embeddable":true,"href":"https:\/\/www.azelot.fr\/index.php?rest_route=%2Fwp%2Fv2%2Fcategories&post=7864"},{"taxonomy":"post_tag","embeddable":true,"href":"https:\/\/www.azelot.fr\/index.php?rest_route=%2Fwp%2Fv2%2Ftags&post=7864"}],"curies":[{"name":"wp","href":"https:\/\/api.w.org\/{rel}","templated":true}]}}