{"id":7854,"date":"2019-01-10T08:33:44","date_gmt":"2019-01-10T07:33:44","guid":{"rendered":"http:\/\/www.azelot.fr\/?p=7854"},"modified":"2019-01-10T08:33:44","modified_gmt":"2019-01-10T07:33:44","slug":"presentation-de-la-fete-des-70-ans","status":"publish","type":"post","link":"https:\/\/www.azelot.fr\/?p=7854","title":{"rendered":"Pr\u00e9sentation de la F\u00eate des 70 ans"},"content":{"rendered":"<p>Lors de la r\u00e9union de pr\u00e9sentation de la f\u00eate des 70 ans qui a \u00e9t\u00e9 faite la F\u00e9d\u00e9ration des Foyers Ruraux le 15 d\u00e9cembre dernier, un support visuel a \u00e9t\u00e9 utilis\u00e9. Vous pouvez le retrouver ci-dessous afin de vous donner une meilleure id\u00e9e du projet.<\/p>\n<div style=\"width: 800px;\" class=\"wp-video\"><video class=\"wp-video-shortcode\" id=\"video-7854-1\" width=\"800\" height=\"600\" preload=\"metadata\" controls=\"controls\"><source type=\"video\/mp4\" src=\"https:\/\/www.azelot.fr\/wp-content\/uploads\/2019\/01\/fichier-final.mp4?_=1\" \/><a href=\"https:\/\/www.azelot.fr\/wp-content\/uploads\/2019\/01\/fichier-final.mp4\">https:\/\/www.azelot.fr\/wp-content\/uploads\/2019\/01\/fichier-final.mp4<\/a><\/video><\/div>\n<p>Comme indiqu\u00e9 sur le calendrier en fin de pr\u00e9sentation, le week-end des 9 et 10 f\u00e9vrier sera consacr\u00e9 \u00e0 la r\u00e9alisation de plusieurs ateliers. Si vous souhaitez participer, n&rsquo;h\u00e9sitez pas \u00e0 nous contacter !<\/p>\n<div id=\"blinkextension_snap_links_box_mg_mouse_gestures\" style=\"background-color: rgba(250, 128, 0, 0.07); border: 3px dashed blue; box-sizing: border-box; position: absolute; z-index: 2147483647; display: none; left: 13px; top: 495px;\"><\/div>\n<div id=\"hit_a_link_blinkextension_container_mg_mouse_gestures\" style=\"display: none; position: absolute; left: 0px; top: 0px; width: 0px; height: 0px; z-index: 2147483647; background: rgba(0, 0, 0, 0) none repeat scroll 0% 0%;\"><\/div>\n<div id=\"blinkextension_snap_links_box_mg_mouse_gestures\" style=\"background-color: rgba(250, 128, 0, 0.07); border: 3px dashed blue; box-sizing: border-box; position: absolute; z-index: 2147483647; display: none; left: 197px; top: 30px;\"><\/div>\n<div id=\"hit_a_link_blinkextension_container_mg_mouse_gestures\" style=\"display: none; position: absolute; left: 0px; top: 0px; width: 0px; height: 0px; z-index: 2147483647; background: rgba(0, 0, 0, 0) none repeat scroll 0% 0%;\"><\/div>\n<div id=\"blinkextension_snap_links_box_mg_mouse_gestures\" style=\"background-color: rgba(250, 128, 0, 0.07); border: 3px dashed blue; box-sizing: border-box; position: absolute; z-index: 2147483647; display: none; left: 239px; top: 561px;\"><\/div>\n<div id=\"hit_a_link_blinkextension_container_mg_mouse_gestures\" style=\"display: none; position: absolute; left: 0px; top: 0px; width: 0px; height: 0px; z-index: 2147483647; background: rgba(0, 0, 0, 0) none repeat scroll 0% 0%;\"><\/div>\n<div id=\"blinkextension_snap_links_box_mg_mouse_gestures\" style=\"background-color: rgba(250, 128, 0, 0.07); border: 3px dashed blue; box-sizing: border-box; position: absolute; z-index: 2147483647; display: none; left: 354px; top: 59px;\"><\/div>\n<div id=\"hit_a_link_blinkextension_container_mg_mouse_gestures\" style=\"display: none; position: absolute; left: 0px; top: 0px; width: 0px; height: 0px; z-index: 2147483647; background: rgba(0, 0, 0, 0) none repeat scroll 0% 0%;\"><\/div>\n<div id=\"blinkextension_snap_links_box_mg_mouse_gestures\" style=\"background-color: rgba(250, 128, 0, 0.07); border: 3px dashed blue; box-sizing: border-box; position: absolute; z-index: 2147483647; display: none; left: 104px; top: 625px;\"><\/div>\n<div id=\"hit_a_link_blinkextension_container_mg_mouse_gestures\" style=\"display: none; position: absolute; left: 0px; top: 0px; width: 0px; height: 0px; z-index: 2147483647; background: rgba(0, 0, 0, 0) none repeat scroll 0% 0%;\"><\/div>\n","protected":false},"excerpt":{"rendered":"<p>Lors de la r\u00e9union de pr\u00e9sentation de la f\u00eate des 70 ans qui a \u00e9t\u00e9 faite la F\u00e9d\u00e9ration des Foyers Ruraux le 15 d\u00e9cembre dernier, un support visuel a \u00e9t\u00e9 utilis\u00e9. Vous pouvez le retrouver ci-dessous afin de vous donner&#8230;<br \/><a class=\"read-more-button\" href=\"https:\/\/www.azelot.fr\/?p=7854\">Savoir plus<\/a><\/p>\n","protected":false},"author":3,"featured_media":7570,"comment_status":"open","ping_status":"open","sticky":false,"template":"","format":"standard","meta":{"activitypub_content_warning":"","activitypub_content_visibility":"","activitypub_max_image_attachments":4,"activitypub_interaction_policy_quote":"","activitypub_status":"","footnotes":""},"categories":[5],"tags":[],"class_list":["post-7854","post","type-post","status-publish","format-standard","has-post-thumbnail","hentry","category-foyer-rural"],"_links":{"self":[{"href":"https:\/\/www.azelot.fr\/index.php?rest_route=\/wp\/v2\/posts\/7854","targetHints":{"allow":["GET"]}}],"collection":[{"href":"https:\/\/www.azelot.fr\/index.php?rest_route=\/wp\/v2\/posts"}],"about":[{"href":"https:\/\/www.azelot.fr\/index.php?rest_route=\/wp\/v2\/types\/post"}],"author":[{"embeddable":true,"href":"https:\/\/www.azelot.fr\/index.php?rest_route=\/wp\/v2\/users\/3"}],"replies":[{"embeddable":true,"href":"https:\/\/www.azelot.fr\/index.php?rest_route=%2Fwp%2Fv2%2Fcomments&post=7854"}],"version-history":[{"count":7,"href":"https:\/\/www.azelot.fr\/index.php?rest_route=\/wp\/v2\/posts\/7854\/revisions"}],"predecessor-version":[{"id":7862,"href":"https:\/\/www.azelot.fr\/index.php?rest_route=\/wp\/v2\/posts\/7854\/revisions\/7862"}],"wp:featuredmedia":[{"embeddable":true,"href":"https:\/\/www.azelot.fr\/index.php?rest_route=\/wp\/v2\/media\/7570"}],"wp:attachment":[{"href":"https:\/\/www.azelot.fr\/index.php?rest_route=%2Fwp%2Fv2%2Fmedia&parent=7854"}],"wp:term":[{"taxonomy":"category","embeddable":true,"href":"https:\/\/www.azelot.fr\/index.php?rest_route=%2Fwp%2Fv2%2Fcategories&post=7854"},{"taxonomy":"post_tag","embeddable":true,"href":"https:\/\/www.azelot.fr\/index.php?rest_route=%2Fwp%2Fv2%2Ftags&post=7854"}],"curies":[{"name":"wp","href":"https:\/\/api.w.org\/{rel}","templated":true}]}}