{"id":7569,"date":"2018-12-18T11:24:12","date_gmt":"2018-12-18T10:24:12","guid":{"rendered":"http:\/\/www.azelot.fr\/?p=7569"},"modified":"2018-12-18T11:24:12","modified_gmt":"2018-12-18T10:24:12","slug":"70-ans-des-foyers-ruraux-la-fete-se-prepare","status":"publish","type":"post","link":"https:\/\/www.azelot.fr\/?p=7569","title":{"rendered":"70 ans des Foyers Ruraux, la f\u00eate se pr\u00e9pare"},"content":{"rendered":"<p>Le 1er juin 2019 sera marqu\u00e9 par la f\u00eate d&rsquo;anniversaire de la F\u00e9d\u00e9ration des Foyers Ruraux de Meurthe-et-Moselle. Et c&rsquo;est Azelot qui a \u00e9t\u00e9 retenu pour accueillir les festivit\u00e9s. L&rsquo;organisation d&rsquo;un tel \u00e9v\u00e9nement se pr\u00e9pare bien en amont et c&rsquo;est d\u00e8s samedi dernier que les rep\u00e9rages ont commenc\u00e9 dans notre village. Le c\u0153ur ancien de la commune sera le th\u00e9\u00e2tre de nombreux spectacles et animations autour du th\u00e8me de la F\u00eate Foraine. Apr\u00e8s le briefing organis\u00e9 par les repr\u00e9sentants de la f\u00e9d\u00e9ration (St\u00e9phane et Agate), deux groupes ont sillonn\u00e9 le centre du village.<\/p>\n<p><a href=\"https:\/\/www.azelot.fr\/wp-content\/uploads\/2018\/12\/PC152523.jpg\" data-rel=\"lightbox-gallery-LaBKxLeG\" data-rl_title=\"\" data-rl_caption=\"\" title=\"\"><img loading=\"lazy\" decoding=\"async\" class=\"aligncenter size-large wp-image-7567\" src=\"https:\/\/www.azelot.fr\/wp-content\/uploads\/2018\/12\/PC152523-1024x576.jpg\" alt=\"\" width=\"1024\" height=\"576\" srcset=\"https:\/\/www.azelot.fr\/wp-content\/uploads\/2018\/12\/PC152523-1024x576.jpg 1024w, https:\/\/www.azelot.fr\/wp-content\/uploads\/2018\/12\/PC152523-300x169.jpg 300w, https:\/\/www.azelot.fr\/wp-content\/uploads\/2018\/12\/PC152523-768x432.jpg 768w, https:\/\/www.azelot.fr\/wp-content\/uploads\/2018\/12\/PC152523-1170x658.jpg 1170w, https:\/\/www.azelot.fr\/wp-content\/uploads\/2018\/12\/PC152523.jpg 1843w\" sizes=\"auto, (max-width: 1024px) 100vw, 1024px\" \/><\/a>Le premier \u00e9tait charg\u00e9 de m\u00e9trer les diff\u00e9rents lieux pressentis pour accueillir les spectacles.<\/p>\n<p><a href=\"https:\/\/www.azelot.fr\/wp-content\/uploads\/2018\/12\/PC152529.jpg\" data-rel=\"lightbox-gallery-LaBKxLeG\" data-rl_title=\"\" data-rl_caption=\"\" title=\"\"><img loading=\"lazy\" decoding=\"async\" class=\"aligncenter size-large wp-image-7562\" src=\"https:\/\/www.azelot.fr\/wp-content\/uploads\/2018\/12\/PC152529-1024x768.jpg\" alt=\"\" width=\"1024\" height=\"768\" srcset=\"https:\/\/www.azelot.fr\/wp-content\/uploads\/2018\/12\/PC152529-1024x768.jpg 1024w, https:\/\/www.azelot.fr\/wp-content\/uploads\/2018\/12\/PC152529-300x225.jpg 300w, https:\/\/www.azelot.fr\/wp-content\/uploads\/2018\/12\/PC152529-768x576.jpg 768w, https:\/\/www.azelot.fr\/wp-content\/uploads\/2018\/12\/PC152529-1170x877.jpg 1170w, https:\/\/www.azelot.fr\/wp-content\/uploads\/2018\/12\/PC152529.jpg 1843w\" sizes=\"auto, (max-width: 1024px) 100vw, 1024px\" \/><\/a>Le deuxi\u00e8me groupe s&rsquo;est charg\u00e9 de rencontrer les habitants afin de leur expliquer ce qui se pr\u00e9parait et s&rsquo;il pouvait participer en donnant acc\u00e8s \u00e0 certains de leurs b\u00e2timents (des granges surtout).<\/p>\n<p><a href=\"https:\/\/www.azelot.fr\/wp-content\/uploads\/2018\/12\/PC152536.jpg\" data-rel=\"lightbox-gallery-LaBKxLeG\" data-rl_title=\"\" data-rl_caption=\"\" title=\"\"><img loading=\"lazy\" decoding=\"async\" class=\"aligncenter size-large wp-image-7555\" src=\"https:\/\/www.azelot.fr\/wp-content\/uploads\/2018\/12\/PC152536-1024x768.jpg\" alt=\"\" width=\"1024\" height=\"768\" srcset=\"https:\/\/www.azelot.fr\/wp-content\/uploads\/2018\/12\/PC152536-1024x768.jpg 1024w, https:\/\/www.azelot.fr\/wp-content\/uploads\/2018\/12\/PC152536-300x225.jpg 300w, https:\/\/www.azelot.fr\/wp-content\/uploads\/2018\/12\/PC152536-768x576.jpg 768w, https:\/\/www.azelot.fr\/wp-content\/uploads\/2018\/12\/PC152536-1170x877.jpg 1170w, https:\/\/www.azelot.fr\/wp-content\/uploads\/2018\/12\/PC152536.jpg 1843w\" sizes=\"auto, (max-width: 1024px) 100vw, 1024px\" \/><\/a>Apr\u00e8s deux heures de p\u00e9r\u00e9grinations dans le village, tout le monde s&rsquo;est retrouv\u00e9 \u00e0 la salle communale pour d\u00e9briefer et accueillir les villageois curieux de savoir ce qui se tramait.<\/p>\n<p><a href=\"https:\/\/www.azelot.fr\/wp-content\/uploads\/2018\/12\/PC152540.jpg\" data-rel=\"lightbox-gallery-LaBKxLeG\" data-rl_title=\"\" data-rl_caption=\"\" title=\"\"><img loading=\"lazy\" decoding=\"async\" class=\"aligncenter size-large wp-image-7552\" src=\"https:\/\/www.azelot.fr\/wp-content\/uploads\/2018\/12\/PC152540-1024x768.jpg\" alt=\"\" width=\"1024\" height=\"768\" srcset=\"https:\/\/www.azelot.fr\/wp-content\/uploads\/2018\/12\/PC152540-1024x768.jpg 1024w, https:\/\/www.azelot.fr\/wp-content\/uploads\/2018\/12\/PC152540-300x225.jpg 300w, https:\/\/www.azelot.fr\/wp-content\/uploads\/2018\/12\/PC152540-768x576.jpg 768w, https:\/\/www.azelot.fr\/wp-content\/uploads\/2018\/12\/PC152540-1170x877.jpg 1170w, https:\/\/www.azelot.fr\/wp-content\/uploads\/2018\/12\/PC152540.jpg 1843w\" sizes=\"auto, (max-width: 1024px) 100vw, 1024px\" \/><\/a>La matin\u00e9e s&rsquo;est termin\u00e9e par un ap\u00e9ritif organis\u00e9 par la f\u00e9d\u00e9ration et avec des \u00e9changes entre les participants.<\/p>\n<p><a href=\"https:\/\/www.azelot.fr\/wp-content\/uploads\/2018\/12\/PC152555.jpg\" data-rel=\"lightbox-gallery-LaBKxLeG\" data-rl_title=\"\" data-rl_caption=\"\" title=\"\"><img loading=\"lazy\" decoding=\"async\" class=\"aligncenter size-large wp-image-7538\" src=\"https:\/\/www.azelot.fr\/wp-content\/uploads\/2018\/12\/PC152555-1024x768.jpg\" alt=\"\" width=\"1024\" height=\"768\" srcset=\"https:\/\/www.azelot.fr\/wp-content\/uploads\/2018\/12\/PC152555-1024x768.jpg 1024w, https:\/\/www.azelot.fr\/wp-content\/uploads\/2018\/12\/PC152555-300x225.jpg 300w, https:\/\/www.azelot.fr\/wp-content\/uploads\/2018\/12\/PC152555-768x576.jpg 768w, https:\/\/www.azelot.fr\/wp-content\/uploads\/2018\/12\/PC152555-1170x877.jpg 1170w, https:\/\/www.azelot.fr\/wp-content\/uploads\/2018\/12\/PC152555.jpg 1843w\" sizes=\"auto, (max-width: 1024px) 100vw, 1024px\" \/><\/a>D&rsquo;autres rencontres sont d&rsquo;ores et d\u00e9j\u00e0 planifi\u00e9es :<\/p>\n<ul>\n<li>9 et 10 f\u00e9vrier : ateliers de construction ouverts \u00e0 tous pour pr\u00e9parer confiseries g\u00e9antes, voitures tamponneuses et autres attractions foraines.<\/li>\n<li>16 et 17 mars : universit\u00e9 rurale de printemps avec la poursuite des travaux engag\u00e9s.<\/li>\n<li>27 et 28 avril : AG de la f\u00e9d\u00e9ration accueillie \u00e0 Azelot et derni\u00e8re ligne droite pour les travaux.<\/li>\n<\/ul>\n<p>Si vous vous sentez l&rsquo;envie de nous rejoindre m\u00eame pour quelques heures, n&rsquo;h\u00e9sitez pas \u00e0 prendre contact avec nous et \u00e0 venir \u00e0 l&rsquo;une de ces dates !<\/p>\n\n\t\t<style type=\"text\/css\">\n\t\t\t#gallery-1 {\n\t\t\t\tmargin: auto;\n\t\t\t}\n\t\t\t#gallery-1 .gallery-item {\n\t\t\t\tfloat: left;\n\t\t\t\tmargin-top: 10px;\n\t\t\t\ttext-align: center;\n\t\t\t\twidth: 33%;\n\t\t\t}\n\t\t\t#gallery-1 img {\n\t\t\t\tborder: 2px solid #cfcfcf;\n\t\t\t}\n\t\t\t#gallery-1 .gallery-caption {\n\t\t\t\tmargin-left: 0;\n\t\t\t}\n\t\t\t\/* see gallery_shortcode() in wp-includes\/media.php *\/\n\t\t<\/style>\n\t\t<div id='gallery-1' class='gallery galleryid-7569 gallery-columns-3 gallery-size-thumbnail'><dl class='gallery-item'>\n\t\t\t<dt class='gallery-icon landscape'>\n\t\t\t\t<a href='https:\/\/www.azelot.fr\/wp-content\/uploads\/2018\/12\/PC152526.jpg' title=\"\" data-rl_title=\"\" class=\"rl-gallery-link\" data-rl_caption=\"\" data-rel=\"lightbox-gallery-1\"><img loading=\"lazy\" decoding=\"async\" width=\"150\" height=\"150\" src=\"https:\/\/www.azelot.fr\/wp-content\/uploads\/2018\/12\/PC152526-150x150.jpg\" class=\"attachment-thumbnail size-thumbnail\" alt=\"\" \/><\/a>\n\t\t\t<\/dt><\/dl><dl class='gallery-item'>\n\t\t\t<dt class='gallery-icon landscape'>\n\t\t\t\t<a href='https:\/\/www.azelot.fr\/wp-content\/uploads\/2018\/12\/PC152528.jpg' title=\"\" data-rl_title=\"\" class=\"rl-gallery-link\" data-rl_caption=\"\" data-rel=\"lightbox-gallery-1\"><img loading=\"lazy\" decoding=\"async\" width=\"150\" height=\"150\" src=\"https:\/\/www.azelot.fr\/wp-content\/uploads\/2018\/12\/PC152528-150x150.jpg\" class=\"attachment-thumbnail size-thumbnail\" alt=\"\" \/><\/a>\n\t\t\t<\/dt><\/dl><dl class='gallery-item'>\n\t\t\t<dt class='gallery-icon landscape'>\n\t\t\t\t<a href='https:\/\/www.azelot.fr\/wp-content\/uploads\/2018\/12\/PC152533.jpg' title=\"\" data-rl_title=\"\" class=\"rl-gallery-link\" data-rl_caption=\"\" data-rel=\"lightbox-gallery-1\"><img loading=\"lazy\" decoding=\"async\" width=\"150\" height=\"150\" src=\"https:\/\/www.azelot.fr\/wp-content\/uploads\/2018\/12\/PC152533-150x150.jpg\" class=\"attachment-thumbnail size-thumbnail\" alt=\"\" \/><\/a>\n\t\t\t<\/dt><\/dl><br style=\"clear: both\" \/><dl class='gallery-item'>\n\t\t\t<dt class='gallery-icon landscape'>\n\t\t\t\t<a href='https:\/\/www.azelot.fr\/wp-content\/uploads\/2018\/12\/PC152539.jpg' title=\"\" data-rl_title=\"\" class=\"rl-gallery-link\" data-rl_caption=\"\" data-rel=\"lightbox-gallery-1\"><img loading=\"lazy\" decoding=\"async\" width=\"150\" height=\"150\" src=\"https:\/\/www.azelot.fr\/wp-content\/uploads\/2018\/12\/PC152539-150x150.jpg\" class=\"attachment-thumbnail size-thumbnail\" alt=\"\" \/><\/a>\n\t\t\t<\/dt><\/dl><dl class='gallery-item'>\n\t\t\t<dt class='gallery-icon landscape'>\n\t\t\t\t<a href='https:\/\/www.azelot.fr\/wp-content\/uploads\/2018\/12\/PC152540.jpg' title=\"\" data-rl_title=\"\" class=\"rl-gallery-link\" data-rl_caption=\"\" data-rel=\"lightbox-gallery-1\"><img loading=\"lazy\" decoding=\"async\" width=\"150\" height=\"150\" src=\"https:\/\/www.azelot.fr\/wp-content\/uploads\/2018\/12\/PC152540-150x150.jpg\" class=\"attachment-thumbnail size-thumbnail\" alt=\"\" \/><\/a>\n\t\t\t<\/dt><\/dl><dl class='gallery-item'>\n\t\t\t<dt class='gallery-icon landscape'>\n\t\t\t\t<a href='https:\/\/www.azelot.fr\/wp-content\/uploads\/2018\/12\/PC152548.jpg' title=\"\" data-rl_title=\"\" class=\"rl-gallery-link\" data-rl_caption=\"\" data-rel=\"lightbox-gallery-1\"><img loading=\"lazy\" decoding=\"async\" width=\"150\" height=\"150\" src=\"https:\/\/www.azelot.fr\/wp-content\/uploads\/2018\/12\/PC152548-150x150.jpg\" class=\"attachment-thumbnail size-thumbnail\" alt=\"\" \/><\/a>\n\t\t\t<\/dt><\/dl><br style=\"clear: both\" \/>\n\t\t<\/div>\n\n<div id=\"blinkextension_snap_links_box_mg_mouse_gestures\" style=\"background-color: rgba(250, 128, 0, 0.07); border: 3px dashed blue; box-sizing: border-box; position: absolute; z-index: 2147483647; display: none; left: 818px; top: 56px;\"><\/div>\n<div id=\"hit_a_link_blinkextension_container_mg_mouse_gestures\" style=\"display: none; position: absolute; left: 0px; top: 0px; width: 0px; height: 0px; z-index: 2147483647; background: rgba(0, 0, 0, 0) none repeat scroll 0% 0%;\"><\/div>\n<div id=\"blinkextension_snap_links_box_mg_mouse_gestures\" style=\"background-color: rgba(250, 128, 0, 0.07); border: 3px dashed blue; box-sizing: border-box; position: absolute; z-index: 2147483647; display: none; left: 357px; top: 78px;\"><\/div>\n<div id=\"hit_a_link_blinkextension_container_mg_mouse_gestures\" style=\"display: none; position: absolute; left: 0px; top: 0px; width: 0px; height: 0px; z-index: 2147483647; background: rgba(0, 0, 0, 0) none repeat scroll 0% 0%;\"><\/div>\n<div id=\"blinkextension_snap_links_box_mg_mouse_gestures\" style=\"background-color: rgba(250, 128, 0, 0.07); border: 3px dashed blue; box-sizing: border-box; position: absolute; z-index: 2147483647; display: none; left: 443px; top: 3221px;\"><\/div>\n<div id=\"hit_a_link_blinkextension_container_mg_mouse_gestures\" style=\"display: none; position: absolute; left: 0px; top: 0px; width: 0px; height: 0px; z-index: 2147483647; background: rgba(0, 0, 0, 0) none repeat scroll 0% 0%;\"><\/div>\n","protected":false},"excerpt":{"rendered":"<p>Le 1er juin 2019 sera marqu\u00e9 par la f\u00eate d&rsquo;anniversaire de la F\u00e9d\u00e9ration des Foyers Ruraux de Meurthe-et-Moselle. Et c&rsquo;est Azelot qui a \u00e9t\u00e9 retenu pour accueillir les festivit\u00e9s. L&rsquo;organisation d&rsquo;un tel \u00e9v\u00e9nement se pr\u00e9pare bien en amont et c&rsquo;est&#8230;<br \/><a class=\"read-more-button\" href=\"https:\/\/www.azelot.fr\/?p=7569\">Savoir plus<\/a><\/p>\n","protected":false},"author":3,"featured_media":7570,"comment_status":"open","ping_status":"open","sticky":false,"template":"","format":"standard","meta":{"activitypub_content_warning":"","activitypub_content_visibility":"","activitypub_max_image_attachments":4,"activitypub_interaction_policy_quote":"","activitypub_status":"","footnotes":""},"categories":[5,4],"tags":[],"class_list":["post-7569","post","type-post","status-publish","format-standard","has-post-thumbnail","hentry","category-foyer-rural","category-mairie"],"_links":{"self":[{"href":"https:\/\/www.azelot.fr\/index.php?rest_route=\/wp\/v2\/posts\/7569","targetHints":{"allow":["GET"]}}],"collection":[{"href":"https:\/\/www.azelot.fr\/index.php?rest_route=\/wp\/v2\/posts"}],"about":[{"href":"https:\/\/www.azelot.fr\/index.php?rest_route=\/wp\/v2\/types\/post"}],"author":[{"embeddable":true,"href":"https:\/\/www.azelot.fr\/index.php?rest_route=\/wp\/v2\/users\/3"}],"replies":[{"embeddable":true,"href":"https:\/\/www.azelot.fr\/index.php?rest_route=%2Fwp%2Fv2%2Fcomments&post=7569"}],"version-history":[{"count":5,"href":"https:\/\/www.azelot.fr\/index.php?rest_route=\/wp\/v2\/posts\/7569\/revisions"}],"predecessor-version":[{"id":7576,"href":"https:\/\/www.azelot.fr\/index.php?rest_route=\/wp\/v2\/posts\/7569\/revisions\/7576"}],"wp:featuredmedia":[{"embeddable":true,"href":"https:\/\/www.azelot.fr\/index.php?rest_route=\/wp\/v2\/media\/7570"}],"wp:attachment":[{"href":"https:\/\/www.azelot.fr\/index.php?rest_route=%2Fwp%2Fv2%2Fmedia&parent=7569"}],"wp:term":[{"taxonomy":"category","embeddable":true,"href":"https:\/\/www.azelot.fr\/index.php?rest_route=%2Fwp%2Fv2%2Fcategories&post=7569"},{"taxonomy":"post_tag","embeddable":true,"href":"https:\/\/www.azelot.fr\/index.php?rest_route=%2Fwp%2Fv2%2Ftags&post=7569"}],"curies":[{"name":"wp","href":"https:\/\/api.w.org\/{rel}","templated":true}]}}