{"id":749,"date":"2012-12-01T10:37:34","date_gmt":"2012-12-01T08:37:34","guid":{"rendered":"http:\/\/www.azelot.fr\/?p=749"},"modified":"2012-12-01T17:50:39","modified_gmt":"2012-12-01T15:50:39","slug":"pas-de-bras-pas-de-chocolat-le-handicap-en-questions","status":"publish","type":"post","link":"https:\/\/www.azelot.fr\/?p=749","title":{"rendered":"\u00ab\u00a0Pas de bras, pas de chocolat\u00a0\u00bb. Le Handicap en questions"},"content":{"rendered":"<p style=\"text-align: left;\">\u00a0\u00a0\u00a0\u00a0 Deuxi\u00e8me <strong>soir\u00e9e d&rsquo;Azelot<\/strong> de l&rsquo;ann\u00e9e sur le th\u00e8me du <em><strong>\u00ab\u00a0Handicap en questions.\u00a0\u00bb<\/strong><\/em><br \/>\nUne quinzaine de personnes \u00e9taient pr\u00e9sentes dans la salle commune pour venir \u00e9changer avec <strong><em>M. Vincent Harel<\/em> <\/strong>administrateur du GIHP Lorraine et animateur du collectif Handicap 54.<\/p>\n<p style=\"text-align: center;\"><a href=\"https:\/\/www.azelot.fr\/wp-content\/uploads\/2012\/12\/003.jpg\" data-rel=\"lightbox-gallery-Ix5GEIH4\" data-rl_title=\"\" data-rl_caption=\"\"><img loading=\"lazy\" decoding=\"async\" class=\"aligncenter size-large wp-image-753\" title=\"\" src=\"https:\/\/www.azelot.fr\/wp-content\/uploads\/2012\/12\/003-1024x768.jpg\" alt=\"\" width=\"630\" height=\"472\" srcset=\"https:\/\/www.azelot.fr\/wp-content\/uploads\/2012\/12\/003-1024x768.jpg 1024w, https:\/\/www.azelot.fr\/wp-content\/uploads\/2012\/12\/003-300x225.jpg 300w\" sizes=\"auto, (max-width: 630px) 100vw, 630px\" \/><\/a><\/p>\n<p style=\"text-align: left;\">Pr\u00e9sentation faite de son propre parcours, l&rsquo;invit\u00e9 a pu pr\u00e9senter la loi de 2005 sur le handicap, loi m\u00e9connue mais qui est un \u00e9norme progr\u00e8s pour les droits des handicap\u00e9s. Le d\u00e9bat a permis de souligner l&rsquo;importance de l&rsquo;environnement social pour lutter contre les discriminations. M. Harel sut se montrer tr\u00e8s p\u00e9dagogue \u00e9maillant ses arguments d&rsquo;exemples simples et tr\u00e8s complets.<br \/>\nLa soir\u00e9e s&rsquo;est termin\u00e9e par un jeu de cartes, ou chacun a pu poser des questions \u00e0 l&rsquo;assistance sur des situations de la vie quotidienne. Ainsi tout un chacun a pu r\u00e9fl\u00e9chir sur le fait que 85% des handicap\u00e9s ont plus de 15 ans et que l&rsquo;image de la personne en fauteuil roulant ne concerne que moins de 5% des handicap\u00e9s. Une soir\u00e9e riche d&rsquo;humanit\u00e9 et de citoyennet\u00e9.<\/p>\n<p style=\"text-align: center;\"><strong><em>Prochaine soir\u00e9e en janvier sur le th\u00e8me du couple Franco-allemand dans le cadre des 50 ans du Trait\u00e9 de l&rsquo;Elys\u00e9e.<\/em><\/strong><br \/>\nC.F<\/p>\n","protected":false},"excerpt":{"rendered":"<p>\u00a0\u00a0\u00a0\u00a0 Deuxi\u00e8me soir\u00e9e d&rsquo;Azelot de l&rsquo;ann\u00e9e sur le th\u00e8me du \u00ab\u00a0Handicap en questions.\u00a0\u00bb Une quinzaine de personnes \u00e9taient pr\u00e9sentes dans la salle commune pour venir \u00e9changer avec M. Vincent Harel administrateur du GIHP Lorraine et animateur du collectif Handicap 54&#8230;.<br \/><a class=\"read-more-button\" href=\"https:\/\/www.azelot.fr\/?p=749\">Savoir plus<\/a><\/p>\n","protected":false},"author":4,"featured_media":0,"comment_status":"open","ping_status":"open","sticky":false,"template":"","format":"standard","meta":{"activitypub_content_warning":"","activitypub_content_visibility":"","activitypub_max_image_attachments":4,"activitypub_interaction_policy_quote":"","activitypub_status":"","footnotes":""},"categories":[5],"tags":[10],"class_list":["post-749","post","type-post","status-publish","format-standard","hentry","category-foyer-rural","tag-soiree-dazelot"],"_links":{"self":[{"href":"https:\/\/www.azelot.fr\/index.php?rest_route=\/wp\/v2\/posts\/749","targetHints":{"allow":["GET"]}}],"collection":[{"href":"https:\/\/www.azelot.fr\/index.php?rest_route=\/wp\/v2\/posts"}],"about":[{"href":"https:\/\/www.azelot.fr\/index.php?rest_route=\/wp\/v2\/types\/post"}],"author":[{"embeddable":true,"href":"https:\/\/www.azelot.fr\/index.php?rest_route=\/wp\/v2\/users\/4"}],"replies":[{"embeddable":true,"href":"https:\/\/www.azelot.fr\/index.php?rest_route=%2Fwp%2Fv2%2Fcomments&post=749"}],"version-history":[{"count":5,"href":"https:\/\/www.azelot.fr\/index.php?rest_route=\/wp\/v2\/posts\/749\/revisions"}],"predecessor-version":[{"id":754,"href":"https:\/\/www.azelot.fr\/index.php?rest_route=\/wp\/v2\/posts\/749\/revisions\/754"}],"wp:attachment":[{"href":"https:\/\/www.azelot.fr\/index.php?rest_route=%2Fwp%2Fv2%2Fmedia&parent=749"}],"wp:term":[{"taxonomy":"category","embeddable":true,"href":"https:\/\/www.azelot.fr\/index.php?rest_route=%2Fwp%2Fv2%2Fcategories&post=749"},{"taxonomy":"post_tag","embeddable":true,"href":"https:\/\/www.azelot.fr\/index.php?rest_route=%2Fwp%2Fv2%2Ftags&post=749"}],"curies":[{"name":"wp","href":"https:\/\/api.w.org\/{rel}","templated":true}]}}