{"id":7340,"date":"2018-11-22T22:55:19","date_gmt":"2018-11-22T21:55:19","guid":{"rendered":"http:\/\/www.azelot.fr\/?p=7340"},"modified":"2018-11-22T22:55:19","modified_gmt":"2018-11-22T21:55:19","slug":"resultats-du-concours-2018-des-maisons-fleuries-dazelot","status":"publish","type":"post","link":"https:\/\/www.azelot.fr\/?p=7340","title":{"rendered":"R\u00e9sultats du concours 2018 des maisons fleuries d&rsquo;Azelot"},"content":{"rendered":"<p>Apr\u00e8s la c\u00e9r\u00e9monie de comm\u00e9moration du centenaire de l&rsquo;armistice du 11 novembre 1918, la remise des prix du concours des maisons fleuries d&rsquo;Azelot a \u00e9t\u00e9 l&rsquo;occasion de remercier les personnes participant b\u00e9n\u00e9volement \u00e0 la mise en place et \u00e0 l&rsquo;entretien des massifs du village, ainsi que celles qui bichonnent les 3 bacs partag\u00e9s de l\u00e9gumes.<\/p>\n<p><img decoding=\"async\" class=\"details-image\" draggable=\"false\" src=\"https:\/\/www.azelot.fr\/wp-content\/uploads\/2018\/11\/PB112153-1024x768.jpg\" alt=\"\" \/><\/p>\n<p>Le travail des deux employ\u00e9s, Livio et Pascal, a \u00e9t\u00e9 d\u00e9terminant pour passer cet \u00e9t\u00e9 chaud et sec et a permis de profiter des suspensions et des massifs jusque tard dans la saison. L&rsquo;apparition de coccinelles g\u00e9antes et de pelles \u00e0 figure humaine dans les massifs a \u00e9t\u00e9 expliqu\u00e9e : le d\u00e9tournement d&rsquo;objets r\u00e9cup\u00e9r\u00e9s permet de concr\u00e9tiser des id\u00e9es de d\u00e9coration.<\/p>\n<p>Les prix ont \u00e9t\u00e9 ensuite remis, 5 prix d&rsquo;excellence et 25 prix d&rsquo;honneur, avec un dipl\u00f4me local et une composition florale chacun.<\/p>\n<p>Mme Da Cruz a aussi obtenu en septembre un prix d\u00e9partemental dans la cat\u00e9gorie \u00ab\u00a0Maison avec jardin visible de la rue\u00a0\u00bb. Elle a bien repr\u00e9sent\u00e9 Azelot.<\/p>\n<p><img decoding=\"async\" class=\"details-image\" draggable=\"false\" src=\"https:\/\/www.azelot.fr\/wp-content\/uploads\/2018\/11\/PB112172-1024x768.jpg\" alt=\"\" \/><\/p>\n<p>Merci \u00e0 tous pour leur participation \u00e0 l&#8217;embellissement du village. Il est rappel\u00e9 que les critiques constructives sont toujours les bienvenues.<br \/>\nLe pot de l&rsquo;amiti\u00e9 a conclu cette c\u00e9r\u00e9monie, apr\u00e8s une remise de m\u00e9daille \u00e0 Livio pour 20 ans de travail.<\/p>\n\n\t\t<style type=\"text\/css\">\n\t\t\t#gallery-1 {\n\t\t\t\tmargin: auto;\n\t\t\t}\n\t\t\t#gallery-1 .gallery-item {\n\t\t\t\tfloat: left;\n\t\t\t\tmargin-top: 10px;\n\t\t\t\ttext-align: center;\n\t\t\t\twidth: 20%;\n\t\t\t}\n\t\t\t#gallery-1 img {\n\t\t\t\tborder: 2px solid #cfcfcf;\n\t\t\t}\n\t\t\t#gallery-1 .gallery-caption {\n\t\t\t\tmargin-left: 0;\n\t\t\t}\n\t\t\t\/* see gallery_shortcode() in wp-includes\/media.php *\/\n\t\t<\/style>\n\t\t<div id='gallery-1' class='gallery galleryid-7340 gallery-columns-5 gallery-size-thumbnail'><dl class='gallery-item'>\n\t\t\t<dt class='gallery-icon landscape'>\n\t\t\t\t<a href='https:\/\/www.azelot.fr\/wp-content\/uploads\/2018\/11\/PB112140.jpg' title=\"\" data-rl_title=\"\" class=\"rl-gallery-link\" data-rl_caption=\"\" data-rel=\"lightbox-gallery-1\"><img loading=\"lazy\" decoding=\"async\" width=\"150\" height=\"150\" src=\"https:\/\/www.azelot.fr\/wp-content\/uploads\/2018\/11\/PB112140-150x150.jpg\" class=\"attachment-thumbnail size-thumbnail\" alt=\"\" \/><\/a>\n\t\t\t<\/dt><\/dl><dl class='gallery-item'>\n\t\t\t<dt class='gallery-icon landscape'>\n\t\t\t\t<a href='https:\/\/www.azelot.fr\/wp-content\/uploads\/2018\/11\/PB112159.jpg' title=\"\" data-rl_title=\"\" class=\"rl-gallery-link\" data-rl_caption=\"\" data-rel=\"lightbox-gallery-1\"><img loading=\"lazy\" decoding=\"async\" width=\"150\" height=\"150\" src=\"https:\/\/www.azelot.fr\/wp-content\/uploads\/2018\/11\/PB112159-150x150.jpg\" class=\"attachment-thumbnail size-thumbnail\" alt=\"\" \/><\/a>\n\t\t\t<\/dt><\/dl><dl class='gallery-item'>\n\t\t\t<dt class='gallery-icon landscape'>\n\t\t\t\t<a href='https:\/\/www.azelot.fr\/wp-content\/uploads\/2018\/11\/PB112160.jpg' title=\"\" data-rl_title=\"\" class=\"rl-gallery-link\" data-rl_caption=\"\" data-rel=\"lightbox-gallery-1\"><img loading=\"lazy\" decoding=\"async\" width=\"150\" height=\"150\" src=\"https:\/\/www.azelot.fr\/wp-content\/uploads\/2018\/11\/PB112160-150x150.jpg\" class=\"attachment-thumbnail size-thumbnail\" alt=\"\" \/><\/a>\n\t\t\t<\/dt><\/dl><dl class='gallery-item'>\n\t\t\t<dt class='gallery-icon landscape'>\n\t\t\t\t<a href='https:\/\/www.azelot.fr\/wp-content\/uploads\/2018\/11\/PB112141.jpg' title=\"\" data-rl_title=\"\" class=\"rl-gallery-link\" data-rl_caption=\"\" data-rel=\"lightbox-gallery-1\"><img loading=\"lazy\" decoding=\"async\" width=\"150\" height=\"150\" src=\"https:\/\/www.azelot.fr\/wp-content\/uploads\/2018\/11\/PB112141-150x150.jpg\" class=\"attachment-thumbnail size-thumbnail\" alt=\"\" \/><\/a>\n\t\t\t<\/dt><\/dl><dl class='gallery-item'>\n\t\t\t<dt class='gallery-icon landscape'>\n\t\t\t\t<a href='https:\/\/www.azelot.fr\/wp-content\/uploads\/2018\/11\/PB112167.jpg' title=\"\" data-rl_title=\"\" class=\"rl-gallery-link\" data-rl_caption=\"\" data-rel=\"lightbox-gallery-1\"><img loading=\"lazy\" decoding=\"async\" width=\"150\" height=\"150\" src=\"https:\/\/www.azelot.fr\/wp-content\/uploads\/2018\/11\/PB112167-150x150.jpg\" class=\"attachment-thumbnail size-thumbnail\" alt=\"\" \/><\/a>\n\t\t\t<\/dt><\/dl><br style=\"clear: both\" \/>\n\t\t<\/div>\n\n","protected":false},"excerpt":{"rendered":"<p>Apr\u00e8s la c\u00e9r\u00e9monie de comm\u00e9moration du centenaire de l&rsquo;armistice du 11 novembre 1918, la remise des prix du concours des maisons fleuries d&rsquo;Azelot a \u00e9t\u00e9 l&rsquo;occasion de remercier les personnes participant b\u00e9n\u00e9volement \u00e0 la mise en place et \u00e0 l&rsquo;entretien&#8230;<br \/><a class=\"read-more-button\" href=\"https:\/\/www.azelot.fr\/?p=7340\">Savoir plus<\/a><\/p>\n","protected":false},"author":12,"featured_media":0,"comment_status":"open","ping_status":"open","sticky":false,"template":"","format":"standard","meta":{"activitypub_content_warning":"","activitypub_content_visibility":"","activitypub_max_image_attachments":4,"activitypub_interaction_policy_quote":"","activitypub_status":"","footnotes":""},"categories":[4],"tags":[98,97,126,125],"class_list":["post-7340","post","type-post","status-publish","format-standard","hentry","category-mairie","tag-11-novembre","tag-commemoration","tag-environnement","tag-fleurissement"],"_links":{"self":[{"href":"https:\/\/www.azelot.fr\/index.php?rest_route=\/wp\/v2\/posts\/7340","targetHints":{"allow":["GET"]}}],"collection":[{"href":"https:\/\/www.azelot.fr\/index.php?rest_route=\/wp\/v2\/posts"}],"about":[{"href":"https:\/\/www.azelot.fr\/index.php?rest_route=\/wp\/v2\/types\/post"}],"author":[{"embeddable":true,"href":"https:\/\/www.azelot.fr\/index.php?rest_route=\/wp\/v2\/users\/12"}],"replies":[{"embeddable":true,"href":"https:\/\/www.azelot.fr\/index.php?rest_route=%2Fwp%2Fv2%2Fcomments&post=7340"}],"version-history":[{"count":9,"href":"https:\/\/www.azelot.fr\/index.php?rest_route=\/wp\/v2\/posts\/7340\/revisions"}],"predecessor-version":[{"id":7349,"href":"https:\/\/www.azelot.fr\/index.php?rest_route=\/wp\/v2\/posts\/7340\/revisions\/7349"}],"wp:attachment":[{"href":"https:\/\/www.azelot.fr\/index.php?rest_route=%2Fwp%2Fv2%2Fmedia&parent=7340"}],"wp:term":[{"taxonomy":"category","embeddable":true,"href":"https:\/\/www.azelot.fr\/index.php?rest_route=%2Fwp%2Fv2%2Fcategories&post=7340"},{"taxonomy":"post_tag","embeddable":true,"href":"https:\/\/www.azelot.fr\/index.php?rest_route=%2Fwp%2Fv2%2Ftags&post=7340"}],"curies":[{"name":"wp","href":"https:\/\/api.w.org\/{rel}","templated":true}]}}