{"id":7234,"date":"2018-11-13T08:54:19","date_gmt":"2018-11-13T07:54:19","guid":{"rendered":"http:\/\/www.azelot.fr\/?p=7234"},"modified":"2018-11-22T08:58:30","modified_gmt":"2018-11-22T07:58:30","slug":"un-centenaire-dampleur","status":"publish","type":"post","link":"https:\/\/www.azelot.fr\/?p=7234","title":{"rendered":"Un centenaire d\u2019ampleur"},"content":{"rendered":"<p>Jamais c\u00e9r\u00e9monie patriotique n\u2019avait accueilli autant de monde. Plus de cent personnes ( \u00bc de la population de la commune) \u00e9taient pr\u00e9sentes. D\u2019ailleurs la RD115 \u00e9tait compl\u00e8tement occup\u00e9e lors du cheminement vers le cimeti\u00e8re. Un moment fort donn\u00e9 par les habitants \u00e0 ce centi\u00e8me anniversaire de la fin de la Grande guerre.<\/p>\n<p><a href=\"https:\/\/www.azelot.fr\/wp-content\/uploads\/2018\/11\/PB112100.jpg\" data-rel=\"lightbox-gallery-999OZbAm\" data-rl_title=\"\" data-rl_caption=\"\" title=\"\"><img loading=\"lazy\" decoding=\"async\" class=\"aligncenter size-large wp-image-7250\" src=\"https:\/\/www.azelot.fr\/wp-content\/uploads\/2018\/11\/PB112100-1024x768.jpg\" alt=\"\" width=\"1024\" height=\"768\" srcset=\"https:\/\/www.azelot.fr\/wp-content\/uploads\/2018\/11\/PB112100-1024x768.jpg 1024w, https:\/\/www.azelot.fr\/wp-content\/uploads\/2018\/11\/PB112100-300x225.jpg 300w, https:\/\/www.azelot.fr\/wp-content\/uploads\/2018\/11\/PB112100-768x576.jpg 768w, https:\/\/www.azelot.fr\/wp-content\/uploads\/2018\/11\/PB112100-1170x877.jpg 1170w, https:\/\/www.azelot.fr\/wp-content\/uploads\/2018\/11\/PB112100.jpg 1843w\" sizes=\"auto, (max-width: 1024px) 100vw, 1024px\" \/><\/a>Quatre enfants du village ont d\u00e9pos\u00e9 la gerbe devant le monument aux morts.<\/p>\n<p><a href=\"https:\/\/www.azelot.fr\/wp-content\/uploads\/2018\/11\/PB112103.jpg\" data-rel=\"lightbox-gallery-999OZbAm\" data-rl_title=\"\" data-rl_caption=\"\" title=\"\"><img loading=\"lazy\" decoding=\"async\" class=\"aligncenter size-large wp-image-7248\" src=\"https:\/\/www.azelot.fr\/wp-content\/uploads\/2018\/11\/PB112103-1024x768.jpg\" alt=\"\" width=\"1024\" height=\"768\" srcset=\"https:\/\/www.azelot.fr\/wp-content\/uploads\/2018\/11\/PB112103-1024x768.jpg 1024w, https:\/\/www.azelot.fr\/wp-content\/uploads\/2018\/11\/PB112103-300x225.jpg 300w, https:\/\/www.azelot.fr\/wp-content\/uploads\/2018\/11\/PB112103-768x576.jpg 768w, https:\/\/www.azelot.fr\/wp-content\/uploads\/2018\/11\/PB112103-1170x877.jpg 1170w, https:\/\/www.azelot.fr\/wp-content\/uploads\/2018\/11\/PB112103.jpg 1843w\" sizes=\"auto, (max-width: 1024px) 100vw, 1024px\" \/><\/a>M. le Maire a lu le discours officiel. Pour ce centenaire, le discours \u00e9tait exceptionnellement r\u00e9dig\u00e9 par le Pr\u00e9sident de la R\u00e9publique. C\u00e9r\u00e9monie de la victoire, mais aussi moment de recueillement face \u00e0 l\u2019importance des pertes et c\u00e9l\u00e9bration de la paix.<\/p>\n<p><a href=\"https:\/\/www.azelot.fr\/wp-content\/uploads\/2018\/11\/PB112118.jpg\" data-rel=\"lightbox-gallery-999OZbAm\" data-rl_title=\"\" data-rl_caption=\"\" title=\"\"><img loading=\"lazy\" decoding=\"async\" class=\"aligncenter size-large wp-image-7238\" src=\"https:\/\/www.azelot.fr\/wp-content\/uploads\/2018\/11\/PB112118-1024x768.jpg\" alt=\"\" width=\"1024\" height=\"768\" srcset=\"https:\/\/www.azelot.fr\/wp-content\/uploads\/2018\/11\/PB112118-1024x768.jpg 1024w, https:\/\/www.azelot.fr\/wp-content\/uploads\/2018\/11\/PB112118-300x225.jpg 300w, https:\/\/www.azelot.fr\/wp-content\/uploads\/2018\/11\/PB112118-768x576.jpg 768w, https:\/\/www.azelot.fr\/wp-content\/uploads\/2018\/11\/PB112118-1170x877.jpg 1170w, https:\/\/www.azelot.fr\/wp-content\/uploads\/2018\/11\/PB112118.jpg 1843w\" sizes=\"auto, (max-width: 1024px) 100vw, 1024px\" \/><\/a>M. l\u2019adjoint au Maire a alors lu un texte r\u00e9dig\u00e9 par un habitant d\u2019Azelot. Celui-ci r\u00e9sumait la survie puis la convalescence de son p\u00e8re \u00e0 une double et gravissime blessure subie en 1914. Cette exp\u00e9rience combattante met en valeur la bravoure d\u2019un homme sorti handicap\u00e9 de cette guerre. Bravoure qui fut reconnue officiellement par de nombreuses citations.<\/p>\n<p>M. le Maire a lu les noms des soldats inscrits sur le monument aux morts de la commune.<\/p>\n<p>Une lourde minute de silence a suivi.<\/p>\n<p>Tout le monde fut invit\u00e9 au pot cl\u00f4turant ce centenaire.<\/p>\n\n\t\t<style type=\"text\/css\">\n\t\t\t#gallery-1 {\n\t\t\t\tmargin: auto;\n\t\t\t}\n\t\t\t#gallery-1 .gallery-item {\n\t\t\t\tfloat: left;\n\t\t\t\tmargin-top: 10px;\n\t\t\t\ttext-align: center;\n\t\t\t\twidth: 33%;\n\t\t\t}\n\t\t\t#gallery-1 img {\n\t\t\t\tborder: 2px solid #cfcfcf;\n\t\t\t}\n\t\t\t#gallery-1 .gallery-caption {\n\t\t\t\tmargin-left: 0;\n\t\t\t}\n\t\t\t\/* see gallery_shortcode() in wp-includes\/media.php *\/\n\t\t<\/style>\n\t\t<div id='gallery-1' class='gallery galleryid-7234 gallery-columns-3 gallery-size-thumbnail'><dl class='gallery-item'>\n\t\t\t<dt class='gallery-icon landscape'>\n\t\t\t\t<a href='https:\/\/www.azelot.fr\/wp-content\/uploads\/2018\/11\/PB112112.jpg' title=\"\" data-rl_title=\"\" class=\"rl-gallery-link\" data-rl_caption=\"\" data-rel=\"lightbox-gallery-1\"><img loading=\"lazy\" decoding=\"async\" width=\"150\" height=\"150\" src=\"https:\/\/www.azelot.fr\/wp-content\/uploads\/2018\/11\/PB112112-150x150.jpg\" class=\"attachment-thumbnail size-thumbnail\" alt=\"\" \/><\/a>\n\t\t\t<\/dt><\/dl><dl class='gallery-item'>\n\t\t\t<dt class='gallery-icon landscape'>\n\t\t\t\t<a href='https:\/\/www.azelot.fr\/wp-content\/uploads\/2018\/11\/PB112113.jpg' title=\"\" data-rl_title=\"\" class=\"rl-gallery-link\" data-rl_caption=\"\" data-rel=\"lightbox-gallery-1\"><img loading=\"lazy\" decoding=\"async\" width=\"150\" height=\"150\" src=\"https:\/\/www.azelot.fr\/wp-content\/uploads\/2018\/11\/PB112113-150x150.jpg\" class=\"attachment-thumbnail size-thumbnail\" alt=\"\" \/><\/a>\n\t\t\t<\/dt><\/dl><dl class='gallery-item'>\n\t\t\t<dt class='gallery-icon landscape'>\n\t\t\t\t<a href='https:\/\/www.azelot.fr\/wp-content\/uploads\/2018\/11\/PB112110.jpg' title=\"\" data-rl_title=\"\" class=\"rl-gallery-link\" data-rl_caption=\"\" data-rel=\"lightbox-gallery-1\"><img loading=\"lazy\" decoding=\"async\" width=\"150\" height=\"150\" src=\"https:\/\/www.azelot.fr\/wp-content\/uploads\/2018\/11\/PB112110-150x150.jpg\" class=\"attachment-thumbnail size-thumbnail\" alt=\"\" \/><\/a>\n\t\t\t<\/dt><\/dl><br style=\"clear: both\" \/>\n\t\t<\/div>\n\n<div id=\"blinkextension_snap_links_box_mg_mouse_gestures\" style=\"background-color: rgba(250, 128, 0, 0.07); border: 3px dashed blue; box-sizing: border-box; position: absolute; z-index: 2147483647; display: none; left: 374px; top: 2736px;\"><\/div>\n<div id=\"hit_a_link_blinkextension_container_mg_mouse_gestures\" style=\"display: none; position: absolute; left: 0px; top: 0px; width: 0px; height: 0px; z-index: 2147483647; background: rgba(0, 0, 0, 0) none repeat scroll 0% 0%;\"><\/div>\n<div id=\"blinkextension_snap_links_box_mg_mouse_gestures\" style=\"background-color: rgba(250, 128, 0, 0.07); border: 3px dashed blue; box-sizing: border-box; position: absolute; z-index: 2147483647; display: none;\"><\/div>\n<div id=\"hit_a_link_blinkextension_container_mg_mouse_gestures\" style=\"display: none; position: absolute; left: 0px; top: 0px; width: 0px; height: 0px; z-index: 2147483647; background: rgba(0, 0, 0, 0) none repeat scroll 0% 0%;\"><\/div>\n<div id=\"blinkextension_snap_links_box_mg_mouse_gestures\" style=\"background-color: rgba(250, 128, 0, 0.07); border: 3px dashed blue; box-sizing: border-box; position: absolute; z-index: 2147483647; display: none;\"><\/div>\n<div id=\"hit_a_link_blinkextension_container_mg_mouse_gestures\" style=\"display: none; position: absolute; left: 0px; top: 0px; width: 0px; height: 0px; z-index: 2147483647; background: rgba(0, 0, 0, 0) none repeat scroll 0% 0%;\"><\/div>\n<div id=\"blinkextension_snap_links_box_mg_mouse_gestures\" style=\"background-color: rgba(250, 128, 0, 0.07); border: 3px dashed blue; box-sizing: border-box; position: absolute; z-index: 2147483647; display: none;\"><\/div>\n<div id=\"hit_a_link_blinkextension_container_mg_mouse_gestures\" style=\"display: none; position: absolute; left: 0px; top: 0px; width: 0px; height: 0px; z-index: 2147483647; background: rgba(0, 0, 0, 0) none repeat scroll 0% 0%;\"><\/div>\n<div id=\"blinkextension_snap_links_box_mg_mouse_gestures\" style=\"background-color: rgba(250, 128, 0, 0.07); border: 3px dashed blue; box-sizing: border-box; position: absolute; z-index: 2147483647; display: none;\"><\/div>\n<div id=\"hit_a_link_blinkextension_container_mg_mouse_gestures\" style=\"display: none; position: absolute; left: 0px; top: 0px; width: 0px; height: 0px; z-index: 2147483647; background: rgba(0, 0, 0, 0) none repeat scroll 0% 0%;\"><\/div>\n<div id=\"blinkextension_snap_links_box_mg_mouse_gestures\" style=\"background-color: rgba(250, 128, 0, 0.07); border: 3px dashed blue; box-sizing: border-box; position: absolute; z-index: 2147483647; display: none;\"><\/div>\n<div id=\"hit_a_link_blinkextension_container_mg_mouse_gestures\" style=\"display: none; position: absolute; left: 0px; top: 0px; width: 0px; height: 0px; z-index: 2147483647; background: rgba(0, 0, 0, 0) none repeat scroll 0% 0%;\"><\/div>\n","protected":false},"excerpt":{"rendered":"<p>Jamais c\u00e9r\u00e9monie patriotique n\u2019avait accueilli autant de monde. Plus de cent personnes ( \u00bc de la population de la commune) \u00e9taient pr\u00e9sentes. D\u2019ailleurs la RD115 \u00e9tait compl\u00e8tement occup\u00e9e lors du cheminement vers le cimeti\u00e8re. Un moment fort donn\u00e9 par les&#8230;<br \/><a class=\"read-more-button\" href=\"https:\/\/www.azelot.fr\/?p=7234\">Savoir plus<\/a><\/p>\n","protected":false},"author":4,"featured_media":0,"comment_status":"open","ping_status":"open","sticky":false,"template":"","format":"standard","meta":{"activitypub_content_warning":"","activitypub_content_visibility":"","activitypub_max_image_attachments":4,"activitypub_interaction_policy_quote":"","activitypub_status":"","footnotes":""},"categories":[4],"tags":[98,97],"class_list":["post-7234","post","type-post","status-publish","format-standard","hentry","category-mairie","tag-11-novembre","tag-commemoration"],"_links":{"self":[{"href":"https:\/\/www.azelot.fr\/index.php?rest_route=\/wp\/v2\/posts\/7234","targetHints":{"allow":["GET"]}}],"collection":[{"href":"https:\/\/www.azelot.fr\/index.php?rest_route=\/wp\/v2\/posts"}],"about":[{"href":"https:\/\/www.azelot.fr\/index.php?rest_route=\/wp\/v2\/types\/post"}],"author":[{"embeddable":true,"href":"https:\/\/www.azelot.fr\/index.php?rest_route=\/wp\/v2\/users\/4"}],"replies":[{"embeddable":true,"href":"https:\/\/www.azelot.fr\/index.php?rest_route=%2Fwp%2Fv2%2Fcomments&post=7234"}],"version-history":[{"count":7,"href":"https:\/\/www.azelot.fr\/index.php?rest_route=\/wp\/v2\/posts\/7234\/revisions"}],"predecessor-version":[{"id":7257,"href":"https:\/\/www.azelot.fr\/index.php?rest_route=\/wp\/v2\/posts\/7234\/revisions\/7257"}],"wp:attachment":[{"href":"https:\/\/www.azelot.fr\/index.php?rest_route=%2Fwp%2Fv2%2Fmedia&parent=7234"}],"wp:term":[{"taxonomy":"category","embeddable":true,"href":"https:\/\/www.azelot.fr\/index.php?rest_route=%2Fwp%2Fv2%2Fcategories&post=7234"},{"taxonomy":"post_tag","embeddable":true,"href":"https:\/\/www.azelot.fr\/index.php?rest_route=%2Fwp%2Fv2%2Ftags&post=7234"}],"curies":[{"name":"wp","href":"https:\/\/api.w.org\/{rel}","templated":true}]}}