{"id":7083,"date":"2018-08-23T14:05:51","date_gmt":"2018-08-23T12:05:51","guid":{"rendered":"http:\/\/www.azelot.fr\/?p=7083"},"modified":"2018-08-23T14:05:51","modified_gmt":"2018-08-23T12:05:51","slug":"rentree-de-la-saison-2018-2019","status":"publish","type":"post","link":"https:\/\/www.azelot.fr\/?p=7083","title":{"rendered":"Rentr\u00e9e de la saison 2018-2019"},"content":{"rendered":"<p>La rentr\u00e9e est proche pour tout le monde, y compris pour le Foyer Rural. Les activit\u00e9s habituelles vont reprendre :<\/p>\n<ul>\n<li><span style=\"color: #ff0000;\">Nouveau<\/span> : Danse de Salon les mardis de 20h \u00e0 21h &#8211; Informations et inscriptions en pr\u00e9sence du professeur le 4 septembre (20h30 &#8211; 21h30) \u00e0 la mairie d&rsquo;Azelot.<\/li>\n<li>Gymnastique adulte les lundis de 20h30 \u00e0 21h30 &#8211; Informations et inscriptions le 5 septembre (18h &#8211; 19h30) ou le 8 septembre (11h -12h) \u00e0 la mairie d&rsquo;Azelot.<\/li>\n<li>Yoga les mercredis de 19h \u00e0 20h30 &#8211; Informations et inscriptions le 5 septembre (18h &#8211; 19h30) ou le 8 septembre (11h -12h) \u00e0 la mairie d&rsquo;Azelot.<\/li>\n<li>Gymnastique enfant les mercredis de 17h30 \u00e0 18h30 &#8211; Informations et inscriptions le 5 septembre (18h &#8211; 19h30) ou le 8 septembre (11h -12h) \u00e0 la mairie d&rsquo;Azelot.<\/li>\n<li>L&rsquo;\u00e9cole de musique (guitare, piano ou chant), jours et horaires \u00e0 d\u00e9finir avec les professeurs &#8211; Informations et inscriptions le 6 septembre (18h &#8211; 19h30) \u00e0 la mairie d&rsquo;Azelot.<\/li>\n<\/ul>\n<p>De plus le club \u0153nologie reprend aussi son activit\u00e9. Pour tous renseignements, contactez Claude Richon au 06.69.68.39.27.<\/p>\n<p>Enfin, la biblioth\u00e8que est toujours ouverte les mercredis de 18h \u00e0 19h \u00e0 la mairie d&rsquo;Azelot au premier \u00e9tage. Le fonds est renouvel\u00e9 tous les ans alors n&rsquo;h\u00e9sitez pas \u00e0 venir y faire un tour.<\/p>\n<p>Vous trouverez plus de renseignements (tarifs, date de reprise, etc.) dans les fichiers attach\u00e9s. Vous pouvez \u00e9galement trouver un formulaire d&rsquo;inscription \u00e0 nous renvoyer au cas o\u00f9 vous ne pourriez vous rendre aux r\u00e9unions d&rsquo;inscriptions.<\/p>\n<p>&nbsp;<\/p>\n<table style=\"width: 450px;\" align=\"center\">\n<tbody>\n<tr>\n<td><div class='afi-document'><div class='afi-document-icon'><a href='https:\/\/www.azelot.fr\/wp-content\/uploads\/2018\/08\/fiche-gym-enfants.pdf'><img src='https:\/\/www.azelot.fr\/wp-content\/plugins\/attachment-file-icons\/mime\/pdf-icon.png'\/><\/a><\/div><div class='afi-document-link'><a href=\"https:\/\/www.azelot.fr\/wp-content\/uploads\/2018\/08\/fiche-gym-enfants.pdf\">fiche gym enfants<\/a><\/div><\/div><div class='afi-clear'><\/div><\/td>\n<td><div class='afi-document'><div class='afi-document-icon'><a href='https:\/\/www.azelot.fr\/wp-content\/uploads\/2018\/08\/fiche-inscription.docx'><img src='https:\/\/www.azelot.fr\/wp-content\/plugins\/attachment-file-icons\/mime\/doc-icon.png'\/><\/a><\/div><div class='afi-document-link'><a href=\"https:\/\/www.azelot.fr\/wp-content\/uploads\/2018\/08\/fiche-inscription.docx\">fiche-inscription<\/a><\/div><\/div><div class='afi-clear'><\/div><\/td>\n<\/tr>\n<tr>\n<td><div class='afi-document'><div class='afi-document-icon'><a href='https:\/\/www.azelot.fr\/wp-content\/uploads\/2018\/08\/fiche-gym-et-yoga.pdf'><img src='https:\/\/www.azelot.fr\/wp-content\/plugins\/attachment-file-icons\/mime\/pdf-icon.png'\/><\/a><\/div><div class='afi-document-link'><a href=\"https:\/\/www.azelot.fr\/wp-content\/uploads\/2018\/08\/fiche-gym-et-yoga.pdf\">fiche gym et yoga<\/a><\/div><\/div><div class='afi-clear'><\/div><\/td>\n<td><div class='afi-document'><div class='afi-document-icon'><a href='https:\/\/www.azelot.fr\/wp-content\/uploads\/2018\/08\/fiche-inscription.odt'><img src='https:\/\/www.azelot.fr\/wp-content\/plugins\/attachment-file-icons\/mime\/odt-icon.png'\/><\/a><\/div><div class='afi-document-link'><a href=\"https:\/\/www.azelot.fr\/wp-content\/uploads\/2018\/08\/fiche-inscription.odt\">fiche-inscription<\/a><\/div><\/div><div class='afi-clear'><\/div><\/td>\n<\/tr>\n<tr>\n<td><div class='afi-document'><div class='afi-document-icon'><a href='https:\/\/www.azelot.fr\/wp-content\/uploads\/2018\/08\/fiche-musique.pdf'><img src='https:\/\/www.azelot.fr\/wp-content\/plugins\/attachment-file-icons\/mime\/pdf-icon.png'\/><\/a><\/div><div class='afi-document-link'><a href=\"https:\/\/www.azelot.fr\/wp-content\/uploads\/2018\/08\/fiche-musique.pdf\">fiche musique<\/a><\/div><\/div><div class='afi-clear'><\/div><\/td>\n<td><\/td>\n<\/tr>\n<tr>\n<td><div class='afi-document'><div class='afi-document-icon'><a href='https:\/\/www.azelot.fr\/wp-content\/uploads\/2018\/08\/fiche-danse.pdf'><img src='https:\/\/www.azelot.fr\/wp-content\/plugins\/attachment-file-icons\/mime\/pdf-icon.png'\/><\/a><\/div><div class='afi-document-link'><a href=\"https:\/\/www.azelot.fr\/wp-content\/uploads\/2018\/08\/fiche-danse.pdf\">fiche danse<\/a><\/div><\/div><div class='afi-clear'><\/div><\/td>\n<td><\/td>\n<\/tr>\n<tr>\n<td><div class='afi-document'><div class='afi-document-icon'><a href='https:\/\/www.azelot.fr\/wp-content\/uploads\/2018\/08\/fiche-oeno-biblio.pdf'><img src='https:\/\/www.azelot.fr\/wp-content\/plugins\/attachment-file-icons\/mime\/pdf-icon.png'\/><\/a><\/div><div class='afi-document-link'><a href=\"https:\/\/www.azelot.fr\/wp-content\/uploads\/2018\/08\/fiche-oeno-biblio.pdf\">fiche oeno + biblio<\/a><\/div><\/div><div class='afi-clear'><\/div><\/td>\n<td><\/td>\n<\/tr>\n<\/tbody>\n<\/table>\n","protected":false},"excerpt":{"rendered":"<p>La rentr\u00e9e est proche pour tout le monde, y compris pour le Foyer Rural. Les activit\u00e9s habituelles vont reprendre : Nouveau : Danse de Salon les mardis de 20h \u00e0 21h &#8211; Informations et inscriptions en pr\u00e9sence du professeur le&#8230;<br \/><a class=\"read-more-button\" href=\"https:\/\/www.azelot.fr\/?p=7083\">Savoir plus<\/a><\/p>\n","protected":false},"author":3,"featured_media":0,"comment_status":"open","ping_status":"open","sticky":false,"template":"","format":"standard","meta":{"activitypub_content_warning":"","activitypub_content_visibility":"","activitypub_max_image_attachments":4,"activitypub_interaction_policy_quote":"","activitypub_status":"","footnotes":""},"categories":[5],"tags":[],"class_list":["post-7083","post","type-post","status-publish","format-standard","hentry","category-foyer-rural"],"_links":{"self":[{"href":"https:\/\/www.azelot.fr\/index.php?rest_route=\/wp\/v2\/posts\/7083","targetHints":{"allow":["GET"]}}],"collection":[{"href":"https:\/\/www.azelot.fr\/index.php?rest_route=\/wp\/v2\/posts"}],"about":[{"href":"https:\/\/www.azelot.fr\/index.php?rest_route=\/wp\/v2\/types\/post"}],"author":[{"embeddable":true,"href":"https:\/\/www.azelot.fr\/index.php?rest_route=\/wp\/v2\/users\/3"}],"replies":[{"embeddable":true,"href":"https:\/\/www.azelot.fr\/index.php?rest_route=%2Fwp%2Fv2%2Fcomments&post=7083"}],"version-history":[{"count":1,"href":"https:\/\/www.azelot.fr\/index.php?rest_route=\/wp\/v2\/posts\/7083\/revisions"}],"predecessor-version":[{"id":7091,"href":"https:\/\/www.azelot.fr\/index.php?rest_route=\/wp\/v2\/posts\/7083\/revisions\/7091"}],"wp:attachment":[{"href":"https:\/\/www.azelot.fr\/index.php?rest_route=%2Fwp%2Fv2%2Fmedia&parent=7083"}],"wp:term":[{"taxonomy":"category","embeddable":true,"href":"https:\/\/www.azelot.fr\/index.php?rest_route=%2Fwp%2Fv2%2Fcategories&post=7083"},{"taxonomy":"post_tag","embeddable":true,"href":"https:\/\/www.azelot.fr\/index.php?rest_route=%2Fwp%2Fv2%2Ftags&post=7083"}],"curies":[{"name":"wp","href":"https:\/\/api.w.org\/{rel}","templated":true}]}}