{"id":6968,"date":"2018-06-26T11:05:42","date_gmt":"2018-06-26T09:05:42","guid":{"rendered":"http:\/\/www.azelot.fr\/?p=6968"},"modified":"2018-06-26T11:10:10","modified_gmt":"2018-06-26T09:10:10","slug":"bal-du-13-juillet-2018-inscriptions","status":"publish","type":"post","link":"https:\/\/www.azelot.fr\/?p=6968","title":{"rendered":"Bal du 13 juillet 2018 &#8211; inscriptions"},"content":{"rendered":"<p>Comme chaque ann\u00e9e, le bal du 13 juillet 2018 aura lieu sous la Halle derri\u00e8re la mairie. Et c&rsquo;est un nouveau groupe qui assurera l&rsquo;animation : Stanlor. Pour simplifier la gestion de l&rsquo;\u00e9v\u00e9nement, vous \u00eates invit\u00e9s \u00e0 vous inscrire pour le repas le samedi 30 juin de 10h \u00e0 12h \u00e0 la mairie d&rsquo;Azelot.<\/p>\n<p><a href=\"https:\/\/www.azelot.fr\/wp-content\/uploads\/2018\/06\/TRACT-13-JUILLET-2018.jpg\" data-rel=\"lightbox-gallery-9EVWjKqD\" data-rl_title=\"\" data-rl_caption=\"\" title=\"\"><img loading=\"lazy\" decoding=\"async\" class=\"aligncenter size-large wp-image-6967\" src=\"https:\/\/www.azelot.fr\/wp-content\/uploads\/2018\/06\/TRACT-13-JUILLET-2018-724x1024.jpg\" alt=\"\" width=\"724\" height=\"1024\" srcset=\"https:\/\/www.azelot.fr\/wp-content\/uploads\/2018\/06\/TRACT-13-JUILLET-2018-724x1024.jpg 724w, https:\/\/www.azelot.fr\/wp-content\/uploads\/2018\/06\/TRACT-13-JUILLET-2018-212x300.jpg 212w, https:\/\/www.azelot.fr\/wp-content\/uploads\/2018\/06\/TRACT-13-JUILLET-2018-768x1087.jpg 768w, https:\/\/www.azelot.fr\/wp-content\/uploads\/2018\/06\/TRACT-13-JUILLET-2018.jpg 826w\" sizes=\"auto, (max-width: 724px) 100vw, 724px\" \/><\/a><\/p>\n","protected":false},"excerpt":{"rendered":"<p>Comme chaque ann\u00e9e, le bal du 13 juillet 2018 aura lieu sous la Halle derri\u00e8re la mairie. Et c&rsquo;est un nouveau groupe qui assurera l&rsquo;animation : Stanlor. Pour simplifier la gestion de l&rsquo;\u00e9v\u00e9nement, vous \u00eates invit\u00e9s \u00e0 vous inscrire pour&#8230;<br \/><a class=\"read-more-button\" href=\"https:\/\/www.azelot.fr\/?p=6968\">Savoir plus<\/a><\/p>\n","protected":false},"author":3,"featured_media":0,"comment_status":"open","ping_status":"open","sticky":false,"template":"","format":"standard","meta":{"activitypub_content_warning":"","activitypub_content_visibility":"","activitypub_max_image_attachments":4,"activitypub_interaction_policy_quote":"","activitypub_status":"","footnotes":""},"categories":[5],"tags":[],"class_list":["post-6968","post","type-post","status-publish","format-standard","hentry","category-foyer-rural"],"_links":{"self":[{"href":"https:\/\/www.azelot.fr\/index.php?rest_route=\/wp\/v2\/posts\/6968","targetHints":{"allow":["GET"]}}],"collection":[{"href":"https:\/\/www.azelot.fr\/index.php?rest_route=\/wp\/v2\/posts"}],"about":[{"href":"https:\/\/www.azelot.fr\/index.php?rest_route=\/wp\/v2\/types\/post"}],"author":[{"embeddable":true,"href":"https:\/\/www.azelot.fr\/index.php?rest_route=\/wp\/v2\/users\/3"}],"replies":[{"embeddable":true,"href":"https:\/\/www.azelot.fr\/index.php?rest_route=%2Fwp%2Fv2%2Fcomments&post=6968"}],"version-history":[{"count":1,"href":"https:\/\/www.azelot.fr\/index.php?rest_route=\/wp\/v2\/posts\/6968\/revisions"}],"predecessor-version":[{"id":6969,"href":"https:\/\/www.azelot.fr\/index.php?rest_route=\/wp\/v2\/posts\/6968\/revisions\/6969"}],"wp:attachment":[{"href":"https:\/\/www.azelot.fr\/index.php?rest_route=%2Fwp%2Fv2%2Fmedia&parent=6968"}],"wp:term":[{"taxonomy":"category","embeddable":true,"href":"https:\/\/www.azelot.fr\/index.php?rest_route=%2Fwp%2Fv2%2Fcategories&post=6968"},{"taxonomy":"post_tag","embeddable":true,"href":"https:\/\/www.azelot.fr\/index.php?rest_route=%2Fwp%2Fv2%2Ftags&post=6968"}],"curies":[{"name":"wp","href":"https:\/\/api.w.org\/{rel}","templated":true}]}}