{"id":692,"date":"2012-11-13T20:39:58","date_gmt":"2012-11-13T18:39:58","guid":{"rendered":"http:\/\/www.azelot.fr\/?p=692"},"modified":"2012-11-18T06:22:05","modified_gmt":"2012-11-18T04:22:05","slug":"commemoration-du-11-novembre","status":"publish","type":"post","link":"https:\/\/www.azelot.fr\/?p=692","title":{"rendered":"Comm\u00e9moration du 11 novembre"},"content":{"rendered":"<p>Une soixantaine de personnes \u00e9taient r\u00e9unies devant le monument de la commune pour c\u00e9l\u00e9brer cette \u00ab\u00a0f\u00eate de la victoire et de la paix\u00a0\u00bb.<\/p>\n<p>&nbsp;<\/p>\n<p style=\"text-align: center;\"><a href=\"https:\/\/www.azelot.fr\/wp-content\/uploads\/2012\/11\/005.jpg\" data-rel=\"lightbox-gallery-uTolGSAm\" data-rl_title=\"\" data-rl_caption=\"\"><img loading=\"lazy\" decoding=\"async\" class=\"aligncenter size-large wp-image-698\" title=\"\" src=\"https:\/\/www.azelot.fr\/wp-content\/uploads\/2012\/11\/005-1024x768.jpg\" alt=\"\" width=\"630\" height=\"472\" srcset=\"https:\/\/www.azelot.fr\/wp-content\/uploads\/2012\/11\/005-1024x768.jpg 1024w, https:\/\/www.azelot.fr\/wp-content\/uploads\/2012\/11\/005-300x225.jpg 300w\" sizes=\"auto, (max-width: 630px) 100vw, 630px\" \/><\/a><\/p>\n<p>La c\u00e9r\u00e9monie patriotique s&rsquo;est ouverte avec la lecture d&rsquo;un r\u00e9cit sur les guerres balkaniques de 1912-1913, pr\u00e9ludes, il y a cent ans, de la grande guerre.<\/p>\n<p><!--more--><\/p>\n<p style=\"text-align: center;\"><a href=\"https:\/\/www.azelot.fr\/wp-content\/uploads\/2012\/11\/008.jpg\" data-rel=\"lightbox-gallery-uTolGSAm\" data-rl_title=\"\" data-rl_caption=\"\"><img loading=\"lazy\" decoding=\"async\" class=\"aligncenter size-large wp-image-699\" title=\"\" src=\"https:\/\/www.azelot.fr\/wp-content\/uploads\/2012\/11\/008-1024x682.jpg\" alt=\"\" width=\"630\" height=\"419\" srcset=\"https:\/\/www.azelot.fr\/wp-content\/uploads\/2012\/11\/008-1024x682.jpg 1024w, https:\/\/www.azelot.fr\/wp-content\/uploads\/2012\/11\/008-300x200.jpg 300w, https:\/\/www.azelot.fr\/wp-content\/uploads\/2012\/11\/008.jpg 1266w\" sizes=\"auto, (max-width: 630px) 100vw, 630px\" \/><\/a><\/p>\n<p>Jean-Claude Pissenem a lu le discours du Secr\u00e9taire d&rsquo; Etat aux anciens combattants, Kader Arif. Furent ensuite \u00e9nonc\u00e9s \u00e0 voix haute les noms des morts inscrits sur le monument.<\/p>\n<p>&nbsp;<\/p>\n<p style=\"text-align: center;\"><a href=\"https:\/\/www.azelot.fr\/wp-content\/uploads\/2012\/11\/009.jpg\" data-rel=\"lightbox-gallery-uTolGSAm\" data-rl_title=\"\" data-rl_caption=\"\"><img loading=\"lazy\" decoding=\"async\" class=\"aligncenter size-large wp-image-700\" title=\"\" src=\"https:\/\/www.azelot.fr\/wp-content\/uploads\/2012\/11\/009-1024x683.jpg\" alt=\"\" width=\"630\" height=\"420\" srcset=\"https:\/\/www.azelot.fr\/wp-content\/uploads\/2012\/11\/009-1024x683.jpg 1024w, https:\/\/www.azelot.fr\/wp-content\/uploads\/2012\/11\/009-300x200.jpg 300w\" sizes=\"auto, (max-width: 630px) 100vw, 630px\" \/><\/a><\/p>\n<p>Des enfants de la commune ont d\u00e9pos\u00e9 une gerbe de coquelicots sur les quatre tombes des travailleurs indiens du Commonwealth se trouvant dans le cimeti\u00e8re. Cette gerbe est envoy\u00e9e, chaque ann\u00e9e, par un sujet britannique, habitant Knutsford.<\/p>\n<p>&nbsp;<\/p>\n<p style=\"text-align: center;\"><a href=\"https:\/\/www.azelot.fr\/wp-content\/uploads\/2012\/11\/001.jpg\" data-rel=\"lightbox-gallery-uTolGSAm\" data-rl_title=\"\" data-rl_caption=\"\"><img loading=\"lazy\" decoding=\"async\" class=\"aligncenter size-large wp-image-701\" title=\"\" src=\"https:\/\/www.azelot.fr\/wp-content\/uploads\/2012\/11\/001-681x1024.jpg\" alt=\"\" width=\"630\" height=\"947\" srcset=\"https:\/\/www.azelot.fr\/wp-content\/uploads\/2012\/11\/001-681x1024.jpg 681w, https:\/\/www.azelot.fr\/wp-content\/uploads\/2012\/11\/001-199x300.jpg 199w, https:\/\/www.azelot.fr\/wp-content\/uploads\/2012\/11\/001.jpg 1412w\" sizes=\"auto, (max-width: 630px) 100vw, 630px\" \/><\/a><\/p>\n<p>&nbsp;<\/p>\n","protected":false},"excerpt":{"rendered":"<p>Une soixantaine de personnes \u00e9taient r\u00e9unies devant le monument de la commune pour c\u00e9l\u00e9brer cette \u00ab\u00a0f\u00eate de la victoire et de la paix\u00a0\u00bb. &nbsp; La c\u00e9r\u00e9monie patriotique s&rsquo;est ouverte avec la lecture d&rsquo;un r\u00e9cit sur les guerres balkaniques de 1912-1913,&#8230;<br \/><a class=\"read-more-button\" href=\"https:\/\/www.azelot.fr\/?p=692\">Savoir plus<\/a><\/p>\n","protected":false},"author":4,"featured_media":0,"comment_status":"open","ping_status":"open","sticky":false,"template":"","format":"standard","meta":{"activitypub_content_warning":"","activitypub_content_visibility":"","activitypub_max_image_attachments":4,"activitypub_interaction_policy_quote":"","activitypub_status":"","footnotes":""},"categories":[4],"tags":[98,97,11],"class_list":["post-692","post","type-post","status-publish","format-standard","hentry","category-mairie","tag-11-novembre","tag-commemoration","tag-compte-rendu"],"_links":{"self":[{"href":"https:\/\/www.azelot.fr\/index.php?rest_route=\/wp\/v2\/posts\/692","targetHints":{"allow":["GET"]}}],"collection":[{"href":"https:\/\/www.azelot.fr\/index.php?rest_route=\/wp\/v2\/posts"}],"about":[{"href":"https:\/\/www.azelot.fr\/index.php?rest_route=\/wp\/v2\/types\/post"}],"author":[{"embeddable":true,"href":"https:\/\/www.azelot.fr\/index.php?rest_route=\/wp\/v2\/users\/4"}],"replies":[{"embeddable":true,"href":"https:\/\/www.azelot.fr\/index.php?rest_route=%2Fwp%2Fv2%2Fcomments&post=692"}],"version-history":[{"count":6,"href":"https:\/\/www.azelot.fr\/index.php?rest_route=\/wp\/v2\/posts\/692\/revisions"}],"predecessor-version":[{"id":725,"href":"https:\/\/www.azelot.fr\/index.php?rest_route=\/wp\/v2\/posts\/692\/revisions\/725"}],"wp:attachment":[{"href":"https:\/\/www.azelot.fr\/index.php?rest_route=%2Fwp%2Fv2%2Fmedia&parent=692"}],"wp:term":[{"taxonomy":"category","embeddable":true,"href":"https:\/\/www.azelot.fr\/index.php?rest_route=%2Fwp%2Fv2%2Fcategories&post=692"},{"taxonomy":"post_tag","embeddable":true,"href":"https:\/\/www.azelot.fr\/index.php?rest_route=%2Fwp%2Fv2%2Ftags&post=692"}],"curies":[{"name":"wp","href":"https:\/\/api.w.org\/{rel}","templated":true}]}}