{"id":5327,"date":"2017-11-16T23:52:43","date_gmt":"2017-11-16T22:52:43","guid":{"rendered":"http:\/\/www.azelot.fr\/?p=5327"},"modified":"2017-11-17T09:26:19","modified_gmt":"2017-11-17T08:26:19","slug":"resultat-du-concours-2107-des-maisons-fleuries-dazelot-remise-des-prix-le-11-novembre","status":"publish","type":"post","link":"https:\/\/www.azelot.fr\/?p=5327","title":{"rendered":"R\u00e9sultat du concours 2107 des Maisons Fleuries d&rsquo;Azelot, remise des prix le 11 novembre"},"content":{"rendered":"<p>Apr\u00e8s la comm\u00e9moration du 11 novembre autour du monument aux morts au cimeti\u00e8re, les personnes se sont retrouv\u00e9es dans la salle communale, pour la remise des prix du concours 2107 des Maisons fleuries d&rsquo;Azelot.<\/p>\n<p><a href=\"https:\/\/www.azelot.fr\/?attachment_id=5339\" rel=\"attachment wp-att-5339\"><img loading=\"lazy\" decoding=\"async\" class=\"size-large wp-image-5339\" src=\"https:\/\/www.azelot.fr\/wp-content\/uploads\/2017\/11\/033-1024x709.jpg\" alt=\"\" width=\"1024\" height=\"709\" srcset=\"https:\/\/www.azelot.fr\/wp-content\/uploads\/2017\/11\/033-1024x709.jpg 1024w, https:\/\/www.azelot.fr\/wp-content\/uploads\/2017\/11\/033-300x208.jpg 300w, https:\/\/www.azelot.fr\/wp-content\/uploads\/2017\/11\/033-768x532.jpg 768w, https:\/\/www.azelot.fr\/wp-content\/uploads\/2017\/11\/033-1170x810.jpg 1170w\" sizes=\"auto, (max-width: 1024px) 100vw, 1024px\" \/><\/a><\/p>\n<p>5 Prix d&rsquo;Excellence ont \u00e9t\u00e9 remis, accompagn\u00e9s d&rsquo;une composition florale : Mme et M. Chatre, Mme et M. Da Cruz, Mme et M. Lassausse, Mme et M. Lopes, Mme et M. Perrin.<\/p>\n<p><a href=\"https:\/\/www.azelot.fr\/?attachment_id=5340\" rel=\"attachment wp-att-5340\"><img loading=\"lazy\" decoding=\"async\" class=\"size-large wp-image-5340\" src=\"https:\/\/www.azelot.fr\/wp-content\/uploads\/2017\/11\/030-726x1024.jpg\" alt=\"\" width=\"726\" height=\"1024\" srcset=\"https:\/\/www.azelot.fr\/wp-content\/uploads\/2017\/11\/030-726x1024.jpg 726w, https:\/\/www.azelot.fr\/wp-content\/uploads\/2017\/11\/030-213x300.jpg 213w, https:\/\/www.azelot.fr\/wp-content\/uploads\/2017\/11\/030-768x1083.jpg 768w, https:\/\/www.azelot.fr\/wp-content\/uploads\/2017\/11\/030-1170x1650.jpg 1170w\" sizes=\"auto, (max-width: 726px) 100vw, 726px\" \/><\/a><\/p>\n<p>24 Prix d&rsquo;Honneur ont \u00e9t\u00e9 attribu\u00e9s, accompagn\u00e9s d&rsquo;une fleur : Mme et M. All\u00e8gre, Mme Banzet, Mme et M. Barbas, Mme et M. Bigar\u00e9, Mme et M. Michel Carnet, Mme et M. Ch\u00e9taud, Mme Etienne, M. Geollot, Mme Aur\u00e9lie Griffon, MMe et M. G\u00e9rard Hirtt, Mme Lacheur, Mme et M. Laffont, Mme et M. Lebard, Mme et M. Marcillat, Mme et M. Maire, Mme et M. Meinguss, Mme Mouginot, Mme et M. Pessotto, Mme et M. Protois, Mme et M. Schaff, Mme et M. Jean-Marie Tacail, Mme et M. Michl Tacail, Mme et M. Villemein, Mme et M. Yellet,<\/p>\n<p><a href=\"https:\/\/www.azelot.fr\/?attachment_id=5341\" rel=\"attachment wp-att-5341\"><img loading=\"lazy\" decoding=\"async\" class=\"size-large wp-image-5341\" src=\"https:\/\/www.azelot.fr\/wp-content\/uploads\/2017\/11\/035-1024x768.jpg\" alt=\"\" width=\"1024\" height=\"768\" srcset=\"https:\/\/www.azelot.fr\/wp-content\/uploads\/2017\/11\/035-1024x768.jpg 1024w, https:\/\/www.azelot.fr\/wp-content\/uploads\/2017\/11\/035-300x225.jpg 300w, https:\/\/www.azelot.fr\/wp-content\/uploads\/2017\/11\/035-768x576.jpg 768w, https:\/\/www.azelot.fr\/wp-content\/uploads\/2017\/11\/035-1170x878.jpg 1170w\" sizes=\"auto, (max-width: 1024px) 100vw, 1024px\" \/><\/a><\/p>\n<p>Les familles qui s&rsquo;occupent des trois jardins partag\u00e9s ont \u00e9t\u00e9 remerci\u00e9es et ont re\u00e7u une fleur.<\/p>\n<p>Les deux employ\u00e9s de la Mairie ont \u00e9t\u00e9 associ\u00e9s au bon r\u00e9sultat du fleurissement du village, ainsi que les personnes ayant aid\u00e9 \u00e0 la plantation et \u00e0 l&rsquo;entretien des massifs. Mme Mouginot a \u00e9t\u00e9 cit\u00e9e pour l&rsquo;entretien complet du massif devant sa maison, en bordure de route.<\/p>\n<p><a href=\"https:\/\/www.azelot.fr\/wp-content\/uploads\/2017\/11\/PB110104.jpg\" data-rel=\"lightbox-gallery-mXtZLAQ5\" data-rl_title=\"\" data-rl_caption=\"\" title=\"\"><img loading=\"lazy\" decoding=\"async\" class=\"aligncenter size-large wp-image-5333\" src=\"https:\/\/www.azelot.fr\/wp-content\/uploads\/2017\/11\/PB110104-1024x768.jpg\" alt=\"\" width=\"1024\" height=\"768\" srcset=\"https:\/\/www.azelot.fr\/wp-content\/uploads\/2017\/11\/PB110104-1024x768.jpg 1024w, https:\/\/www.azelot.fr\/wp-content\/uploads\/2017\/11\/PB110104-300x225.jpg 300w, https:\/\/www.azelot.fr\/wp-content\/uploads\/2017\/11\/PB110104-768x576.jpg 768w, https:\/\/www.azelot.fr\/wp-content\/uploads\/2017\/11\/PB110104-1170x878.jpg 1170w\" sizes=\"auto, (max-width: 1024px) 100vw, 1024px\" \/><\/a>Le prix sp\u00e9cial du d\u00e9partement, obtenu par Azelot pour la valorisation du patrimoine avec la cr\u00e9ation du c\u0153ur de village, a \u00e9t\u00e9 pr\u00e9sent\u00e9 : superbe r\u00e9alisation en p\u00e2te de verre reprenant le fleurissement devant la mairie.<\/p>\n<p><a href=\"https:\/\/www.azelot.fr\/?attachment_id=5342\" rel=\"attachment wp-att-5342\"><img loading=\"lazy\" decoding=\"async\" class=\"size-large wp-image-5342\" src=\"https:\/\/www.azelot.fr\/wp-content\/uploads\/2017\/11\/037-1024x724.jpg\" alt=\"\" width=\"1024\" height=\"724\" srcset=\"https:\/\/www.azelot.fr\/wp-content\/uploads\/2017\/11\/037-1024x724.jpg 1024w, https:\/\/www.azelot.fr\/wp-content\/uploads\/2017\/11\/037-300x212.jpg 300w, https:\/\/www.azelot.fr\/wp-content\/uploads\/2017\/11\/037-768x543.jpg 768w, https:\/\/www.azelot.fr\/wp-content\/uploads\/2017\/11\/037-1170x827.jpg 1170w\" sizes=\"auto, (max-width: 1024px) 100vw, 1024px\" \/><\/a><\/p>\n<p>Le pot de l&rsquo;amiti\u00e9, offert par la municipalit\u00e9, a clos cette matin\u00e9e arros\u00e9e.<\/p>\n<p><a href=\"https:\/\/www.azelot.fr\/wp-content\/uploads\/2017\/11\/PB110108.jpg\" data-rel=\"lightbox-gallery-mXtZLAQ5\" data-rl_title=\"\" data-rl_caption=\"\" title=\"\"><img loading=\"lazy\" decoding=\"async\" class=\"aligncenter size-large wp-image-5334\" src=\"https:\/\/www.azelot.fr\/wp-content\/uploads\/2017\/11\/PB110108-1024x768.jpg\" alt=\"\" width=\"1024\" height=\"768\" srcset=\"https:\/\/www.azelot.fr\/wp-content\/uploads\/2017\/11\/PB110108-1024x768.jpg 1024w, https:\/\/www.azelot.fr\/wp-content\/uploads\/2017\/11\/PB110108-300x225.jpg 300w, https:\/\/www.azelot.fr\/wp-content\/uploads\/2017\/11\/PB110108-768x576.jpg 768w, https:\/\/www.azelot.fr\/wp-content\/uploads\/2017\/11\/PB110108-1170x878.jpg 1170w\" sizes=\"auto, (max-width: 1024px) 100vw, 1024px\" \/><\/a>Encore merci \u00e0 tous pour la valorisation paysag\u00e8re d&rsquo;Azelot et l&rsquo;entretien de notre patrimoine \u00e9cologique, vert bien s\u00fbr mais aussi de toutes les couleurs, comme l&rsquo;ont montr\u00e9 les photos projet\u00e9es en boucle sur un \u00e9cran lors de la c\u00e9r\u00e9monie.<\/p>\n<p>&nbsp;<\/p>\n<p>_\u00a0\u00a0\u00a0\u00a0\u00a0\u00a0\u00a0\u00a0\u00a0\u00a0\u00a0\u00a0\u00a0\u00a0\u00a0\u00a0\u00a0\u00a0\u00a0\u00a0\u00a0\u00a0\u00a0\u00a0\u00a0\u00a0\u00a0\u00a0\u00a0\u00a0\u00a0\u00a0\u00a0\u00a0 Les membres de la commission environnement : Martine Griffon, Sandra Jeannot, R\u00e9mi Poirot, Claude Richon<\/p>\n","protected":false},"excerpt":{"rendered":"<p>Apr\u00e8s la comm\u00e9moration du 11 novembre autour du monument aux morts au cimeti\u00e8re, les personnes se sont retrouv\u00e9es dans la salle communale, pour la remise des prix du concours 2107 des Maisons fleuries d&rsquo;Azelot. 5 Prix d&rsquo;Excellence ont \u00e9t\u00e9 remis,&#8230;<br \/><a class=\"read-more-button\" href=\"https:\/\/www.azelot.fr\/?p=5327\">Savoir plus<\/a><\/p>\n","protected":false},"author":12,"featured_media":0,"comment_status":"open","ping_status":"open","sticky":false,"template":"","format":"standard","meta":{"activitypub_content_warning":"","activitypub_content_visibility":"","activitypub_max_image_attachments":4,"activitypub_interaction_policy_quote":"","activitypub_status":"","footnotes":""},"categories":[4],"tags":[],"class_list":["post-5327","post","type-post","status-publish","format-standard","hentry","category-mairie"],"_links":{"self":[{"href":"https:\/\/www.azelot.fr\/index.php?rest_route=\/wp\/v2\/posts\/5327","targetHints":{"allow":["GET"]}}],"collection":[{"href":"https:\/\/www.azelot.fr\/index.php?rest_route=\/wp\/v2\/posts"}],"about":[{"href":"https:\/\/www.azelot.fr\/index.php?rest_route=\/wp\/v2\/types\/post"}],"author":[{"embeddable":true,"href":"https:\/\/www.azelot.fr\/index.php?rest_route=\/wp\/v2\/users\/12"}],"replies":[{"embeddable":true,"href":"https:\/\/www.azelot.fr\/index.php?rest_route=%2Fwp%2Fv2%2Fcomments&post=5327"}],"version-history":[{"count":8,"href":"https:\/\/www.azelot.fr\/index.php?rest_route=\/wp\/v2\/posts\/5327\/revisions"}],"predecessor-version":[{"id":5344,"href":"https:\/\/www.azelot.fr\/index.php?rest_route=\/wp\/v2\/posts\/5327\/revisions\/5344"}],"wp:attachment":[{"href":"https:\/\/www.azelot.fr\/index.php?rest_route=%2Fwp%2Fv2%2Fmedia&parent=5327"}],"wp:term":[{"taxonomy":"category","embeddable":true,"href":"https:\/\/www.azelot.fr\/index.php?rest_route=%2Fwp%2Fv2%2Fcategories&post=5327"},{"taxonomy":"post_tag","embeddable":true,"href":"https:\/\/www.azelot.fr\/index.php?rest_route=%2Fwp%2Fv2%2Ftags&post=5327"}],"curies":[{"name":"wp","href":"https:\/\/api.w.org\/{rel}","templated":true}]}}