{"id":5165,"date":"2017-08-24T09:53:25","date_gmt":"2017-08-24T07:53:25","guid":{"rendered":"http:\/\/www.azelot.fr\/?p=5165"},"modified":"2017-08-24T09:53:25","modified_gmt":"2017-08-24T07:53:25","slug":"le-festival-sauvage-est-de-retour","status":"publish","type":"post","link":"https:\/\/www.azelot.fr\/?p=5165","title":{"rendered":"Le Festival Sauvage est de retour"},"content":{"rendered":"<p>Pour sa 7\u00e8me \u00e9dition, le <a href=\"https:\/\/www.festivalsauvage.org\/\" target=\"_blank\" rel=\"noopener\">Festival Sauvage<\/a> sera pr\u00e9sent \u00e0 Saint-Nicolas de Port le samedi 2 septembre prochain. Pour ceux qui avaient appr\u00e9ci\u00e9 l&rsquo;\u00e9v\u00e9nement \u00e0\u00a0<a href=\"https:\/\/www.azelot.fr\/?p=4069\">Azelot l&rsquo;ann\u00e9e derni\u00e8re<\/a> ce sera l&rsquo;occasion de retrouver l&rsquo;ambiance et les animations propos\u00e9s par l&rsquo;Atelier vert et les associations de Saint-Nicolas. Pour les autres, n&rsquo;h\u00e9sitez pas \u00e0 venir d\u00e9couvrir cet \u00e9v\u00e9nement festif de grande qualit\u00e9.<\/p>\n<p><a href=\"https:\/\/www.azelot.fr\/wp-content\/uploads\/2017\/08\/affiche-festival-sauvage-2017-001.jpg\" data-rel=\"lightbox-gallery-nCYf0fiO\" data-rl_title=\"\" data-rl_caption=\"\" title=\"\"><img loading=\"lazy\" decoding=\"async\" class=\"aligncenter size-large wp-image-5167\" src=\"https:\/\/www.azelot.fr\/wp-content\/uploads\/2017\/08\/affiche-festival-sauvage-2017-001-727x1024.jpg\" alt=\"\" width=\"727\" height=\"1024\" srcset=\"https:\/\/www.azelot.fr\/wp-content\/uploads\/2017\/08\/affiche-festival-sauvage-2017-001-727x1024.jpg 727w, https:\/\/www.azelot.fr\/wp-content\/uploads\/2017\/08\/affiche-festival-sauvage-2017-001-213x300.jpg 213w, https:\/\/www.azelot.fr\/wp-content\/uploads\/2017\/08\/affiche-festival-sauvage-2017-001-768x1082.jpg 768w, https:\/\/www.azelot.fr\/wp-content\/uploads\/2017\/08\/affiche-festival-sauvage-2017-001-1170x1648.jpg 1170w, https:\/\/www.azelot.fr\/wp-content\/uploads\/2017\/08\/affiche-festival-sauvage-2017-001.jpg 1200w\" sizes=\"auto, (max-width: 727px) 100vw, 727px\" \/><\/a> <a href=\"https:\/\/www.azelot.fr\/wp-content\/uploads\/2017\/08\/affiche-2-festival-sauvage-2017-001.jpg\" data-rel=\"lightbox-gallery-nCYf0fiO\" data-rl_title=\"\" data-rl_caption=\"\" title=\"\"><img loading=\"lazy\" decoding=\"async\" class=\"aligncenter size-large wp-image-5166\" src=\"https:\/\/www.azelot.fr\/wp-content\/uploads\/2017\/08\/affiche-2-festival-sauvage-2017-001-703x1024.jpg\" alt=\"\" width=\"703\" height=\"1024\" \/><\/a><\/p>\n","protected":false},"excerpt":{"rendered":"<p>Pour sa 7\u00e8me \u00e9dition, le Festival Sauvage sera pr\u00e9sent \u00e0 Saint-Nicolas de Port le samedi 2 septembre prochain. Pour ceux qui avaient appr\u00e9ci\u00e9 l&rsquo;\u00e9v\u00e9nement \u00e0\u00a0Azelot l&rsquo;ann\u00e9e derni\u00e8re ce sera l&rsquo;occasion de retrouver l&rsquo;ambiance et les animations propos\u00e9s par l&rsquo;Atelier vert&#8230;<br \/><a class=\"read-more-button\" href=\"https:\/\/www.azelot.fr\/?p=5165\">Savoir plus<\/a><\/p>\n","protected":false},"author":3,"featured_media":0,"comment_status":"open","ping_status":"open","sticky":false,"template":"","format":"standard","meta":{"activitypub_content_warning":"","activitypub_content_visibility":"","activitypub_max_image_attachments":4,"activitypub_interaction_policy_quote":"","activitypub_status":"","footnotes":""},"categories":[5],"tags":[],"class_list":["post-5165","post","type-post","status-publish","format-standard","hentry","category-foyer-rural"],"_links":{"self":[{"href":"https:\/\/www.azelot.fr\/index.php?rest_route=\/wp\/v2\/posts\/5165","targetHints":{"allow":["GET"]}}],"collection":[{"href":"https:\/\/www.azelot.fr\/index.php?rest_route=\/wp\/v2\/posts"}],"about":[{"href":"https:\/\/www.azelot.fr\/index.php?rest_route=\/wp\/v2\/types\/post"}],"author":[{"embeddable":true,"href":"https:\/\/www.azelot.fr\/index.php?rest_route=\/wp\/v2\/users\/3"}],"replies":[{"embeddable":true,"href":"https:\/\/www.azelot.fr\/index.php?rest_route=%2Fwp%2Fv2%2Fcomments&post=5165"}],"version-history":[{"count":4,"href":"https:\/\/www.azelot.fr\/index.php?rest_route=\/wp\/v2\/posts\/5165\/revisions"}],"predecessor-version":[{"id":5172,"href":"https:\/\/www.azelot.fr\/index.php?rest_route=\/wp\/v2\/posts\/5165\/revisions\/5172"}],"wp:attachment":[{"href":"https:\/\/www.azelot.fr\/index.php?rest_route=%2Fwp%2Fv2%2Fmedia&parent=5165"}],"wp:term":[{"taxonomy":"category","embeddable":true,"href":"https:\/\/www.azelot.fr\/index.php?rest_route=%2Fwp%2Fv2%2Fcategories&post=5165"},{"taxonomy":"post_tag","embeddable":true,"href":"https:\/\/www.azelot.fr\/index.php?rest_route=%2Fwp%2Fv2%2Ftags&post=5165"}],"curies":[{"name":"wp","href":"https:\/\/api.w.org\/{rel}","templated":true}]}}