{"id":4660,"date":"2017-04-13T19:51:14","date_gmt":"2017-04-13T17:51:14","guid":{"rendered":"http:\/\/www.azelot.fr\/?p=4660"},"modified":"2017-04-22T16:32:19","modified_gmt":"2017-04-22T14:32:19","slug":"quand-les-enfants-font-leur-cirque","status":"publish","type":"post","link":"https:\/\/www.azelot.fr\/?p=4660","title":{"rendered":"Quand les enfants font leur cirque"},"content":{"rendered":"<p>Traditionnellement, les vacances de P\u00e2ques se conjuguent avec stage cirque au foyer rural d&rsquo;Azelot. Cette ann\u00e9e encore, ils sont 25 enfants de 6 \u00e0 13 ans, venant d&rsquo;Azelot mais aussi des villages environnants (environ moiti\u00e9\/moiti\u00e9) &#8230;<\/p>\n<p><a href=\"https:\/\/www.azelot.fr\/?attachment_id=4661\" rel=\"attachment wp-att-4661\"><img loading=\"lazy\" decoding=\"async\" class=\"aligncenter size-large wp-image-4661\" src=\"https:\/\/www.azelot.fr\/wp-content\/uploads\/2017\/04\/P1020707-1024x724.jpg\" alt=\"\" width=\"1024\" height=\"724\" srcset=\"https:\/\/www.azelot.fr\/wp-content\/uploads\/2017\/04\/P1020707-1024x724.jpg 1024w, https:\/\/www.azelot.fr\/wp-content\/uploads\/2017\/04\/P1020707-300x212.jpg 300w, https:\/\/www.azelot.fr\/wp-content\/uploads\/2017\/04\/P1020707-768x543.jpg 768w, https:\/\/www.azelot.fr\/wp-content\/uploads\/2017\/04\/P1020707-1170x827.jpg 1170w\" sizes=\"auto, (max-width: 1024px) 100vw, 1024px\" \/><\/a><\/p>\n<p>&#8230;venus d\u00e9couvrir ou se perfectionner aux diff\u00e9rentes disciplines du cirque sous la houlette du c\u00e9l\u00e8bre PEPINO. Apr\u00e8s un \u00e9chauffement indispensable&#8230;<\/p>\n<p><a href=\"https:\/\/www.azelot.fr\/?attachment_id=4662\" rel=\"attachment wp-att-4662\"><img loading=\"lazy\" decoding=\"async\" class=\"aligncenter size-large wp-image-4662\" src=\"https:\/\/www.azelot.fr\/wp-content\/uploads\/2017\/04\/001-1-1024x768.jpg\" alt=\"\" width=\"1024\" height=\"768\" srcset=\"https:\/\/www.azelot.fr\/wp-content\/uploads\/2017\/04\/001-1-1024x768.jpg 1024w, https:\/\/www.azelot.fr\/wp-content\/uploads\/2017\/04\/001-1-300x225.jpg 300w, https:\/\/www.azelot.fr\/wp-content\/uploads\/2017\/04\/001-1-768x576.jpg 768w, https:\/\/www.azelot.fr\/wp-content\/uploads\/2017\/04\/001-1-1170x878.jpg 1170w, https:\/\/www.azelot.fr\/wp-content\/uploads\/2017\/04\/001-1.jpg 1280w\" sizes=\"auto, (max-width: 1024px) 100vw, 1024px\" \/><\/a>&#8230;les exercices d&rsquo;\u00e9quilibre, d&rsquo;adresse ou de jonglerie sont r\u00e9alis\u00e9s&#8230;<\/p>\n<p><a href=\"https:\/\/www.azelot.fr\/?attachment_id=4663\" rel=\"attachment wp-att-4663\"><img loading=\"lazy\" decoding=\"async\" class=\"aligncenter size-large wp-image-4663\" src=\"https:\/\/www.azelot.fr\/wp-content\/uploads\/2017\/04\/P1020704-1024x724.jpg\" alt=\"\" width=\"1024\" height=\"724\" srcset=\"https:\/\/www.azelot.fr\/wp-content\/uploads\/2017\/04\/P1020704-1024x724.jpg 1024w, https:\/\/www.azelot.fr\/wp-content\/uploads\/2017\/04\/P1020704-300x212.jpg 300w, https:\/\/www.azelot.fr\/wp-content\/uploads\/2017\/04\/P1020704-768x543.jpg 768w, https:\/\/www.azelot.fr\/wp-content\/uploads\/2017\/04\/P1020704-1170x828.jpg 1170w\" sizes=\"auto, (max-width: 1024px) 100vw, 1024px\" \/><\/a><a href=\"https:\/\/www.azelot.fr\/?attachment_id=4664\" rel=\"attachment wp-att-4664\"><img loading=\"lazy\" decoding=\"async\" class=\"aligncenter size-large wp-image-4664\" src=\"https:\/\/www.azelot.fr\/wp-content\/uploads\/2017\/04\/P1020705-1024x724.jpg\" alt=\"\" width=\"1024\" height=\"724\" srcset=\"https:\/\/www.azelot.fr\/wp-content\/uploads\/2017\/04\/P1020705-1024x724.jpg 1024w, https:\/\/www.azelot.fr\/wp-content\/uploads\/2017\/04\/P1020705-300x212.jpg 300w, https:\/\/www.azelot.fr\/wp-content\/uploads\/2017\/04\/P1020705-768x543.jpg 768w, https:\/\/www.azelot.fr\/wp-content\/uploads\/2017\/04\/P1020705-1170x827.jpg 1170w\" sizes=\"auto, (max-width: 1024px) 100vw, 1024px\" \/><\/a>&#8230;pour pr\u00e9parer le spectacle de vendredi 14 avril \u00e0 17 H sous la halle (venez nombreux, l&rsquo;entr\u00e9e est libre !) annonc\u00e9 par l&rsquo;affiche dessin\u00e9e par les enfants. Ils pourront \u00e0 cette occasion montrer \u00e0 leurs parents et amis qu&rsquo;ils sont devenus de vrais petits saltimbanques.<\/p>\n<p><a href=\"https:\/\/www.azelot.fr\/?attachment_id=4665\" rel=\"attachment wp-att-4665\"><img loading=\"lazy\" decoding=\"async\" class=\"aligncenter size-full wp-image-4665\" src=\"https:\/\/www.azelot.fr\/wp-content\/uploads\/2017\/04\/003-2.jpg\" alt=\"\" width=\"638\" height=\"902\" srcset=\"https:\/\/www.azelot.fr\/wp-content\/uploads\/2017\/04\/003-2.jpg 638w, https:\/\/www.azelot.fr\/wp-content\/uploads\/2017\/04\/003-2-212x300.jpg 212w\" sizes=\"auto, (max-width: 638px) 100vw, 638px\" \/><\/a>En plus de PEPINO pour la partie purement technique et artistique, ce stage b\u00e9n\u00e9ficie d&rsquo;un encadrement comp\u00e9tent (Nelly, Lucie et C\u00e9line) et d&rsquo;un chef-cuistot renomm\u00e9 (Patrick) qui g\u00e8re parfaitement les repas pris sur place. D&rsquo;ailleurs, en fin de repas,les assiettes vides attestent de la qualit\u00e9 des mets propos\u00e9s&#8230;<\/p>\n<p><a href=\"https:\/\/www.azelot.fr\/?attachment_id=4666\" rel=\"attachment wp-att-4666\"><img loading=\"lazy\" decoding=\"async\" class=\"aligncenter size-full wp-image-4666\" src=\"https:\/\/www.azelot.fr\/wp-content\/uploads\/2017\/04\/001-2.jpg\" alt=\"\" width=\"642\" height=\"908\" srcset=\"https:\/\/www.azelot.fr\/wp-content\/uploads\/2017\/04\/001-2.jpg 642w, https:\/\/www.azelot.fr\/wp-content\/uploads\/2017\/04\/001-2-212x300.jpg 212w\" sizes=\"auto, (max-width: 642px) 100vw, 642px\" \/><\/a><a href=\"https:\/\/www.azelot.fr\/?attachment_id=4667\" rel=\"attachment wp-att-4667\"><img loading=\"lazy\" decoding=\"async\" class=\"aligncenter size-large wp-image-4667\" src=\"https:\/\/www.azelot.fr\/wp-content\/uploads\/2017\/04\/004-2-1024x725.jpg\" alt=\"\" width=\"1024\" height=\"725\" srcset=\"https:\/\/www.azelot.fr\/wp-content\/uploads\/2017\/04\/004-2-1024x725.jpg 1024w, https:\/\/www.azelot.fr\/wp-content\/uploads\/2017\/04\/004-2-300x212.jpg 300w, https:\/\/www.azelot.fr\/wp-content\/uploads\/2017\/04\/004-2-768x544.jpg 768w, https:\/\/www.azelot.fr\/wp-content\/uploads\/2017\/04\/004-2.jpg 1127w\" sizes=\"auto, (max-width: 1024px) 100vw, 1024px\" \/><\/a>Et \u00e0 vendredi, sous le soleil !<\/p>\n","protected":false},"excerpt":{"rendered":"<p>Traditionnellement, les vacances de P\u00e2ques se conjuguent avec stage cirque au foyer rural d&rsquo;Azelot. Cette ann\u00e9e encore, ils sont 25 enfants de 6 \u00e0 13 ans, venant d&rsquo;Azelot mais aussi des villages environnants (environ moiti\u00e9\/moiti\u00e9) &#8230; &#8230;venus d\u00e9couvrir ou se&#8230;<br \/><a class=\"read-more-button\" href=\"https:\/\/www.azelot.fr\/?p=4660\">Savoir plus<\/a><\/p>\n","protected":false},"author":2,"featured_media":0,"comment_status":"open","ping_status":"open","sticky":false,"template":"","format":"standard","meta":{"activitypub_content_warning":"","activitypub_content_visibility":"","activitypub_max_image_attachments":4,"activitypub_interaction_policy_quote":"","activitypub_status":"","footnotes":""},"categories":[5],"tags":[16,46],"class_list":["post-4660","post","type-post","status-publish","format-standard","hentry","category-foyer-rural","tag-cirque","tag-enfants"],"_links":{"self":[{"href":"https:\/\/www.azelot.fr\/index.php?rest_route=\/wp\/v2\/posts\/4660","targetHints":{"allow":["GET"]}}],"collection":[{"href":"https:\/\/www.azelot.fr\/index.php?rest_route=\/wp\/v2\/posts"}],"about":[{"href":"https:\/\/www.azelot.fr\/index.php?rest_route=\/wp\/v2\/types\/post"}],"author":[{"embeddable":true,"href":"https:\/\/www.azelot.fr\/index.php?rest_route=\/wp\/v2\/users\/2"}],"replies":[{"embeddable":true,"href":"https:\/\/www.azelot.fr\/index.php?rest_route=%2Fwp%2Fv2%2Fcomments&post=4660"}],"version-history":[{"count":1,"href":"https:\/\/www.azelot.fr\/index.php?rest_route=\/wp\/v2\/posts\/4660\/revisions"}],"predecessor-version":[{"id":4668,"href":"https:\/\/www.azelot.fr\/index.php?rest_route=\/wp\/v2\/posts\/4660\/revisions\/4668"}],"wp:attachment":[{"href":"https:\/\/www.azelot.fr\/index.php?rest_route=%2Fwp%2Fv2%2Fmedia&parent=4660"}],"wp:term":[{"taxonomy":"category","embeddable":true,"href":"https:\/\/www.azelot.fr\/index.php?rest_route=%2Fwp%2Fv2%2Fcategories&post=4660"},{"taxonomy":"post_tag","embeddable":true,"href":"https:\/\/www.azelot.fr\/index.php?rest_route=%2Fwp%2Fv2%2Ftags&post=4660"}],"curies":[{"name":"wp","href":"https:\/\/api.w.org\/{rel}","templated":true}]}}