{"id":4646,"date":"2017-04-10T10:57:58","date_gmt":"2017-04-10T08:57:58","guid":{"rendered":"http:\/\/www.azelot.fr\/?p=4646"},"modified":"2017-04-10T10:57:58","modified_gmt":"2017-04-10T08:57:58","slug":"la-course-de-voitures-a-pedales","status":"publish","type":"post","link":"https:\/\/www.azelot.fr\/?p=4646","title":{"rendered":"La course de voitures \u00e0 p\u00e9dales"},"content":{"rendered":"<p>Le <strong>21 mai prochain se d\u00e9roulera \u00e0 Coyviller une course de voitures \u00e0 p\u00e9dales<\/strong> construites par les foyers ruraux du Vermois.<\/p>\n<p>Cet hiver, Olivier a construit celle d&rsquo;Azelot \u00e0 partir de mat\u00e9riel de r\u00e9cup\u00e9ration. Ce samedi, elle sortait de la grange &#8230;<\/p>\n<p><a href=\"https:\/\/www.azelot.fr\/?attachment_id=4647\" rel=\"attachment wp-att-4647\"><img loading=\"lazy\" decoding=\"async\" class=\"aligncenter size-large wp-image-4647\" src=\"https:\/\/www.azelot.fr\/wp-content\/uploads\/2017\/04\/P1020699-1024x724.jpg\" alt=\"\" width=\"1024\" height=\"724\" srcset=\"https:\/\/www.azelot.fr\/wp-content\/uploads\/2017\/04\/P1020699-1024x724.jpg 1024w, https:\/\/www.azelot.fr\/wp-content\/uploads\/2017\/04\/P1020699-300x212.jpg 300w, https:\/\/www.azelot.fr\/wp-content\/uploads\/2017\/04\/P1020699-768x543.jpg 768w, https:\/\/www.azelot.fr\/wp-content\/uploads\/2017\/04\/P1020699-1170x827.jpg 1170w\" sizes=\"auto, (max-width: 1024px) 100vw, 1024px\" \/><\/a>&#8230;pour effectuer ses premiers tours de roues&#8230;<\/p>\n<p><a href=\"https:\/\/www.azelot.fr\/?attachment_id=4648\" rel=\"attachment wp-att-4648\"><img loading=\"lazy\" decoding=\"async\" class=\"aligncenter size-large wp-image-4648\" src=\"https:\/\/www.azelot.fr\/wp-content\/uploads\/2017\/04\/001-1024x723.jpg\" alt=\"\" width=\"1024\" height=\"723\" srcset=\"https:\/\/www.azelot.fr\/wp-content\/uploads\/2017\/04\/001-1024x723.jpg 1024w, https:\/\/www.azelot.fr\/wp-content\/uploads\/2017\/04\/001-300x212.jpg 300w, https:\/\/www.azelot.fr\/wp-content\/uploads\/2017\/04\/001-768x542.jpg 768w, https:\/\/www.azelot.fr\/wp-content\/uploads\/2017\/04\/001-1170x826.jpg 1170w\" sizes=\"auto, (max-width: 1024px) 100vw, 1024px\" \/><\/a>&#8230;et d\u00e9couvrir le travail accompli qui a conduit \u00e0 un engin particuli\u00e8rement sophistiqu\u00e9, s\u00fbr et solide&#8230;<\/p>\n<p><a href=\"https:\/\/www.azelot.fr\/?attachment_id=4649\" rel=\"attachment wp-att-4649\"><img loading=\"lazy\" decoding=\"async\" class=\"aligncenter size-large wp-image-4649\" src=\"https:\/\/www.azelot.fr\/wp-content\/uploads\/2017\/04\/003-1024x724.jpg\" alt=\"\" width=\"1024\" height=\"724\" srcset=\"https:\/\/www.azelot.fr\/wp-content\/uploads\/2017\/04\/003-1024x724.jpg 1024w, https:\/\/www.azelot.fr\/wp-content\/uploads\/2017\/04\/003-300x212.jpg 300w, https:\/\/www.azelot.fr\/wp-content\/uploads\/2017\/04\/003-768x543.jpg 768w, https:\/\/www.azelot.fr\/wp-content\/uploads\/2017\/04\/003-1170x828.jpg 1170w\" sizes=\"auto, (max-width: 1024px) 100vw, 1024px\" \/><\/a>&#8230;le train avant avec la direction, la suspension et le freinage&#8230;<\/p>\n<p><a href=\"https:\/\/www.azelot.fr\/?attachment_id=4650\" rel=\"attachment wp-att-4650\"><img loading=\"lazy\" decoding=\"async\" class=\"aligncenter size-large wp-image-4650\" src=\"https:\/\/www.azelot.fr\/wp-content\/uploads\/2017\/04\/004-1024x724.jpg\" alt=\"\" width=\"1024\" height=\"724\" srcset=\"https:\/\/www.azelot.fr\/wp-content\/uploads\/2017\/04\/004-1024x724.jpg 1024w, https:\/\/www.azelot.fr\/wp-content\/uploads\/2017\/04\/004-300x212.jpg 300w, https:\/\/www.azelot.fr\/wp-content\/uploads\/2017\/04\/004-768x543.jpg 768w, https:\/\/www.azelot.fr\/wp-content\/uploads\/2017\/04\/004-1170x827.jpg 1170w\" sizes=\"auto, (max-width: 1024px) 100vw, 1024px\" \/><\/a>&#8230;le train arri\u00e8re avec les changements de vitesse.<\/p>\n<p>Les essais de roulage ont \u00e9t\u00e9 conduits autour de la halle&#8230;<a href=\"https:\/\/www.azelot.fr\/?attachment_id=4651\" rel=\"attachment wp-att-4651\"><img loading=\"lazy\" decoding=\"async\" class=\"aligncenter size-large wp-image-4651\" src=\"https:\/\/www.azelot.fr\/wp-content\/uploads\/2017\/04\/005-1024x724.jpg\" alt=\"\" width=\"1024\" height=\"724\" srcset=\"https:\/\/www.azelot.fr\/wp-content\/uploads\/2017\/04\/005-1024x724.jpg 1024w, https:\/\/www.azelot.fr\/wp-content\/uploads\/2017\/04\/005-300x212.jpg 300w, https:\/\/www.azelot.fr\/wp-content\/uploads\/2017\/04\/005-768x543.jpg 768w, https:\/\/www.azelot.fr\/wp-content\/uploads\/2017\/04\/005-1170x827.jpg 1170w\" sizes=\"auto, (max-width: 1024px) 100vw, 1024px\" \/><\/a>&#8230;et m\u00eame autour de l&rsquo;\u00e9glise&#8230;<\/p>\n<p><a href=\"https:\/\/www.azelot.fr\/?attachment_id=4652\" rel=\"attachment wp-att-4652\"><img loading=\"lazy\" decoding=\"async\" class=\"aligncenter size-large wp-image-4652\" src=\"https:\/\/www.azelot.fr\/wp-content\/uploads\/2017\/04\/P1020698-722x1024.jpg\" alt=\"\" width=\"722\" height=\"1024\" srcset=\"https:\/\/www.azelot.fr\/wp-content\/uploads\/2017\/04\/P1020698-722x1024.jpg 722w, https:\/\/www.azelot.fr\/wp-content\/uploads\/2017\/04\/P1020698-212x300.jpg 212w, https:\/\/www.azelot.fr\/wp-content\/uploads\/2017\/04\/P1020698-768x1089.jpg 768w, https:\/\/www.azelot.fr\/wp-content\/uploads\/2017\/04\/P1020698-1170x1659.jpg 1170w, https:\/\/www.azelot.fr\/wp-content\/uploads\/2017\/04\/P1020698.jpg 1279w\" sizes=\"auto, (max-width: 722px) 100vw, 722px\" \/><\/a>&#8230;ce qui a permis de valider la bonne tenue de route, la facilit\u00e9 de conduite et l&rsquo;agilit\u00e9 du v\u00e9hicule.<\/p>\n<p>La prochaine \u00e9tape sera la d\u00e9coration et la personnalisation de la voiture. Pour cela, nous acceptons toutes les bonne volont\u00e9s et les artistes de toute nature.<\/p>\n<p>De m\u00eame, pour la course du 21 mai, nous aurons besoin cette fois de \u00ab\u00a0costauds\u00a0\u00bb (les pousseurs sont autoris\u00e9s) pour propulser cette F1 au sommet&#8230;<\/p>\n<p>Merci de contacter Michel CHATRE (03 83 46 50 03 ou m&#97;&#x6d;&#x2e;&#x63;h&#97;&#x74;&#x72;&#x65;&#64;&#111;&#x72;&#x61;&#x6e;g&#101;&#x2e;&#x66;&#x72;) et \u00e0 bient\u00f4t pour la suite de l&rsquo;aventure.<\/p>\n","protected":false},"excerpt":{"rendered":"<p>Le 21 mai prochain se d\u00e9roulera \u00e0 Coyviller une course de voitures \u00e0 p\u00e9dales construites par les foyers ruraux du Vermois. Cet hiver, Olivier a construit celle d&rsquo;Azelot \u00e0 partir de mat\u00e9riel de r\u00e9cup\u00e9ration. Ce samedi, elle sortait de la&#8230;<br \/><a class=\"read-more-button\" href=\"https:\/\/www.azelot.fr\/?p=4646\">Savoir plus<\/a><\/p>\n","protected":false},"author":2,"featured_media":0,"comment_status":"open","ping_status":"open","sticky":false,"template":"","format":"standard","meta":{"activitypub_content_warning":"","activitypub_content_visibility":"","activitypub_max_image_attachments":4,"activitypub_interaction_policy_quote":"","activitypub_status":"","footnotes":""},"categories":[5],"tags":[],"class_list":["post-4646","post","type-post","status-publish","format-standard","hentry","category-foyer-rural"],"_links":{"self":[{"href":"https:\/\/www.azelot.fr\/index.php?rest_route=\/wp\/v2\/posts\/4646","targetHints":{"allow":["GET"]}}],"collection":[{"href":"https:\/\/www.azelot.fr\/index.php?rest_route=\/wp\/v2\/posts"}],"about":[{"href":"https:\/\/www.azelot.fr\/index.php?rest_route=\/wp\/v2\/types\/post"}],"author":[{"embeddable":true,"href":"https:\/\/www.azelot.fr\/index.php?rest_route=\/wp\/v2\/users\/2"}],"replies":[{"embeddable":true,"href":"https:\/\/www.azelot.fr\/index.php?rest_route=%2Fwp%2Fv2%2Fcomments&post=4646"}],"version-history":[{"count":1,"href":"https:\/\/www.azelot.fr\/index.php?rest_route=\/wp\/v2\/posts\/4646\/revisions"}],"predecessor-version":[{"id":4653,"href":"https:\/\/www.azelot.fr\/index.php?rest_route=\/wp\/v2\/posts\/4646\/revisions\/4653"}],"wp:attachment":[{"href":"https:\/\/www.azelot.fr\/index.php?rest_route=%2Fwp%2Fv2%2Fmedia&parent=4646"}],"wp:term":[{"taxonomy":"category","embeddable":true,"href":"https:\/\/www.azelot.fr\/index.php?rest_route=%2Fwp%2Fv2%2Fcategories&post=4646"},{"taxonomy":"post_tag","embeddable":true,"href":"https:\/\/www.azelot.fr\/index.php?rest_route=%2Fwp%2Fv2%2Ftags&post=4646"}],"curies":[{"name":"wp","href":"https:\/\/api.w.org\/{rel}","templated":true}]}}