{"id":4581,"date":"2017-03-11T17:06:09","date_gmt":"2017-03-11T16:06:09","guid":{"rendered":"http:\/\/www.azelot.fr\/?p=4581"},"modified":"2017-03-13T16:00:47","modified_gmt":"2017-03-13T15:00:47","slug":"plu-seconde-reunion-publique","status":"publish","type":"post","link":"https:\/\/www.azelot.fr\/?p=4581","title":{"rendered":"PLU : seconde r\u00e9union publique"},"content":{"rendered":"<p>Notre commune est en passage du POS (Plan d&rsquo;occupation des Sols) au PLU ( Plan local de l&rsquo;urbanisme).<br \/>\nInvitation \u00e9tait faite \u00e0 tous de venir s&rsquo;informer et pouvoir \u00e9changer avec les \u00e9lus et les personnes accompagnant le projet, \u00e0 savoir Mme Par\u00e9 pour \u00ab\u00a0Espaces et territoires\u00a0\u00bb et M. Seidel du Conseil d\u00e9partemental.<\/p>\n<p><a href=\"https:\/\/www.azelot.fr\/?attachment_id=4584\" rel=\"attachment wp-att-4584\"><img loading=\"lazy\" decoding=\"async\" class=\"aligncenter size-large wp-image-4584\" src=\"https:\/\/www.azelot.fr\/wp-content\/uploads\/2017\/03\/011-1024x768.jpg\" alt=\"\" width=\"1024\" height=\"768\" srcset=\"https:\/\/www.azelot.fr\/wp-content\/uploads\/2017\/03\/011-1024x768.jpg 1024w, https:\/\/www.azelot.fr\/wp-content\/uploads\/2017\/03\/011-300x225.jpg 300w, https:\/\/www.azelot.fr\/wp-content\/uploads\/2017\/03\/011-768x576.jpg 768w, https:\/\/www.azelot.fr\/wp-content\/uploads\/2017\/03\/011-1170x878.jpg 1170w\" sizes=\"auto, (max-width: 1024px) 100vw, 1024px\" \/><\/a><br \/>\nPlus de vingt personnes ont r\u00e9pondu \u00e0 cet appel.<\/p>\n<p><a href=\"https:\/\/www.azelot.fr\/?attachment_id=4586\" rel=\"attachment wp-att-4586\"><img loading=\"lazy\" decoding=\"async\" class=\"aligncenter size-large wp-image-4586\" src=\"https:\/\/www.azelot.fr\/wp-content\/uploads\/2017\/03\/013-1-1024x768.jpg\" alt=\"\" width=\"1024\" height=\"768\" srcset=\"https:\/\/www.azelot.fr\/wp-content\/uploads\/2017\/03\/013-1-1024x768.jpg 1024w, https:\/\/www.azelot.fr\/wp-content\/uploads\/2017\/03\/013-1-300x225.jpg 300w, https:\/\/www.azelot.fr\/wp-content\/uploads\/2017\/03\/013-1-768x576.jpg 768w, https:\/\/www.azelot.fr\/wp-content\/uploads\/2017\/03\/013-1-1170x878.jpg 1170w\" sizes=\"auto, (max-width: 1024px) 100vw, 1024px\" \/><\/a><a href=\"https:\/\/www.azelot.fr\/?attachment_id=4587\" rel=\"attachment wp-att-4587\"><img loading=\"lazy\" decoding=\"async\" class=\"aligncenter size-large wp-image-4587\" src=\"https:\/\/www.azelot.fr\/wp-content\/uploads\/2017\/03\/014-1024x768.jpg\" alt=\"\" width=\"1024\" height=\"768\" srcset=\"https:\/\/www.azelot.fr\/wp-content\/uploads\/2017\/03\/014-1024x768.jpg 1024w, https:\/\/www.azelot.fr\/wp-content\/uploads\/2017\/03\/014-300x225.jpg 300w, https:\/\/www.azelot.fr\/wp-content\/uploads\/2017\/03\/014-768x576.jpg 768w, https:\/\/www.azelot.fr\/wp-content\/uploads\/2017\/03\/014-1170x878.jpg 1170w\" sizes=\"auto, (max-width: 1024px) 100vw, 1024px\" \/><\/a><br \/>\nUne pr\u00e9sentation fut faite, par diapositifs sur grand \u00e9cran, de l&rsquo;actuel projet de PLU pour Azelot. Cela permit de pr\u00e9senter \u00e0 la fois les diff\u00e9rentes zones et le r\u00e8glement y \u00e9tant attach\u00e9.<br \/>\nDes \u00e9changes,rarement \u00a0vifs mais toujours polis,\u00a0eurent lieu au cours de la pr\u00e9sentation, soit pour demander des \u00e9claircissements, soit pour proposer d&rsquo;autres pistes, soit pour s&rsquo;inqui\u00e9ter de\u00a0 choix qui ne convenaient pas \u00e0 certains intervenants.<br \/>\nM. le Maire et les deux personnes accompagnantes expliqu\u00e8rent et parfois justifi\u00e8rent les choix propos\u00e9s.<br \/>\nLe projet de PLU doit maintenant \u00eatre examin\u00e9 par les organismes associ\u00e9s\u00a0comme \u00a0la Chambre d&rsquo;agriculture ou le Scot ( Sch\u00e9ma de coh\u00e9rence territoriale.). Une enqu\u00eate publique sera ensuite ouverte, sans doute \u00e0 l&rsquo;automne, ou tout un chacun pourra \u00e9mettre un avis.<br \/>\nViendra le moment ensuite pour le conseil de d\u00e9battre et de voter ce PLU.<\/p>\n","protected":false},"excerpt":{"rendered":"<p>Notre commune est en passage du POS (Plan d&rsquo;occupation des Sols) au PLU ( Plan local de l&rsquo;urbanisme). Invitation \u00e9tait faite \u00e0 tous de venir s&rsquo;informer et pouvoir \u00e9changer avec les \u00e9lus et les personnes accompagnant le projet, \u00e0 savoir&#8230;<br \/><a class=\"read-more-button\" href=\"https:\/\/www.azelot.fr\/?p=4581\">Savoir plus<\/a><\/p>\n","protected":false},"author":4,"featured_media":0,"comment_status":"open","ping_status":"open","sticky":false,"template":"","format":"standard","meta":{"activitypub_content_warning":"","activitypub_content_visibility":"","activitypub_max_image_attachments":4,"activitypub_interaction_policy_quote":"","activitypub_status":"","footnotes":""},"categories":[4],"tags":[223,222],"class_list":["post-4581","post","type-post","status-publish","format-standard","hentry","category-mairie","tag-amenagement","tag-urbanisme"],"_links":{"self":[{"href":"https:\/\/www.azelot.fr\/index.php?rest_route=\/wp\/v2\/posts\/4581","targetHints":{"allow":["GET"]}}],"collection":[{"href":"https:\/\/www.azelot.fr\/index.php?rest_route=\/wp\/v2\/posts"}],"about":[{"href":"https:\/\/www.azelot.fr\/index.php?rest_route=\/wp\/v2\/types\/post"}],"author":[{"embeddable":true,"href":"https:\/\/www.azelot.fr\/index.php?rest_route=\/wp\/v2\/users\/4"}],"replies":[{"embeddable":true,"href":"https:\/\/www.azelot.fr\/index.php?rest_route=%2Fwp%2Fv2%2Fcomments&post=4581"}],"version-history":[{"count":4,"href":"https:\/\/www.azelot.fr\/index.php?rest_route=\/wp\/v2\/posts\/4581\/revisions"}],"predecessor-version":[{"id":4589,"href":"https:\/\/www.azelot.fr\/index.php?rest_route=\/wp\/v2\/posts\/4581\/revisions\/4589"}],"wp:attachment":[{"href":"https:\/\/www.azelot.fr\/index.php?rest_route=%2Fwp%2Fv2%2Fmedia&parent=4581"}],"wp:term":[{"taxonomy":"category","embeddable":true,"href":"https:\/\/www.azelot.fr\/index.php?rest_route=%2Fwp%2Fv2%2Fcategories&post=4581"},{"taxonomy":"post_tag","embeddable":true,"href":"https:\/\/www.azelot.fr\/index.php?rest_route=%2Fwp%2Fv2%2Ftags&post=4581"}],"curies":[{"name":"wp","href":"https:\/\/api.w.org\/{rel}","templated":true}]}}