{"id":4498,"date":"2017-02-20T18:36:24","date_gmt":"2017-02-20T17:36:24","guid":{"rendered":"http:\/\/www.azelot.fr\/?p=4498"},"modified":"2017-02-24T16:47:17","modified_gmt":"2017-02-24T15:47:17","slug":"soiree-dazelot-sur-le-jardinage-ecologique","status":"publish","type":"post","link":"https:\/\/www.azelot.fr\/?p=4498","title":{"rendered":"Soir\u00e9e d&rsquo;Azelot sur le jardinage \u00e9cologique"},"content":{"rendered":"<p>La prochaine soir\u00e9e d&rsquo;Azelot aura lieu le vendredi 03 mars \u00e0 20 h 30 \u00e0 la salle communale.<\/p>\n<p><a href=\"https:\/\/www.azelot.fr\/?attachment_id=4510\" rel=\"attachment wp-att-4510\"><img loading=\"lazy\" decoding=\"async\" class=\"aligncenter size-large wp-image-4510\" src=\"https:\/\/www.azelot.fr\/wp-content\/uploads\/2017\/02\/Soiree-Azelot-Jardinage-Ecologique-page-001-724x1024.jpg\" alt=\"\" width=\"724\" height=\"1024\" srcset=\"https:\/\/www.azelot.fr\/wp-content\/uploads\/2017\/02\/Soiree-Azelot-Jardinage-Ecologique-page-001-724x1024.jpg 724w, https:\/\/www.azelot.fr\/wp-content\/uploads\/2017\/02\/Soiree-Azelot-Jardinage-Ecologique-page-001-212x300.jpg 212w, https:\/\/www.azelot.fr\/wp-content\/uploads\/2017\/02\/Soiree-Azelot-Jardinage-Ecologique-page-001-768x1086.jpg 768w, https:\/\/www.azelot.fr\/wp-content\/uploads\/2017\/02\/Soiree-Azelot-Jardinage-Ecologique-page-001-1170x1655.jpg 1170w, https:\/\/www.azelot.fr\/wp-content\/uploads\/2017\/02\/Soiree-Azelot-Jardinage-Ecologique-page-001.jpg 1240w\" sizes=\"auto, (max-width: 724px) 100vw, 724px\" \/><\/a><\/p>\n<p>&nbsp;<\/p>\n","protected":false},"excerpt":{"rendered":"<p>La prochaine soir\u00e9e d&rsquo;Azelot aura lieu le vendredi 03 mars \u00e0 20 h 30 \u00e0 la salle communale. &nbsp;<\/p>\n","protected":false},"author":2,"featured_media":0,"comment_status":"open","ping_status":"open","sticky":false,"template":"","format":"standard","meta":{"activitypub_content_warning":"","activitypub_content_visibility":"","activitypub_max_image_attachments":4,"activitypub_interaction_policy_quote":"","activitypub_status":"","footnotes":""},"categories":[5],"tags":[126,10],"class_list":["post-4498","post","type-post","status-publish","format-standard","hentry","category-foyer-rural","tag-environnement","tag-soiree-dazelot"],"_links":{"self":[{"href":"https:\/\/www.azelot.fr\/index.php?rest_route=\/wp\/v2\/posts\/4498","targetHints":{"allow":["GET"]}}],"collection":[{"href":"https:\/\/www.azelot.fr\/index.php?rest_route=\/wp\/v2\/posts"}],"about":[{"href":"https:\/\/www.azelot.fr\/index.php?rest_route=\/wp\/v2\/types\/post"}],"author":[{"embeddable":true,"href":"https:\/\/www.azelot.fr\/index.php?rest_route=\/wp\/v2\/users\/2"}],"replies":[{"embeddable":true,"href":"https:\/\/www.azelot.fr\/index.php?rest_route=%2Fwp%2Fv2%2Fcomments&post=4498"}],"version-history":[{"count":3,"href":"https:\/\/www.azelot.fr\/index.php?rest_route=\/wp\/v2\/posts\/4498\/revisions"}],"predecessor-version":[{"id":4512,"href":"https:\/\/www.azelot.fr\/index.php?rest_route=\/wp\/v2\/posts\/4498\/revisions\/4512"}],"wp:attachment":[{"href":"https:\/\/www.azelot.fr\/index.php?rest_route=%2Fwp%2Fv2%2Fmedia&parent=4498"}],"wp:term":[{"taxonomy":"category","embeddable":true,"href":"https:\/\/www.azelot.fr\/index.php?rest_route=%2Fwp%2Fv2%2Fcategories&post=4498"},{"taxonomy":"post_tag","embeddable":true,"href":"https:\/\/www.azelot.fr\/index.php?rest_route=%2Fwp%2Fv2%2Ftags&post=4498"}],"curies":[{"name":"wp","href":"https:\/\/api.w.org\/{rel}","templated":true}]}}