{"id":437,"date":"2012-02-24T10:31:50","date_gmt":"2012-02-24T08:31:50","guid":{"rendered":"http:\/\/test.azelot.fr\/?p=437"},"modified":"2012-10-08T04:50:35","modified_gmt":"2012-10-08T02:50:35","slug":"le-marche-des-saisons","status":"publish","type":"post","link":"https:\/\/www.azelot.fr\/?p=437","title":{"rendered":"Le march\u00e9 des saisons"},"content":{"rendered":"<p>A partir du 7 mars, un march\u00e9 paysan se tiendra les premiers et troisi\u00e8mes mercredi du mois de 17 \u00e0 19 h sous la halle d&rsquo;Azelot.<\/p>\n<p><strong>POUR PLUS DE RENSEIGNEMENTS, VOIR LE FICHIER ATTACHE<\/strong><\/p>\n<p><a href=\"https:\/\/www.azelot.fr\/wp-content\/uploads\/2012\/10\/tract1.jpg\" data-rel=\"lightbox-gallery-uWqmCYSg\" data-rl_title=\"\" data-rl_caption=\"\"><img loading=\"lazy\" decoding=\"async\" class=\"alignnone size-full wp-image-438\" title=\"\" src=\"https:\/\/www.azelot.fr\/wp-content\/uploads\/2012\/10\/tract1.jpg\" alt=\"\" width=\"680\" height=\"480\" srcset=\"https:\/\/www.azelot.fr\/wp-content\/uploads\/2012\/10\/tract1.jpg 680w, https:\/\/www.azelot.fr\/wp-content\/uploads\/2012\/10\/tract1-300x211.jpg 300w\" sizes=\"auto, (max-width: 680px) 100vw, 680px\" \/><\/a><\/p>\n","protected":false},"excerpt":{"rendered":"<p>A partir du 7 mars, un march\u00e9 paysan se tiendra les premiers et troisi\u00e8mes mercredi du mois de 17 \u00e0 19 h sous la halle d&rsquo;Azelot. POUR PLUS DE RENSEIGNEMENTS, VOIR LE FICHIER ATTACHE<\/p>\n","protected":false},"author":2,"featured_media":0,"comment_status":"open","ping_status":"open","sticky":false,"template":"","format":"standard","meta":{"activitypub_content_warning":"","activitypub_content_visibility":"","activitypub_max_image_attachments":4,"activitypub_interaction_policy_quote":"","activitypub_status":"","footnotes":""},"categories":[5],"tags":[6,65],"class_list":["post-437","post","type-post","status-publish","format-standard","hentry","category-foyer-rural","tag-annonce","tag-marche"],"_links":{"self":[{"href":"https:\/\/www.azelot.fr\/index.php?rest_route=\/wp\/v2\/posts\/437","targetHints":{"allow":["GET"]}}],"collection":[{"href":"https:\/\/www.azelot.fr\/index.php?rest_route=\/wp\/v2\/posts"}],"about":[{"href":"https:\/\/www.azelot.fr\/index.php?rest_route=\/wp\/v2\/types\/post"}],"author":[{"embeddable":true,"href":"https:\/\/www.azelot.fr\/index.php?rest_route=\/wp\/v2\/users\/2"}],"replies":[{"embeddable":true,"href":"https:\/\/www.azelot.fr\/index.php?rest_route=%2Fwp%2Fv2%2Fcomments&post=437"}],"version-history":[{"count":2,"href":"https:\/\/www.azelot.fr\/index.php?rest_route=\/wp\/v2\/posts\/437\/revisions"}],"predecessor-version":[{"id":440,"href":"https:\/\/www.azelot.fr\/index.php?rest_route=\/wp\/v2\/posts\/437\/revisions\/440"}],"wp:attachment":[{"href":"https:\/\/www.azelot.fr\/index.php?rest_route=%2Fwp%2Fv2%2Fmedia&parent=437"}],"wp:term":[{"taxonomy":"category","embeddable":true,"href":"https:\/\/www.azelot.fr\/index.php?rest_route=%2Fwp%2Fv2%2Fcategories&post=437"},{"taxonomy":"post_tag","embeddable":true,"href":"https:\/\/www.azelot.fr\/index.php?rest_route=%2Fwp%2Fv2%2Ftags&post=437"}],"curies":[{"name":"wp","href":"https:\/\/api.w.org\/{rel}","templated":true}]}}