{"id":4174,"date":"2016-12-04T21:44:54","date_gmt":"2016-12-04T20:44:54","guid":{"rendered":"http:\/\/www.azelot.fr\/?p=4174"},"modified":"2016-12-06T19:04:20","modified_gmt":"2016-12-06T18:04:20","slug":"repas-des-aines-bonne-humeur-et-moyen-age","status":"publish","type":"post","link":"https:\/\/www.azelot.fr\/?p=4174","title":{"rendered":"Repas des a\u00een\u00e9s : bonne humeur et  &#8230; Moyen \u00e2ge."},"content":{"rendered":"<p>Le CCAS (Comit\u00e9 Communal d&rsquo;Action Sociale) avait invit\u00e9 pour midi tous les a\u00een\u00e9s du village au repas traditionnel de fin d&rsquo;ann\u00e9e. Pr\u00e8s de 50 personnes ont r\u00e9pondu positivement.<\/p>\n<p>La salle avait \u00e9t\u00e9 d\u00e9cor\u00e9e la veille par les b\u00e9n\u00e9voles. Cette ann\u00e9e trois cr\u00e8ches pr\u00eat\u00e9es pour la circonstance agr\u00e9mentaient\u00a0l&rsquo;ensemble. L&rsquo;une venait du Burkina-Faso, la seconde du P\u00e9rou et enfin la derni\u00e8re de Palestine.<\/p>\n<p><a href=\"https:\/\/www.azelot.fr\/?attachment_id=4179\" rel=\"attachment wp-att-4179\"><img loading=\"lazy\" decoding=\"async\" class=\"aligncenter size-large wp-image-4179\" src=\"https:\/\/www.azelot.fr\/wp-content\/uploads\/2016\/12\/010-1024x724.jpg\" alt=\"010\" width=\"1024\" height=\"724\" srcset=\"https:\/\/www.azelot.fr\/wp-content\/uploads\/2016\/12\/010-1024x724.jpg 1024w, https:\/\/www.azelot.fr\/wp-content\/uploads\/2016\/12\/010-300x212.jpg 300w, https:\/\/www.azelot.fr\/wp-content\/uploads\/2016\/12\/010-768x543.jpg 768w, https:\/\/www.azelot.fr\/wp-content\/uploads\/2016\/12\/010-1170x828.jpg 1170w, https:\/\/www.azelot.fr\/wp-content\/uploads\/2016\/12\/010.jpg 1200w\" sizes=\"auto, (max-width: 1024px) 100vw, 1024px\" \/><\/a><\/p>\n<p>Apr\u00e8s le mot de bienvenue du Maire&#8230;<\/p>\n<p><a href=\"https:\/\/www.azelot.fr\/?attachment_id=4178\" rel=\"attachment wp-att-4178\"><img loading=\"lazy\" decoding=\"async\" class=\"aligncenter size-large wp-image-4178\" src=\"https:\/\/www.azelot.fr\/wp-content\/uploads\/2016\/12\/001-1024x768.jpg\" alt=\"001\" width=\"1024\" height=\"768\" srcset=\"https:\/\/www.azelot.fr\/wp-content\/uploads\/2016\/12\/001-1024x768.jpg 1024w, https:\/\/www.azelot.fr\/wp-content\/uploads\/2016\/12\/001-300x225.jpg 300w, https:\/\/www.azelot.fr\/wp-content\/uploads\/2016\/12\/001-768x576.jpg 768w, https:\/\/www.azelot.fr\/wp-content\/uploads\/2016\/12\/001-1170x878.jpg 1170w\" sizes=\"auto, (max-width: 1024px) 100vw, 1024px\" \/><\/a><\/p>\n<p>&#8230; les convives ont d\u00e9couvert que le th\u00e8me du repas \u00e9tait le Moyen \u00e2ge. A l&rsquo;occasion, les six b\u00e9n\u00e9voles qui s&rsquo;activent en cuisine et en salle avaient pleinement jou\u00e9 le jeu en d\u00e9cidant de se costumer, soit en joyeuses paysannes, soit en dames de l&rsquo;aristocratie\u00a0voire m\u00eame en abb\u00e9 bon vivant.<\/p>\n<p><a href=\"https:\/\/www.azelot.fr\/?attachment_id=4181\" rel=\"attachment wp-att-4181\"><img loading=\"lazy\" decoding=\"async\" class=\"aligncenter size-large wp-image-4181\" src=\"https:\/\/www.azelot.fr\/wp-content\/uploads\/2016\/12\/006-1024x725.jpg\" alt=\"006\" width=\"1024\" height=\"725\" srcset=\"https:\/\/www.azelot.fr\/wp-content\/uploads\/2016\/12\/006-1024x725.jpg 1024w, https:\/\/www.azelot.fr\/wp-content\/uploads\/2016\/12\/006-300x212.jpg 300w, https:\/\/www.azelot.fr\/wp-content\/uploads\/2016\/12\/006-768x544.jpg 768w, https:\/\/www.azelot.fr\/wp-content\/uploads\/2016\/12\/006-1170x828.jpg 1170w\" sizes=\"auto, (max-width: 1024px) 100vw, 1024px\" \/><\/a><\/p>\n<p>Les convives se sont r\u00e9partis en 5 tabl\u00e9es pouvant engager de longues conversations jusqu&rsquo;\u00e0 18h00, tout en appr\u00e9ciant les mets concoct\u00e9s et les vins propos\u00e9s (vins achet\u00e9s il y a un an\u00a0au Salon des Vignerons d&rsquo;Azelot).<\/p>\n<p><a href=\"https:\/\/www.azelot.fr\/?attachment_id=4183\" rel=\"attachment wp-att-4183\"><img loading=\"lazy\" decoding=\"async\" class=\"aligncenter size-large wp-image-4183\" src=\"https:\/\/www.azelot.fr\/wp-content\/uploads\/2016\/12\/015-1024x724.jpg\" alt=\"015\" width=\"1024\" height=\"724\" srcset=\"https:\/\/www.azelot.fr\/wp-content\/uploads\/2016\/12\/015-1024x724.jpg 1024w, https:\/\/www.azelot.fr\/wp-content\/uploads\/2016\/12\/015-300x212.jpg 300w, https:\/\/www.azelot.fr\/wp-content\/uploads\/2016\/12\/015-768x543.jpg 768w, https:\/\/www.azelot.fr\/wp-content\/uploads\/2016\/12\/015-1170x827.jpg 1170w, https:\/\/www.azelot.fr\/wp-content\/uploads\/2016\/12\/015.jpg 1184w\" sizes=\"auto, (max-width: 1024px) 100vw, 1024px\" \/><\/a><a href=\"https:\/\/www.azelot.fr\/?attachment_id=4184\" rel=\"attachment wp-att-4184\"><img loading=\"lazy\" decoding=\"async\" class=\"aligncenter size-large wp-image-4184\" src=\"https:\/\/www.azelot.fr\/wp-content\/uploads\/2016\/12\/019-1024x723.jpg\" alt=\"019\" width=\"1024\" height=\"723\" srcset=\"https:\/\/www.azelot.fr\/wp-content\/uploads\/2016\/12\/019-1024x723.jpg 1024w, https:\/\/www.azelot.fr\/wp-content\/uploads\/2016\/12\/019-300x212.jpg 300w, https:\/\/www.azelot.fr\/wp-content\/uploads\/2016\/12\/019-768x543.jpg 768w, https:\/\/www.azelot.fr\/wp-content\/uploads\/2016\/12\/019-1170x827.jpg 1170w, https:\/\/www.azelot.fr\/wp-content\/uploads\/2016\/12\/019.jpg 1196w\" sizes=\"auto, (max-width: 1024px) 100vw, 1024px\" \/><\/a>Le dessert \u00e9tait dans la th\u00e9matique du jour, puisqu&rsquo;il s&rsquo;agissait d&rsquo;un beau et magnifique ch\u00e2teau-fort, en croquante et en choux. Ch\u00e2teau-fort qui ne r\u00e9sista pas longtemps aux attaques r\u00e9p\u00e9t\u00e9es des gourmands.<\/p>\n<p><a href=\"https:\/\/www.azelot.fr\/?attachment_id=4185\" rel=\"attachment wp-att-4185\"><img loading=\"lazy\" decoding=\"async\" class=\"aligncenter size-large wp-image-4185\" src=\"https:\/\/www.azelot.fr\/wp-content\/uploads\/2016\/12\/034-1024x722.jpg\" alt=\"034\" width=\"1024\" height=\"722\" srcset=\"https:\/\/www.azelot.fr\/wp-content\/uploads\/2016\/12\/034-1024x722.jpg 1024w, https:\/\/www.azelot.fr\/wp-content\/uploads\/2016\/12\/034-300x212.jpg 300w, https:\/\/www.azelot.fr\/wp-content\/uploads\/2016\/12\/034-768x542.jpg 768w, https:\/\/www.azelot.fr\/wp-content\/uploads\/2016\/12\/034-1170x825.jpg 1170w\" sizes=\"auto, (max-width: 1024px) 100vw, 1024px\" \/><\/a><\/p>\n<p><a href=\"https:\/\/www.azelot.fr\/?attachment_id=4186\" rel=\"attachment wp-att-4186\"><img loading=\"lazy\" decoding=\"async\" class=\"aligncenter size-large wp-image-4186\" src=\"https:\/\/www.azelot.fr\/wp-content\/uploads\/2016\/12\/038-1024x723.jpg\" alt=\"038\" width=\"1024\" height=\"723\" srcset=\"https:\/\/www.azelot.fr\/wp-content\/uploads\/2016\/12\/038-1024x723.jpg 1024w, https:\/\/www.azelot.fr\/wp-content\/uploads\/2016\/12\/038-300x212.jpg 300w, https:\/\/www.azelot.fr\/wp-content\/uploads\/2016\/12\/038-768x542.jpg 768w, https:\/\/www.azelot.fr\/wp-content\/uploads\/2016\/12\/038-1170x826.jpg 1170w\" sizes=\"auto, (max-width: 1024px) 100vw, 1024px\" \/><\/a><\/p>\n<p>Moment important de cet apr\u00e8s-midi, la remise par Christian Forget de la m\u00e9daille d&rsquo;honneur de la commune d&rsquo;Azelot \u00e0 Patrick Grandjean, qui \u0153uvre en cuisine depuis 1991. Le maire a rappel\u00e9 son engagement tant\u00a0dans le Foyer rural que dans les multiples activit\u00e9s de la commune depuis plusieurs d\u00e9cennies. Grande reconnaissance \u00e0 son engagement.<\/p>\n<p><a href=\"https:\/\/www.azelot.fr\/?attachment_id=4187\" rel=\"attachment wp-att-4187\"><img loading=\"lazy\" decoding=\"async\" class=\"aligncenter size-large wp-image-4187\" src=\"https:\/\/www.azelot.fr\/wp-content\/uploads\/2016\/12\/P1020287-1024x768.jpg\" alt=\"p1020287\" width=\"1024\" height=\"768\" srcset=\"https:\/\/www.azelot.fr\/wp-content\/uploads\/2016\/12\/P1020287-1024x768.jpg 1024w, https:\/\/www.azelot.fr\/wp-content\/uploads\/2016\/12\/P1020287-300x225.jpg 300w, https:\/\/www.azelot.fr\/wp-content\/uploads\/2016\/12\/P1020287-768x576.jpg 768w, https:\/\/www.azelot.fr\/wp-content\/uploads\/2016\/12\/P1020287-1170x878.jpg 1170w\" sizes=\"auto, (max-width: 1024px) 100vw, 1024px\" \/><\/a><\/p>\n<p>Un apr\u00e8s-midi finalement convivial, dans la bonne humeur &#8230; tout ce que recherche le CCAS.<\/p>\n\n\t\t<style type=\"text\/css\">\n\t\t\t#gallery-1 {\n\t\t\t\tmargin: auto;\n\t\t\t}\n\t\t\t#gallery-1 .gallery-item {\n\t\t\t\tfloat: left;\n\t\t\t\tmargin-top: 10px;\n\t\t\t\ttext-align: center;\n\t\t\t\twidth: 33%;\n\t\t\t}\n\t\t\t#gallery-1 img {\n\t\t\t\tborder: 2px solid #cfcfcf;\n\t\t\t}\n\t\t\t#gallery-1 .gallery-caption {\n\t\t\t\tmargin-left: 0;\n\t\t\t}\n\t\t\t\/* see gallery_shortcode() in wp-includes\/media.php *\/\n\t\t<\/style>\n\t\t<div id='gallery-1' class='gallery galleryid-4174 gallery-columns-3 gallery-size-thumbnail'><dl class='gallery-item'>\n\t\t\t<dt class='gallery-icon landscape'>\n\t\t\t\t<a href='https:\/\/www.azelot.fr\/wp-content\/uploads\/2016\/12\/011.jpg' title=\"La cr\u00e8che de Palestine\" data-rl_title=\"La cr\u00e8che de Palestine\" class=\"rl-gallery-link\" data-rl_caption=\"\" data-rel=\"lightbox-gallery-1\"><img loading=\"lazy\" decoding=\"async\" width=\"150\" height=\"150\" src=\"https:\/\/www.azelot.fr\/wp-content\/uploads\/2016\/12\/011-150x150.jpg\" class=\"attachment-thumbnail size-thumbnail\" alt=\"\" aria-describedby=\"gallery-1-4192\" \/><\/a>\n\t\t\t<\/dt>\n\t\t\t\t<dd class='wp-caption-text gallery-caption' id='gallery-1-4192'>\n\t\t\t\tLa cr\u00e8che de Palestine\n\t\t\t\t<\/dd><\/dl><dl class='gallery-item'>\n\t\t\t<dt class='gallery-icon landscape'>\n\t\t\t\t<a href='https:\/\/www.azelot.fr\/wp-content\/uploads\/2016\/12\/009.jpg' title=\"La cr\u00e8che africaine\" data-rl_title=\"La cr\u00e8che africaine\" class=\"rl-gallery-link\" data-rl_caption=\"\" data-rel=\"lightbox-gallery-1\"><img loading=\"lazy\" decoding=\"async\" width=\"150\" height=\"150\" src=\"https:\/\/www.azelot.fr\/wp-content\/uploads\/2016\/12\/009-150x150.jpg\" class=\"attachment-thumbnail size-thumbnail\" alt=\"\" aria-describedby=\"gallery-1-4191\" \/><\/a>\n\t\t\t<\/dt>\n\t\t\t\t<dd class='wp-caption-text gallery-caption' id='gallery-1-4191'>\n\t\t\t\tLa cr\u00e8che africaine\n\t\t\t\t<\/dd><\/dl><dl class='gallery-item'>\n\t\t\t<dt class='gallery-icon landscape'>\n\t\t\t\t<a href='https:\/\/www.azelot.fr\/wp-content\/uploads\/2016\/12\/008.jpg' title=\"La d\u00e9coration des tables\" data-rl_title=\"La d\u00e9coration des tables\" class=\"rl-gallery-link\" data-rl_caption=\"\" data-rel=\"lightbox-gallery-1\"><img loading=\"lazy\" decoding=\"async\" width=\"150\" height=\"150\" src=\"https:\/\/www.azelot.fr\/wp-content\/uploads\/2016\/12\/008-150x150.jpg\" class=\"attachment-thumbnail size-thumbnail\" alt=\"\" aria-describedby=\"gallery-1-4190\" \/><\/a>\n\t\t\t<\/dt>\n\t\t\t\t<dd class='wp-caption-text gallery-caption' id='gallery-1-4190'>\n\t\t\t\tLa d\u00e9coration des tables\n\t\t\t\t<\/dd><\/dl><br style=\"clear: both\" \/><dl class='gallery-item'>\n\t\t\t<dt class='gallery-icon landscape'>\n\t\t\t\t<a href='https:\/\/www.azelot.fr\/wp-content\/uploads\/2016\/12\/020.jpg' title=\"Les convives appr\u00e9cient\" data-rl_title=\"Les convives appr\u00e9cient\" class=\"rl-gallery-link\" data-rl_caption=\"\" data-rel=\"lightbox-gallery-1\"><img loading=\"lazy\" decoding=\"async\" width=\"150\" height=\"150\" src=\"https:\/\/www.azelot.fr\/wp-content\/uploads\/2016\/12\/020-150x150.jpg\" class=\"attachment-thumbnail size-thumbnail\" alt=\"\" aria-describedby=\"gallery-1-4198\" \/><\/a>\n\t\t\t<\/dt>\n\t\t\t\t<dd class='wp-caption-text gallery-caption' id='gallery-1-4198'>\n\t\t\t\tLes convives appr\u00e9cient\n\t\t\t\t<\/dd><\/dl><dl class='gallery-item'>\n\t\t\t<dt class='gallery-icon landscape'>\n\t\t\t\t<a href='https:\/\/www.azelot.fr\/wp-content\/uploads\/2016\/12\/018.jpg' title=\"\" data-rl_title=\"\" class=\"rl-gallery-link\" data-rl_caption=\"\" data-rel=\"lightbox-gallery-1\"><img loading=\"lazy\" decoding=\"async\" width=\"150\" height=\"150\" src=\"https:\/\/www.azelot.fr\/wp-content\/uploads\/2016\/12\/018-150x150.jpg\" class=\"attachment-thumbnail size-thumbnail\" alt=\"\" \/><\/a>\n\t\t\t<\/dt><\/dl><dl class='gallery-item'>\n\t\t\t<dt class='gallery-icon landscape'>\n\t\t\t\t<a href='https:\/\/www.azelot.fr\/wp-content\/uploads\/2016\/12\/017.jpg' title=\"\" data-rl_title=\"\" class=\"rl-gallery-link\" data-rl_caption=\"\" data-rel=\"lightbox-gallery-1\"><img loading=\"lazy\" decoding=\"async\" width=\"150\" height=\"150\" src=\"https:\/\/www.azelot.fr\/wp-content\/uploads\/2016\/12\/017-150x150.jpg\" class=\"attachment-thumbnail size-thumbnail\" alt=\"\" \/><\/a>\n\t\t\t<\/dt><\/dl><br style=\"clear: both\" \/><dl class='gallery-item'>\n\t\t\t<dt class='gallery-icon landscape'>\n\t\t\t\t<a href='https:\/\/www.azelot.fr\/wp-content\/uploads\/2016\/12\/016.jpg' title=\"\" data-rl_title=\"\" class=\"rl-gallery-link\" data-rl_caption=\"\" data-rel=\"lightbox-gallery-1\"><img loading=\"lazy\" decoding=\"async\" width=\"150\" height=\"150\" src=\"https:\/\/www.azelot.fr\/wp-content\/uploads\/2016\/12\/016-150x150.jpg\" class=\"attachment-thumbnail size-thumbnail\" alt=\"\" \/><\/a>\n\t\t\t<\/dt><\/dl><dl class='gallery-item'>\n\t\t\t<dt class='gallery-icon landscape'>\n\t\t\t\t<a href='https:\/\/www.azelot.fr\/wp-content\/uploads\/2016\/12\/014.jpg' title=\"\" data-rl_title=\"\" class=\"rl-gallery-link\" data-rl_caption=\"\" data-rel=\"lightbox-gallery-1\"><img loading=\"lazy\" decoding=\"async\" width=\"150\" height=\"150\" src=\"https:\/\/www.azelot.fr\/wp-content\/uploads\/2016\/12\/014-150x150.jpg\" class=\"attachment-thumbnail size-thumbnail\" alt=\"\" \/><\/a>\n\t\t\t<\/dt><\/dl><dl class='gallery-item'>\n\t\t\t<dt class='gallery-icon landscape'>\n\t\t\t\t<a href='https:\/\/www.azelot.fr\/wp-content\/uploads\/2016\/12\/013.jpg' title=\"\" data-rl_title=\"\" class=\"rl-gallery-link\" data-rl_caption=\"\" data-rel=\"lightbox-gallery-1\"><img loading=\"lazy\" decoding=\"async\" width=\"150\" height=\"150\" src=\"https:\/\/www.azelot.fr\/wp-content\/uploads\/2016\/12\/013-150x150.jpg\" class=\"attachment-thumbnail size-thumbnail\" alt=\"\" \/><\/a>\n\t\t\t<\/dt><\/dl><br style=\"clear: both\" \/><dl class='gallery-item'>\n\t\t\t<dt class='gallery-icon landscape'>\n\t\t\t\t<a href='https:\/\/www.azelot.fr\/wp-content\/uploads\/2016\/12\/003.jpg' title=\"On s&#039;y croirait, au Moyer-Age\" data-rl_title=\"On s&#039;y croirait, au Moyer-Age\" class=\"rl-gallery-link\" data-rl_caption=\"\" data-rel=\"lightbox-gallery-1\"><img loading=\"lazy\" decoding=\"async\" width=\"150\" height=\"150\" src=\"https:\/\/www.azelot.fr\/wp-content\/uploads\/2016\/12\/003-150x150.jpg\" class=\"attachment-thumbnail size-thumbnail\" alt=\"\" aria-describedby=\"gallery-1-4189\" \/><\/a>\n\t\t\t<\/dt>\n\t\t\t\t<dd class='wp-caption-text gallery-caption' id='gallery-1-4189'>\n\t\t\t\tOn s&rsquo;y croirait, au Moyer-Age\n\t\t\t\t<\/dd><\/dl><dl class='gallery-item'>\n\t\t\t<dt class='gallery-icon portrait'>\n\t\t\t\t<a href='https:\/\/www.azelot.fr\/wp-content\/uploads\/2016\/12\/P1020257.jpg' title=\"L&#039;habit fait-il le moine ?\" data-rl_title=\"L&#039;habit fait-il le moine ?\" class=\"rl-gallery-link\" data-rl_caption=\"\" data-rel=\"lightbox-gallery-1\"><img loading=\"lazy\" decoding=\"async\" width=\"150\" height=\"150\" src=\"https:\/\/www.azelot.fr\/wp-content\/uploads\/2016\/12\/P1020257-150x150.jpg\" class=\"attachment-thumbnail size-thumbnail\" alt=\"\" aria-describedby=\"gallery-1-4209\" \/><\/a>\n\t\t\t<\/dt>\n\t\t\t\t<dd class='wp-caption-text gallery-caption' id='gallery-1-4209'>\n\t\t\t\tL&rsquo;habit fait-il le moine ?\n\t\t\t\t<\/dd><\/dl><dl class='gallery-item'>\n\t\t\t<dt class='gallery-icon landscape'>\n\t\t\t\t<a href='https:\/\/www.azelot.fr\/wp-content\/uploads\/2016\/12\/P1020252.jpg' title=\"Margaux, la servante.\" data-rl_title=\"Margaux, la servante.\" class=\"rl-gallery-link\" data-rl_caption=\"\" data-rel=\"lightbox-gallery-1\"><img loading=\"lazy\" decoding=\"async\" width=\"150\" height=\"150\" src=\"https:\/\/www.azelot.fr\/wp-content\/uploads\/2016\/12\/P1020252-150x150.jpg\" class=\"attachment-thumbnail size-thumbnail\" alt=\"\" aria-describedby=\"gallery-1-4208\" \/><\/a>\n\t\t\t<\/dt>\n\t\t\t\t<dd class='wp-caption-text gallery-caption' id='gallery-1-4208'>\n\t\t\t\tMargaux, la servante. \n\t\t\t\t<\/dd><\/dl><br style=\"clear: both\" \/><dl class='gallery-item'>\n\t\t\t<dt class='gallery-icon portrait'>\n\t\t\t\t<a href='https:\/\/www.azelot.fr\/wp-content\/uploads\/2016\/12\/023.jpg' title=\"Margaux sert le Calva\" data-rl_title=\"Margaux sert le Calva\" class=\"rl-gallery-link\" data-rl_caption=\"\" data-rel=\"lightbox-gallery-1\"><img loading=\"lazy\" decoding=\"async\" width=\"150\" height=\"150\" src=\"https:\/\/www.azelot.fr\/wp-content\/uploads\/2016\/12\/023-150x150.jpg\" class=\"attachment-thumbnail size-thumbnail\" alt=\"\" aria-describedby=\"gallery-1-4200\" \/><\/a>\n\t\t\t<\/dt>\n\t\t\t\t<dd class='wp-caption-text gallery-caption' id='gallery-1-4200'>\n\t\t\t\tMargaux sert le Calva\n\t\t\t\t<\/dd><\/dl><dl class='gallery-item'>\n\t\t\t<dt class='gallery-icon portrait'>\n\t\t\t\t<a href='https:\/\/www.azelot.fr\/wp-content\/uploads\/2016\/12\/021.jpg' title=\"Lisa apporte le &quot;Philtre breton&quot;\" data-rl_title=\"Lisa apporte le &quot;Philtre breton&quot;\" class=\"rl-gallery-link\" data-rl_caption=\"\" data-rel=\"lightbox-gallery-1\"><img loading=\"lazy\" decoding=\"async\" width=\"150\" height=\"150\" src=\"https:\/\/www.azelot.fr\/wp-content\/uploads\/2016\/12\/021-150x150.jpg\" class=\"attachment-thumbnail size-thumbnail\" alt=\"\" aria-describedby=\"gallery-1-4199\" \/><\/a>\n\t\t\t<\/dt>\n\t\t\t\t<dd class='wp-caption-text gallery-caption' id='gallery-1-4199'>\n\t\t\t\tLisa apporte le \u00ab\u00a0Philtre breton\u00a0\u00bb\n\t\t\t\t<\/dd><\/dl><dl class='gallery-item'>\n\t\t\t<dt class='gallery-icon landscape'>\n\t\t\t\t<a href='https:\/\/www.azelot.fr\/wp-content\/uploads\/2016\/12\/028.jpg' title=\"Le service du &quot;fromage qui puire&quot;\" data-rl_title=\"Le service du &quot;fromage qui puire&quot;\" class=\"rl-gallery-link\" data-rl_caption=\"\" data-rel=\"lightbox-gallery-1\"><img loading=\"lazy\" decoding=\"async\" width=\"150\" height=\"150\" src=\"https:\/\/www.azelot.fr\/wp-content\/uploads\/2016\/12\/028-150x150.jpg\" class=\"attachment-thumbnail size-thumbnail\" alt=\"\" aria-describedby=\"gallery-1-4202\" \/><\/a>\n\t\t\t<\/dt>\n\t\t\t\t<dd class='wp-caption-text gallery-caption' id='gallery-1-4202'>\n\t\t\t\tLe service du \u00ab\u00a0fromage qui puire\u00a0\u00bb\n\t\t\t\t<\/dd><\/dl><br style=\"clear: both\" \/><dl class='gallery-item'>\n\t\t\t<dt class='gallery-icon landscape'>\n\t\t\t\t<a href='https:\/\/www.azelot.fr\/wp-content\/uploads\/2016\/12\/026.jpg' title=\"Et encore, le repas n&#039;est pas fini...\" data-rl_title=\"Et encore, le repas n&#039;est pas fini...\" class=\"rl-gallery-link\" data-rl_caption=\"\" data-rel=\"lightbox-gallery-1\"><img loading=\"lazy\" decoding=\"async\" width=\"150\" height=\"150\" src=\"https:\/\/www.azelot.fr\/wp-content\/uploads\/2016\/12\/026-150x150.jpg\" class=\"attachment-thumbnail size-thumbnail\" alt=\"\" aria-describedby=\"gallery-1-4201\" \/><\/a>\n\t\t\t<\/dt>\n\t\t\t\t<dd class='wp-caption-text gallery-caption' id='gallery-1-4201'>\n\t\t\t\tEt encore, le repas n&rsquo;est pas fini&#8230;\n\t\t\t\t<\/dd><\/dl><dl class='gallery-item'>\n\t\t\t<dt class='gallery-icon landscape'>\n\t\t\t\t<a href='https:\/\/www.azelot.fr\/wp-content\/uploads\/2016\/12\/P1020287.jpg' title=\"Elle est belle ma m\u00e9daille !\" data-rl_title=\"Elle est belle ma m\u00e9daille !\" class=\"rl-gallery-link\" data-rl_caption=\"\" data-rel=\"lightbox-gallery-1\"><img loading=\"lazy\" decoding=\"async\" width=\"150\" height=\"150\" src=\"https:\/\/www.azelot.fr\/wp-content\/uploads\/2016\/12\/P1020287-150x150.jpg\" class=\"attachment-thumbnail size-thumbnail\" alt=\"\" aria-describedby=\"gallery-1-4187\" \/><\/a>\n\t\t\t<\/dt>\n\t\t\t\t<dd class='wp-caption-text gallery-caption' id='gallery-1-4187'>\n\t\t\t\tElle est belle ma m\u00e9daille !\n\t\t\t\t<\/dd><\/dl><dl class='gallery-item'>\n\t\t\t<dt class='gallery-icon portrait'>\n\t\t\t\t<a href='https:\/\/www.azelot.fr\/wp-content\/uploads\/2016\/12\/055.jpg' title=\"Une d\u00e9coration bien m\u00e9rit\u00e9e\" data-rl_title=\"Une d\u00e9coration bien m\u00e9rit\u00e9e\" class=\"rl-gallery-link\" data-rl_caption=\"\" data-rel=\"lightbox-gallery-1\"><img loading=\"lazy\" decoding=\"async\" width=\"150\" height=\"150\" src=\"https:\/\/www.azelot.fr\/wp-content\/uploads\/2016\/12\/055-150x150.jpg\" class=\"attachment-thumbnail size-thumbnail\" alt=\"\" aria-describedby=\"gallery-1-4206\" \/><\/a>\n\t\t\t<\/dt>\n\t\t\t\t<dd class='wp-caption-text gallery-caption' id='gallery-1-4206'>\n\t\t\t\tUne d\u00e9coration bien m\u00e9rit\u00e9e\n\t\t\t\t<\/dd><\/dl><br style=\"clear: both\" \/><dl class='gallery-item'>\n\t\t\t<dt class='gallery-icon portrait'>\n\t\t\t\t<a href='https:\/\/www.azelot.fr\/wp-content\/uploads\/2016\/12\/053.jpg' title=\"Et avec l&#039;accolade du maire.\" data-rl_title=\"Et avec l&#039;accolade du maire.\" class=\"rl-gallery-link\" data-rl_caption=\"\" data-rel=\"lightbox-gallery-1\"><img loading=\"lazy\" decoding=\"async\" width=\"150\" height=\"150\" src=\"https:\/\/www.azelot.fr\/wp-content\/uploads\/2016\/12\/053-150x150.jpg\" class=\"attachment-thumbnail size-thumbnail\" alt=\"\" aria-describedby=\"gallery-1-4205\" \/><\/a>\n\t\t\t<\/dt>\n\t\t\t\t<dd class='wp-caption-text gallery-caption' id='gallery-1-4205'>\n\t\t\t\tEt avec l&rsquo;accolade du maire.\n\t\t\t\t<\/dd><\/dl><dl class='gallery-item'>\n\t\t\t<dt class='gallery-icon landscape'>\n\t\t\t\t<a href='https:\/\/www.azelot.fr\/wp-content\/uploads\/2016\/12\/P1020280.jpg' title=\"L&#039;embrasement du ch\u00e2teau\" data-rl_title=\"L&#039;embrasement du ch\u00e2teau\" class=\"rl-gallery-link\" data-rl_caption=\"\" data-rel=\"lightbox-gallery-1\"><img loading=\"lazy\" decoding=\"async\" width=\"150\" height=\"150\" src=\"https:\/\/www.azelot.fr\/wp-content\/uploads\/2016\/12\/P1020280-150x150.jpg\" class=\"attachment-thumbnail size-thumbnail\" alt=\"\" aria-describedby=\"gallery-1-4210\" \/><\/a>\n\t\t\t<\/dt>\n\t\t\t\t<dd class='wp-caption-text gallery-caption' id='gallery-1-4210'>\n\t\t\t\tL&#8217;embrasement du ch\u00e2teau\n\n\t\t\t\t<\/dd><\/dl><dl class='gallery-item'>\n\t\t\t<dt class='gallery-icon landscape'>\n\t\t\t\t<a href='https:\/\/www.azelot.fr\/wp-content\/uploads\/2016\/12\/034.jpg' title=\"\" data-rl_title=\"\" class=\"rl-gallery-link\" data-rl_caption=\"\" data-rel=\"lightbox-gallery-1\"><img loading=\"lazy\" decoding=\"async\" width=\"150\" height=\"150\" src=\"https:\/\/www.azelot.fr\/wp-content\/uploads\/2016\/12\/034-150x150.jpg\" class=\"attachment-thumbnail size-thumbnail\" alt=\"\" \/><\/a>\n\t\t\t<\/dt><\/dl><br style=\"clear: both\" \/><dl class='gallery-item'>\n\t\t\t<dt class='gallery-icon landscape'>\n\t\t\t\t<a href='https:\/\/www.azelot.fr\/wp-content\/uploads\/2016\/12\/048.jpg' title=\"\" data-rl_title=\"\" class=\"rl-gallery-link\" data-rl_caption=\"\" data-rel=\"lightbox-gallery-1\"><img loading=\"lazy\" decoding=\"async\" width=\"150\" height=\"150\" src=\"https:\/\/www.azelot.fr\/wp-content\/uploads\/2016\/12\/048-150x150.jpg\" class=\"attachment-thumbnail size-thumbnail\" alt=\"\" \/><\/a>\n\t\t\t<\/dt><\/dl><dl class='gallery-item'>\n\t\t\t<dt class='gallery-icon landscape'>\n\t\t\t\t<a href='https:\/\/www.azelot.fr\/wp-content\/uploads\/2016\/12\/042.jpg' title=\"On attaque le ch\u00e2teau ?\" data-rl_title=\"On attaque le ch\u00e2teau ?\" class=\"rl-gallery-link\" data-rl_caption=\"\" data-rel=\"lightbox-gallery-1\"><img loading=\"lazy\" decoding=\"async\" width=\"150\" height=\"150\" src=\"https:\/\/www.azelot.fr\/wp-content\/uploads\/2016\/12\/042-150x150.jpg\" class=\"attachment-thumbnail size-thumbnail\" alt=\"\" aria-describedby=\"gallery-1-4203\" \/><\/a>\n\t\t\t<\/dt>\n\t\t\t\t<dd class='wp-caption-text gallery-caption' id='gallery-1-4203'>\n\t\t\t\tOn attaque le ch\u00e2teau ?\n\t\t\t\t<\/dd><\/dl><dl class='gallery-item'>\n\t\t\t<dt class='gallery-icon landscape'>\n\t\t\t\t<a href='https:\/\/www.azelot.fr\/wp-content\/uploads\/2016\/12\/038.jpg' title=\"Alors, on l&#039;attaque ce ch\u00e2teau-fort !\" data-rl_title=\"Alors, on l&#039;attaque ce ch\u00e2teau-fort !\" class=\"rl-gallery-link\" data-rl_caption=\"\" data-rel=\"lightbox-gallery-1\"><img loading=\"lazy\" decoding=\"async\" width=\"150\" height=\"150\" src=\"https:\/\/www.azelot.fr\/wp-content\/uploads\/2016\/12\/038-150x150.jpg\" class=\"attachment-thumbnail size-thumbnail\" alt=\"\" aria-describedby=\"gallery-1-4186\" \/><\/a>\n\t\t\t<\/dt>\n\t\t\t\t<dd class='wp-caption-text gallery-caption' id='gallery-1-4186'>\n\t\t\t\tAlors, on l&rsquo;attaque ce ch\u00e2teau-fort !\n\t\t\t\t<\/dd><\/dl><br style=\"clear: both\" \/><dl class='gallery-item'>\n\t\t\t<dt class='gallery-icon landscape'>\n\t\t\t\t<a href='https:\/\/www.azelot.fr\/wp-content\/uploads\/2016\/12\/060.jpg' title=\"Elles ont bien m\u00e9rit\u00e9 un peu de dessert.\" data-rl_title=\"Elles ont bien m\u00e9rit\u00e9 un peu de dessert.\" class=\"rl-gallery-link\" data-rl_caption=\"\" data-rel=\"lightbox-gallery-1\"><img loading=\"lazy\" decoding=\"async\" width=\"150\" height=\"150\" src=\"https:\/\/www.azelot.fr\/wp-content\/uploads\/2016\/12\/060-150x150.jpg\" class=\"attachment-thumbnail size-thumbnail\" alt=\"\" aria-describedby=\"gallery-1-4207\" \/><\/a>\n\t\t\t<\/dt>\n\t\t\t\t<dd class='wp-caption-text gallery-caption' id='gallery-1-4207'>\n\t\t\t\tElles ont bien m\u00e9rit\u00e9 un peu de dessert.\n\t\t\t\t<\/dd><\/dl>\n\t\t\t<br style='clear: both' \/>\n\t\t<\/div>\n\n","protected":false},"excerpt":{"rendered":"<p>Le CCAS (Comit\u00e9 Communal d&rsquo;Action Sociale) avait invit\u00e9 pour midi tous les a\u00een\u00e9s du village au repas traditionnel de fin d&rsquo;ann\u00e9e. Pr\u00e8s de 50 personnes ont r\u00e9pondu positivement. La salle avait \u00e9t\u00e9 d\u00e9cor\u00e9e la veille par les b\u00e9n\u00e9voles. Cette ann\u00e9e&#8230;<br \/><a class=\"read-more-button\" href=\"https:\/\/www.azelot.fr\/?p=4174\">Savoir plus<\/a><\/p>\n","protected":false},"author":4,"featured_media":0,"comment_status":"open","ping_status":"open","sticky":false,"template":"","format":"standard","meta":{"activitypub_content_warning":"","activitypub_content_visibility":"","activitypub_max_image_attachments":4,"activitypub_interaction_policy_quote":"","activitypub_status":"","footnotes":""},"categories":[4],"tags":[26],"class_list":["post-4174","post","type-post","status-publish","format-standard","hentry","category-mairie","tag-repas"],"_links":{"self":[{"href":"https:\/\/www.azelot.fr\/index.php?rest_route=\/wp\/v2\/posts\/4174","targetHints":{"allow":["GET"]}}],"collection":[{"href":"https:\/\/www.azelot.fr\/index.php?rest_route=\/wp\/v2\/posts"}],"about":[{"href":"https:\/\/www.azelot.fr\/index.php?rest_route=\/wp\/v2\/types\/post"}],"author":[{"embeddable":true,"href":"https:\/\/www.azelot.fr\/index.php?rest_route=\/wp\/v2\/users\/4"}],"replies":[{"embeddable":true,"href":"https:\/\/www.azelot.fr\/index.php?rest_route=%2Fwp%2Fv2%2Fcomments&post=4174"}],"version-history":[{"count":9,"href":"https:\/\/www.azelot.fr\/index.php?rest_route=\/wp\/v2\/posts\/4174\/revisions"}],"predecessor-version":[{"id":4216,"href":"https:\/\/www.azelot.fr\/index.php?rest_route=\/wp\/v2\/posts\/4174\/revisions\/4216"}],"wp:attachment":[{"href":"https:\/\/www.azelot.fr\/index.php?rest_route=%2Fwp%2Fv2%2Fmedia&parent=4174"}],"wp:term":[{"taxonomy":"category","embeddable":true,"href":"https:\/\/www.azelot.fr\/index.php?rest_route=%2Fwp%2Fv2%2Fcategories&post=4174"},{"taxonomy":"post_tag","embeddable":true,"href":"https:\/\/www.azelot.fr\/index.php?rest_route=%2Fwp%2Fv2%2Ftags&post=4174"}],"curies":[{"name":"wp","href":"https:\/\/api.w.org\/{rel}","templated":true}]}}