{"id":4150,"date":"2016-11-17T08:21:39","date_gmt":"2016-11-17T07:21:39","guid":{"rendered":"http:\/\/www.azelot.fr\/?p=4150"},"modified":"2016-11-18T13:33:25","modified_gmt":"2016-11-18T12:33:25","slug":"une-medaille-pour-la-secretaire-de-mairie","status":"publish","type":"post","link":"https:\/\/www.azelot.fr\/?p=4150","title":{"rendered":"Une m\u00e9daille pour la secr\u00e9taire de Mairie"},"content":{"rendered":"<p>Lors d&rsquo;une r\u00e9union sympathique, M. le Maire a remis \u00e0 Brigitte Cremel la m\u00e9daille d&rsquo;honneur r\u00e9gionale, d\u00e9partementale et communale. Cette d\u00e9coration et le dipl\u00f4me qui l&rsquo;accompagne mat\u00e9rialisent 34 ans de travail \u00e0 la mairie d&rsquo;Azelot. Il a soulign\u00e9 la ponctualit\u00e9 et l&rsquo;investissement de Brigitte dans son travail, ainsi que son r\u00f4le dans la mise en \u0153uvre pratique des d\u00e9cisions politiques prises par le Conseil municipal.<\/p>\n<p><a href=\"https:\/\/www.azelot.fr\/?attachment_id=4152\" rel=\"attachment wp-att-4152\"><img loading=\"lazy\" decoding=\"async\" class=\"aligncenter size-full wp-image-4152\" src=\"https:\/\/www.azelot.fr\/wp-content\/uploads\/2016\/11\/028.jpg\" alt=\"028\" width=\"720\" height=\"1017\" srcset=\"https:\/\/www.azelot.fr\/wp-content\/uploads\/2016\/11\/028.jpg 720w, https:\/\/www.azelot.fr\/wp-content\/uploads\/2016\/11\/028-212x300.jpg 212w\" sizes=\"auto, (max-width: 720px) 100vw, 720px\" \/><\/a><br \/>\nBrigitte, tr\u00e8s \u00e9mue, a rappel\u00e9 qu&rsquo;elle a connu trois maires avec lesquels elle a travaill\u00e9 durant ces trois d\u00e9cennies : Michelle Protois (1982-1983), Jean-Claude Pissenem (1983-2014) et Christian Forget depuis 2014.<\/p>\n<p><a href=\"https:\/\/www.azelot.fr\/?attachment_id=4155\" rel=\"attachment wp-att-4155\"><img loading=\"lazy\" decoding=\"async\" class=\"aligncenter size-large wp-image-4155\" src=\"https:\/\/www.azelot.fr\/wp-content\/uploads\/2016\/11\/P1020155-1024x768.jpg\" alt=\"p1020155\" width=\"1024\" height=\"768\" srcset=\"https:\/\/www.azelot.fr\/wp-content\/uploads\/2016\/11\/P1020155-1024x768.jpg 1024w, https:\/\/www.azelot.fr\/wp-content\/uploads\/2016\/11\/P1020155-300x225.jpg 300w, https:\/\/www.azelot.fr\/wp-content\/uploads\/2016\/11\/P1020155-768x576.jpg 768w, https:\/\/www.azelot.fr\/wp-content\/uploads\/2016\/11\/P1020155-1170x878.jpg 1170w\" sizes=\"auto, (max-width: 1024px) 100vw, 1024px\" \/><\/a><br \/>\nLa c\u00e9r\u00e9monie s&rsquo;est termin\u00e9e autour du verre de l&rsquo;amiti\u00e9.<\/p>\n","protected":false},"excerpt":{"rendered":"<p>Lors d&rsquo;une r\u00e9union sympathique, M. le Maire a remis \u00e0 Brigitte Cremel la m\u00e9daille d&rsquo;honneur r\u00e9gionale, d\u00e9partementale et communale. Cette d\u00e9coration et le dipl\u00f4me qui l&rsquo;accompagne mat\u00e9rialisent 34 ans de travail \u00e0 la mairie d&rsquo;Azelot. Il a soulign\u00e9 la ponctualit\u00e9&#8230;<br \/><a class=\"read-more-button\" href=\"https:\/\/www.azelot.fr\/?p=4150\">Savoir plus<\/a><\/p>\n","protected":false},"author":4,"featured_media":0,"comment_status":"open","ping_status":"open","sticky":false,"template":"","format":"standard","meta":{"activitypub_content_warning":"","activitypub_content_visibility":"","activitypub_max_image_attachments":4,"activitypub_interaction_policy_quote":"","activitypub_status":"","footnotes":""},"categories":[4],"tags":[],"class_list":["post-4150","post","type-post","status-publish","format-standard","hentry","category-mairie"],"_links":{"self":[{"href":"https:\/\/www.azelot.fr\/index.php?rest_route=\/wp\/v2\/posts\/4150","targetHints":{"allow":["GET"]}}],"collection":[{"href":"https:\/\/www.azelot.fr\/index.php?rest_route=\/wp\/v2\/posts"}],"about":[{"href":"https:\/\/www.azelot.fr\/index.php?rest_route=\/wp\/v2\/types\/post"}],"author":[{"embeddable":true,"href":"https:\/\/www.azelot.fr\/index.php?rest_route=\/wp\/v2\/users\/4"}],"replies":[{"embeddable":true,"href":"https:\/\/www.azelot.fr\/index.php?rest_route=%2Fwp%2Fv2%2Fcomments&post=4150"}],"version-history":[{"count":4,"href":"https:\/\/www.azelot.fr\/index.php?rest_route=\/wp\/v2\/posts\/4150\/revisions"}],"predecessor-version":[{"id":4156,"href":"https:\/\/www.azelot.fr\/index.php?rest_route=\/wp\/v2\/posts\/4150\/revisions\/4156"}],"wp:attachment":[{"href":"https:\/\/www.azelot.fr\/index.php?rest_route=%2Fwp%2Fv2%2Fmedia&parent=4150"}],"wp:term":[{"taxonomy":"category","embeddable":true,"href":"https:\/\/www.azelot.fr\/index.php?rest_route=%2Fwp%2Fv2%2Fcategories&post=4150"},{"taxonomy":"post_tag","embeddable":true,"href":"https:\/\/www.azelot.fr\/index.php?rest_route=%2Fwp%2Fv2%2Ftags&post=4150"}],"curies":[{"name":"wp","href":"https:\/\/api.w.org\/{rel}","templated":true}]}}