{"id":4121,"date":"2016-10-27T18:42:09","date_gmt":"2016-10-27T16:42:09","guid":{"rendered":"http:\/\/www.azelot.fr\/?p=4121"},"modified":"2016-10-27T18:42:09","modified_gmt":"2016-10-27T16:42:09","slug":"deroulement-de-lassemblee-generale","status":"publish","type":"post","link":"https:\/\/www.azelot.fr\/?p=4121","title":{"rendered":"D\u00e9roulement de l&rsquo;assembl\u00e9e g\u00e9n\u00e9rale"},"content":{"rendered":"<p>L&rsquo;assembl\u00e9e g\u00e9n\u00e9rale du foyer rural s&rsquo;est d\u00e9roul\u00e9e le mardi 11 octobre. Elle a rassembl\u00e9 le conseil d&rsquo;administration, une grande partie du conseil municipal autour de son maire Christian Forget, St\u00e9phanie Barth\u00e9l\u00e9my de Jeunesse &amp; Territoire et Laurent Kindt, administrateur des foyers ruraux, autour de Michel Ch\u00e2tre, pr\u00e9sident du foyer rural.<\/p>\n<p><a href=\"https:\/\/www.azelot.fr\/?attachment_id=4122\" rel=\"attachment wp-att-4122\"><img loading=\"lazy\" decoding=\"async\" class=\"aligncenter size-large wp-image-4122\" src=\"https:\/\/www.azelot.fr\/wp-content\/uploads\/2016\/10\/P1020126-1024x768.jpg\" alt=\"p1020126\" width=\"1024\" height=\"768\" srcset=\"https:\/\/www.azelot.fr\/wp-content\/uploads\/2016\/10\/P1020126-1024x768.jpg 1024w, https:\/\/www.azelot.fr\/wp-content\/uploads\/2016\/10\/P1020126-300x225.jpg 300w, https:\/\/www.azelot.fr\/wp-content\/uploads\/2016\/10\/P1020126-768x576.jpg 768w, https:\/\/www.azelot.fr\/wp-content\/uploads\/2016\/10\/P1020126-1170x878.jpg 1170w\" sizes=\"auto, (max-width: 1024px) 100vw, 1024px\" \/><\/a>Apr\u00e8s avoir accueilli les participants, celui-ci a pr\u00e9sent\u00e9 le rapport moral sous la forme d&rsquo;un diaporama. Il a ainsi list\u00e9 toutes les activit\u00e9s r\u00e9guli\u00e8res (gym, musique, \u0153nologie&#8230;) ainsi que toutes les manifestations qui se sont d\u00e9roul\u00e9es durant la saison 2015\/2016 (Salon des Vignerons, soir\u00e9e alsacienne, bal du 13 juillet&#8230;)<\/p>\n<p>Elisabeth Gaujard, tr\u00e9sori\u00e8re, pr\u00e9sentait ensuite le bilan financier, montrant la bonne sant\u00e9 du foyer.<\/p>\n<p>L&rsquo;\u00e9lection du CA voyait la d\u00e9mission de Patrick Grandjean et l&rsquo;arriv\u00e9e de Ma\u00eft\u00e9 Haussmann. Le pr\u00e9sident insistait sur cette arriv\u00e9e en se f\u00e9licitant du retour d&rsquo;une enfant du village.<\/p>\n<p>Il signalait que l&rsquo;\u00e9lection du bureau aurait lieu le lundi 17 octobre. Il rappelait que, comme il l&rsquo;avait annonc\u00e9 il y a un an, il laissait la charge de pr\u00e9sident. Celle-ci sera assur\u00e9e par Marie-Pierre Forget, pour une dur\u00e9e de transition limit\u00e9e (2 ans). Elle fait remarquer que le fait d&rsquo;\u00eatre l&rsquo;\u00e9pouse du maire la met dans une position inconfortable pour assumer cette responsabilit\u00e9. Mais il n&rsquo;y avait pas d&rsquo;autre solution pour assurer la p\u00e9rennit\u00e9 du foyer et poursuivre le renouvellement et l&rsquo;\u00e9largissement de l&rsquo;\u00e9quipe des b\u00e9n\u00e9voles. En effet, personne ne souhaitait prendre la rel\u00e8ve de Michel Ch\u00e2tre pour l&rsquo;instant.<\/p>\n<p>La pr\u00e9sentation de la nouvelle saison avec de nouvelles activit\u00e9s (anglais, gym pour enfants) montre encore une fois, la vitalit\u00e9 du foyer. Le calendrier des diverses manifestations sera \u00e9tabli prochainement, mais on peut d\u00e9j\u00e0 noter la soir\u00e9e Beaujolais Nouveau du vendredi 18 novembre et, bien s\u00fbr, le salon des vignerons le samedi 10 et le dimanche 11 d\u00e9cembre 2016.<\/p>\n<p>L&rsquo;assembl\u00e9e g\u00e9n\u00e9rale se terminait par l&rsquo;intervention de St\u00e9phanie qui revenait sur la disparition du secteur \u00ab\u00a0du Bayonnais au Vermois\u00a0\u00bb et les projets d&rsquo;int\u00e9gration dans une nouvelle structure intercommunale, et de Christian Forget se f\u00e9licitant de la bonne vitalit\u00e9 du foyer et rappelant l&rsquo;attachement et le soutien financier de la municipalit\u00e9 poursuivis depuis de nombreuses ann\u00e9es.<\/p>\n<p>Le pot de l&rsquo;amiti\u00e9 venait, comme le veut la tradition, conclure cette belle soir\u00e9e.<\/p>\n","protected":false},"excerpt":{"rendered":"<p>L&rsquo;assembl\u00e9e g\u00e9n\u00e9rale du foyer rural s&rsquo;est d\u00e9roul\u00e9e le mardi 11 octobre. Elle a rassembl\u00e9 le conseil d&rsquo;administration, une grande partie du conseil municipal autour de son maire Christian Forget, St\u00e9phanie Barth\u00e9l\u00e9my de Jeunesse &amp; Territoire et Laurent Kindt, administrateur des&#8230;<br \/><a class=\"read-more-button\" href=\"https:\/\/www.azelot.fr\/?p=4121\">Savoir plus<\/a><\/p>\n","protected":false},"author":2,"featured_media":0,"comment_status":"open","ping_status":"open","sticky":false,"template":"","format":"standard","meta":{"activitypub_content_warning":"","activitypub_content_visibility":"","activitypub_max_image_attachments":4,"activitypub_interaction_policy_quote":"","activitypub_status":"","footnotes":""},"categories":[5],"tags":[],"class_list":["post-4121","post","type-post","status-publish","format-standard","hentry","category-foyer-rural"],"_links":{"self":[{"href":"https:\/\/www.azelot.fr\/index.php?rest_route=\/wp\/v2\/posts\/4121","targetHints":{"allow":["GET"]}}],"collection":[{"href":"https:\/\/www.azelot.fr\/index.php?rest_route=\/wp\/v2\/posts"}],"about":[{"href":"https:\/\/www.azelot.fr\/index.php?rest_route=\/wp\/v2\/types\/post"}],"author":[{"embeddable":true,"href":"https:\/\/www.azelot.fr\/index.php?rest_route=\/wp\/v2\/users\/2"}],"replies":[{"embeddable":true,"href":"https:\/\/www.azelot.fr\/index.php?rest_route=%2Fwp%2Fv2%2Fcomments&post=4121"}],"version-history":[{"count":1,"href":"https:\/\/www.azelot.fr\/index.php?rest_route=\/wp\/v2\/posts\/4121\/revisions"}],"predecessor-version":[{"id":4123,"href":"https:\/\/www.azelot.fr\/index.php?rest_route=\/wp\/v2\/posts\/4121\/revisions\/4123"}],"wp:attachment":[{"href":"https:\/\/www.azelot.fr\/index.php?rest_route=%2Fwp%2Fv2%2Fmedia&parent=4121"}],"wp:term":[{"taxonomy":"category","embeddable":true,"href":"https:\/\/www.azelot.fr\/index.php?rest_route=%2Fwp%2Fv2%2Fcategories&post=4121"},{"taxonomy":"post_tag","embeddable":true,"href":"https:\/\/www.azelot.fr\/index.php?rest_route=%2Fwp%2Fv2%2Ftags&post=4121"}],"curies":[{"name":"wp","href":"https:\/\/api.w.org\/{rel}","templated":true}]}}