{"id":4005,"date":"2016-06-04T18:03:19","date_gmt":"2016-06-04T16:03:19","guid":{"rendered":"http:\/\/www.azelot.fr\/?p=4005"},"modified":"2016-06-06T08:24:12","modified_gmt":"2016-06-06T06:24:12","slug":"les-boucs-se-mettent-au-vert-2","status":"publish","type":"post","link":"https:\/\/www.azelot.fr\/?p=4005","title":{"rendered":"Les Boucs se sont mis au vert"},"content":{"rendered":"<p>Il pleuvait tellement ces jours-ci que l&rsquo;on se demandait si la sortie pr\u00e9vue allait bien pouvoir se d\u00e9rouler. De fait, ce matin, les VTT sont rest\u00e9s aux garages : les chemins \u00e9taient gorg\u00e9s d&rsquo;eau et il venait encore de pleuvoir, suffisamment pour doucher l&rsquo;enthousiasme les derniers passionn\u00e9s&#8230;Rendez-vous \u00e0 plus tard.<\/p>\n<p>Par contre, cet apr\u00e8s-midi, une dizaine d&rsquo;optimistes ont brav\u00e9 les nuages n&rsquo;annon\u00e7ant rien de bon&#8230;<\/p>\n<p><a href=\"https:\/\/www.azelot.fr\/?attachment_id=4006#main\" rel=\"attachment wp-att-4006\"><img loading=\"lazy\" decoding=\"async\" class=\"aligncenter size-large wp-image-4006\" src=\"https:\/\/www.azelot.fr\/wp-content\/uploads\/2016\/06\/001-1024x724.jpg\" alt=\"001\" width=\"960\" height=\"679\" srcset=\"https:\/\/www.azelot.fr\/wp-content\/uploads\/2016\/06\/001-1024x724.jpg 1024w, https:\/\/www.azelot.fr\/wp-content\/uploads\/2016\/06\/001-300x212.jpg 300w, https:\/\/www.azelot.fr\/wp-content\/uploads\/2016\/06\/001-768x543.jpg 768w, https:\/\/www.azelot.fr\/wp-content\/uploads\/2016\/06\/001.jpg 1951w\" sizes=\"auto, (max-width: 960px) 100vw, 960px\" \/><\/a><\/p>\n<p>Ils sont partis sur les chemins (bien gras&#8230;) autour du village&#8230;<\/p>\n<p><a href=\"https:\/\/www.azelot.fr\/?attachment_id=4013#main\" rel=\"attachment wp-att-4013\"><img loading=\"lazy\" decoding=\"async\" class=\"aligncenter size-large wp-image-4013\" src=\"https:\/\/www.azelot.fr\/wp-content\/uploads\/2016\/06\/004-1-1024x723.jpg\" alt=\"004\" width=\"960\" height=\"678\" srcset=\"https:\/\/www.azelot.fr\/wp-content\/uploads\/2016\/06\/004-1-1024x723.jpg 1024w, https:\/\/www.azelot.fr\/wp-content\/uploads\/2016\/06\/004-1-300x212.jpg 300w, https:\/\/www.azelot.fr\/wp-content\/uploads\/2016\/06\/004-1-768x542.jpg 768w\" sizes=\"auto, (max-width: 960px) 100vw, 960px\" \/><\/a><\/p>\n<p>&#8230;bien s\u00fbr, la pluie s&rsquo;invitant en cours de route obligea nos intr\u00e9pides randonneurs \u00e0 se prot\u00e9ger quelque peu&#8230;<\/p>\n<p><a href=\"https:\/\/www.azelot.fr\/?attachment_id=4008#main\" rel=\"attachment wp-att-4008\"><img loading=\"lazy\" decoding=\"async\" class=\"aligncenter size-large wp-image-4008\" src=\"https:\/\/www.azelot.fr\/wp-content\/uploads\/2016\/06\/005-1024x724.jpg\" alt=\"005\" width=\"960\" height=\"679\" srcset=\"https:\/\/www.azelot.fr\/wp-content\/uploads\/2016\/06\/005-1024x724.jpg 1024w, https:\/\/www.azelot.fr\/wp-content\/uploads\/2016\/06\/005-300x212.jpg 300w, https:\/\/www.azelot.fr\/wp-content\/uploads\/2016\/06\/005-768x543.jpg 768w\" sizes=\"auto, (max-width: 960px) 100vw, 960px\" \/><\/a><\/p>\n<p>&#8230;mais le retour sur Azelot se passa sans une goutte de pluie.<\/p>\n<p>Jusqu&rsquo;au lavoir o\u00f9 Claude avait apport\u00e9 de quoi r\u00e9chauffer les ardeurs&#8230;<\/p>\n<p><a href=\"https:\/\/www.azelot.fr\/?attachment_id=4009#main\" rel=\"attachment wp-att-4009\"><img loading=\"lazy\" decoding=\"async\" class=\"aligncenter size-large wp-image-4009\" src=\"https:\/\/www.azelot.fr\/wp-content\/uploads\/2016\/06\/010-1024x725.jpg\" alt=\"010\" width=\"960\" height=\"680\" srcset=\"https:\/\/www.azelot.fr\/wp-content\/uploads\/2016\/06\/010-1024x725.jpg 1024w, https:\/\/www.azelot.fr\/wp-content\/uploads\/2016\/06\/010-300x212.jpg 300w, https:\/\/www.azelot.fr\/wp-content\/uploads\/2016\/06\/010-768x544.jpg 768w\" sizes=\"auto, (max-width: 960px) 100vw, 960px\" \/><\/a><\/p>\n<p>Les chaussures et les pantalons \u00e9taient mouill\u00e9s, mais chacun \u00e9tait ravi de cette sortie.<\/p>\n<p>La prochaine fois, on esp\u00e8re qu&rsquo;il fera beau temps et que l&rsquo;on pourra associer VTT et marche, avec plus de participants.<\/p>\n<p>&nbsp;<\/p>\n","protected":false},"excerpt":{"rendered":"<p>Il pleuvait tellement ces jours-ci que l&rsquo;on se demandait si la sortie pr\u00e9vue allait bien pouvoir se d\u00e9rouler. De fait, ce matin, les VTT sont rest\u00e9s aux garages : les chemins \u00e9taient gorg\u00e9s d&rsquo;eau et il venait encore de pleuvoir,&#8230;<br \/><a class=\"read-more-button\" href=\"https:\/\/www.azelot.fr\/?p=4005\">Savoir plus<\/a><\/p>\n","protected":false},"author":2,"featured_media":0,"comment_status":"open","ping_status":"open","sticky":false,"template":"","format":"standard","meta":{"activitypub_content_warning":"","activitypub_content_visibility":"","activitypub_max_image_attachments":4,"activitypub_interaction_policy_quote":"","activitypub_status":"","footnotes":""},"categories":[5,4],"tags":[],"class_list":["post-4005","post","type-post","status-publish","format-standard","hentry","category-foyer-rural","category-mairie"],"_links":{"self":[{"href":"https:\/\/www.azelot.fr\/index.php?rest_route=\/wp\/v2\/posts\/4005","targetHints":{"allow":["GET"]}}],"collection":[{"href":"https:\/\/www.azelot.fr\/index.php?rest_route=\/wp\/v2\/posts"}],"about":[{"href":"https:\/\/www.azelot.fr\/index.php?rest_route=\/wp\/v2\/types\/post"}],"author":[{"embeddable":true,"href":"https:\/\/www.azelot.fr\/index.php?rest_route=\/wp\/v2\/users\/2"}],"replies":[{"embeddable":true,"href":"https:\/\/www.azelot.fr\/index.php?rest_route=%2Fwp%2Fv2%2Fcomments&post=4005"}],"version-history":[{"count":3,"href":"https:\/\/www.azelot.fr\/index.php?rest_route=\/wp\/v2\/posts\/4005\/revisions"}],"predecessor-version":[{"id":4014,"href":"https:\/\/www.azelot.fr\/index.php?rest_route=\/wp\/v2\/posts\/4005\/revisions\/4014"}],"wp:attachment":[{"href":"https:\/\/www.azelot.fr\/index.php?rest_route=%2Fwp%2Fv2%2Fmedia&parent=4005"}],"wp:term":[{"taxonomy":"category","embeddable":true,"href":"https:\/\/www.azelot.fr\/index.php?rest_route=%2Fwp%2Fv2%2Fcategories&post=4005"},{"taxonomy":"post_tag","embeddable":true,"href":"https:\/\/www.azelot.fr\/index.php?rest_route=%2Fwp%2Fv2%2Ftags&post=4005"}],"curies":[{"name":"wp","href":"https:\/\/api.w.org\/{rel}","templated":true}]}}