{"id":395,"date":"2011-12-29T16:47:40","date_gmt":"2011-12-29T14:47:40","guid":{"rendered":"http:\/\/test.azelot.fr\/?p=395"},"modified":"2012-10-06T06:56:50","modified_gmt":"2012-10-06T04:56:50","slug":"soiree-alsacienne","status":"publish","type":"post","link":"https:\/\/www.azelot.fr\/?p=395","title":{"rendered":"Soir\u00e9e alsacienne"},"content":{"rendered":"<p>Le traditionnel <strong>BAECKEOFFE<\/strong> aura lieu le <strong>samedi 28 janvier 2012<\/strong>.<\/p>\n<p>Comme d&rsquo;habitude, il est pr\u00e9par\u00e9 par les b\u00e9n\u00e9voles du foyer (et leurs amis) et cuit dans diff\u00e9rents fours r\u00e9partis dans le village.<\/p>\n<p>&nbsp;<\/p>\n<p><a href=\"https:\/\/www.azelot.fr\/wp-content\/uploads\/2012\/10\/011_1_0.jpg\" data-rel=\"lightbox-gallery-6iDrtHwn\" data-rl_title=\"\" data-rl_caption=\"\"><img loading=\"lazy\" decoding=\"async\" class=\"alignnone size-full wp-image-396\" title=\"\" src=\"https:\/\/www.azelot.fr\/wp-content\/uploads\/2012\/10\/011_1_0.jpg\" alt=\"\" width=\"680\" height=\"510\" srcset=\"https:\/\/www.azelot.fr\/wp-content\/uploads\/2012\/10\/011_1_0.jpg 680w, https:\/\/www.azelot.fr\/wp-content\/uploads\/2012\/10\/011_1_0-300x225.jpg 300w\" sizes=\"auto, (max-width: 680px) 100vw, 680px\" \/><\/a><\/p>\n<p><!--more--><\/p>\n<p>L&rsquo;animation est assur\u00e9e, comme l&rsquo;ann\u00e9e derni\u00e8re, par <strong>STEPHANE<\/strong> qui saura mettre l&rsquo;ambiance avec ses chansons et imitations en direct.<\/p>\n<p>&nbsp;<\/p>\n<p><a href=\"https:\/\/www.azelot.fr\/wp-content\/uploads\/2012\/10\/025_0.jpg\" data-rel=\"lightbox-gallery-6iDrtHwn\" data-rl_title=\"\" data-rl_caption=\"\"><img loading=\"lazy\" decoding=\"async\" class=\"alignnone size-full wp-image-397\" title=\"\" src=\"https:\/\/www.azelot.fr\/wp-content\/uploads\/2012\/10\/025_0.jpg\" alt=\"\" width=\"680\" height=\"510\" srcset=\"https:\/\/www.azelot.fr\/wp-content\/uploads\/2012\/10\/025_0.jpg 680w, https:\/\/www.azelot.fr\/wp-content\/uploads\/2012\/10\/025_0-300x225.jpg 300w\" sizes=\"auto, (max-width: 680px) 100vw, 680px\" \/><\/a><\/p>\n<p>&nbsp;<\/p>\n<p>Pour plus de d\u00e9tails, consulter le tract en <strong>\u00ab\u00a0fichiers attach\u00e9s\u00a0\u00bb<\/strong>.<\/p>\n<p><div class='afi-document'><div class='afi-document-icon'><a href='https:\/\/www.azelot.fr\/wp-content\/uploads\/2012\/10\/Repas2012.pdf'><img src='https:\/\/www.azelot.fr\/wp-content\/plugins\/attachment-file-icons\/mime\/pdf-icon.png'\/><\/a><\/div><div class='afi-document-link'><a href=\"https:\/\/www.azelot.fr\/wp-content\/uploads\/2012\/10\/Repas2012.pdf\">Repas2012<\/a><\/div><\/div><div class='afi-clear'><\/div><\/p>\n<p>A BIENT\u00d4T<\/p>\n","protected":false},"excerpt":{"rendered":"<p>Le traditionnel BAECKEOFFE aura lieu le samedi 28 janvier 2012. Comme d&rsquo;habitude, il est pr\u00e9par\u00e9 par les b\u00e9n\u00e9voles du foyer (et leurs amis) et cuit dans diff\u00e9rents fours r\u00e9partis dans le village. &nbsp;<\/p>\n","protected":false},"author":2,"featured_media":0,"comment_status":"open","ping_status":"open","sticky":false,"template":"","format":"standard","meta":{"activitypub_content_warning":"","activitypub_content_visibility":"","activitypub_max_image_attachments":4,"activitypub_interaction_policy_quote":"","activitypub_status":"","footnotes":""},"categories":[5],"tags":[6,61],"class_list":["post-395","post","type-post","status-publish","format-standard","hentry","category-foyer-rural","tag-annonce","tag-baeckeoffe"],"_links":{"self":[{"href":"https:\/\/www.azelot.fr\/index.php?rest_route=\/wp\/v2\/posts\/395","targetHints":{"allow":["GET"]}}],"collection":[{"href":"https:\/\/www.azelot.fr\/index.php?rest_route=\/wp\/v2\/posts"}],"about":[{"href":"https:\/\/www.azelot.fr\/index.php?rest_route=\/wp\/v2\/types\/post"}],"author":[{"embeddable":true,"href":"https:\/\/www.azelot.fr\/index.php?rest_route=\/wp\/v2\/users\/2"}],"replies":[{"embeddable":true,"href":"https:\/\/www.azelot.fr\/index.php?rest_route=%2Fwp%2Fv2%2Fcomments&post=395"}],"version-history":[{"count":2,"href":"https:\/\/www.azelot.fr\/index.php?rest_route=\/wp\/v2\/posts\/395\/revisions"}],"predecessor-version":[{"id":400,"href":"https:\/\/www.azelot.fr\/index.php?rest_route=\/wp\/v2\/posts\/395\/revisions\/400"}],"wp:attachment":[{"href":"https:\/\/www.azelot.fr\/index.php?rest_route=%2Fwp%2Fv2%2Fmedia&parent=395"}],"wp:term":[{"taxonomy":"category","embeddable":true,"href":"https:\/\/www.azelot.fr\/index.php?rest_route=%2Fwp%2Fv2%2Fcategories&post=395"},{"taxonomy":"post_tag","embeddable":true,"href":"https:\/\/www.azelot.fr\/index.php?rest_route=%2Fwp%2Fv2%2Ftags&post=395"}],"curies":[{"name":"wp","href":"https:\/\/api.w.org\/{rel}","templated":true}]}}