{"id":3730,"date":"2016-02-21T18:51:09","date_gmt":"2016-02-21T17:51:09","guid":{"rendered":"http:\/\/www.azelot.fr\/?p=3730"},"modified":"2016-02-21T18:51:09","modified_gmt":"2016-02-21T17:51:09","slug":"donnez-votre-avis-sur-lamelioration-des-services-au-public-en-meurthe-et-moselle","status":"publish","type":"post","link":"https:\/\/www.azelot.fr\/?p=3730","title":{"rendered":"Donnez votre avis sur l&rsquo;am\u00e9lioration des services au public en Meurthe-et-Moselle"},"content":{"rendered":"<p style=\"text-align: justify;\">Le Conseil D\u00e9partemental de Meurthe et Moselle organise une grande enqu\u00eate aupr\u00e8s de la population de Meurthe-et-Moselle est engag\u00e9e du 25 janvier au 29 f\u00e9vrier 2016, pour appr\u00e9cier au plus pr\u00e8s le ressenti des usagers, leurs besoins en mati\u00e8re de services et l\u2019accessibilit\u00e9 des services au public. Pour ce faire, un questionnaire est disponible en ligne, ainsi que dans les mairies et services de proximit\u00e9.<\/p>\n<p>Pour en savoir plus sur l\u2019enqu\u00eate, cliquer sur\u00a0 <a href=\"http:\/\/www.meurthe-et-moselle.fr\/fr\/acces-directs\/infos\/enquete-sur-lamelioration-des-services-au-public.html\" target=\"_blank\">en savoir plus sur l&rsquo;enqu\u00eate sur l&rsquo;am\u00e9lioration des services au public en Meurthe-et-Moselle &#8211; du 25 janvier au 29 f\u00e9vrier 2016<\/a><\/p>\n<p style=\"text-align: justify;\">Pour participer \u00e0 l\u2019enqu\u00eate, cliquer sur <a href=\"http:\/\/enquete.edater.com\/enquete-services-meurthe-et-moselle\" target=\"_blank\">http:\/\/enquete.edater.com\/enquete-services-meurthe-et-moselle<\/a><\/p>\n<p style=\"text-align: justify;\">D\u2019autres renseignements sont disponibles sur les sites internet :<br \/>\n___du d\u00e9partement\u00a0 <a href=\"http:\/\/www.meurthe-et-moselle.fr\/\" target=\"_blank\">www.meurthe-et-moselle.fr<\/a><br \/>\n___de la pr\u00e9fecture de Meurthe et Moselle <a href=\"http:\/\/www.meurthe-et-moselle.gouv.fr\/\" target=\"_blank\">www.meurthe-et-moselle.gouv.fr<\/a><\/p>\n<p style=\"text-align: justify;\">Merci pour votre participation \u00e0 cette enqu\u00eate.<\/p>\n<p style=\"text-align: justify;\">\n","protected":false},"excerpt":{"rendered":"<p>Le Conseil D\u00e9partemental de Meurthe et Moselle organise une grande enqu\u00eate aupr\u00e8s de la population de Meurthe-et-Moselle est engag\u00e9e du 25 janvier au 29 f\u00e9vrier 2016, pour appr\u00e9cier au plus pr\u00e8s le ressenti des usagers, leurs besoins en mati\u00e8re de&#8230;<br \/><a class=\"read-more-button\" href=\"https:\/\/www.azelot.fr\/?p=3730\">Savoir plus<\/a><\/p>\n","protected":false},"author":12,"featured_media":0,"comment_status":"open","ping_status":"open","sticky":false,"template":"","format":"standard","meta":{"activitypub_content_warning":"","activitypub_content_visibility":"","activitypub_max_image_attachments":4,"activitypub_interaction_policy_quote":"","activitypub_status":"","footnotes":""},"categories":[4],"tags":[],"class_list":["post-3730","post","type-post","status-publish","format-standard","hentry","category-mairie"],"_links":{"self":[{"href":"https:\/\/www.azelot.fr\/index.php?rest_route=\/wp\/v2\/posts\/3730","targetHints":{"allow":["GET"]}}],"collection":[{"href":"https:\/\/www.azelot.fr\/index.php?rest_route=\/wp\/v2\/posts"}],"about":[{"href":"https:\/\/www.azelot.fr\/index.php?rest_route=\/wp\/v2\/types\/post"}],"author":[{"embeddable":true,"href":"https:\/\/www.azelot.fr\/index.php?rest_route=\/wp\/v2\/users\/12"}],"replies":[{"embeddable":true,"href":"https:\/\/www.azelot.fr\/index.php?rest_route=%2Fwp%2Fv2%2Fcomments&post=3730"}],"version-history":[{"count":6,"href":"https:\/\/www.azelot.fr\/index.php?rest_route=\/wp\/v2\/posts\/3730\/revisions"}],"predecessor-version":[{"id":3736,"href":"https:\/\/www.azelot.fr\/index.php?rest_route=\/wp\/v2\/posts\/3730\/revisions\/3736"}],"wp:attachment":[{"href":"https:\/\/www.azelot.fr\/index.php?rest_route=%2Fwp%2Fv2%2Fmedia&parent=3730"}],"wp:term":[{"taxonomy":"category","embeddable":true,"href":"https:\/\/www.azelot.fr\/index.php?rest_route=%2Fwp%2Fv2%2Fcategories&post=3730"},{"taxonomy":"post_tag","embeddable":true,"href":"https:\/\/www.azelot.fr\/index.php?rest_route=%2Fwp%2Fv2%2Ftags&post=3730"}],"curies":[{"name":"wp","href":"https:\/\/api.w.org\/{rel}","templated":true}]}}