{"id":3592,"date":"2015-12-17T22:25:58","date_gmt":"2015-12-17T21:25:58","guid":{"rendered":"http:\/\/www.azelot.fr\/?p=3592"},"modified":"2015-12-17T22:25:58","modified_gmt":"2015-12-17T21:25:58","slug":"resultats-des-elections-regionales-des-6-et-13-decembre-2015","status":"publish","type":"post","link":"https:\/\/www.azelot.fr\/?p=3592","title":{"rendered":"R\u00e9sultats des \u00e9lections r\u00e9gionales des 6 et 13 d\u00e9cembre 2015"},"content":{"rendered":"<p><strong>2\u00e8me tour<\/strong><br \/>\nInscrits : 347<br \/>\nVotants : 227<br \/>\nBlancs et nuls : 11<br \/>\nExprim\u00e9s : 216<br \/>\nMASSERET (DVG)\u00a0 : 22 voix (10%)<br \/>\nPHILIPPOT (FN) : 69 voix (32%)<br \/>\nRICHERT (LR) 125 voix (58%)<\/p>\n<p>&nbsp;<\/p>\n<p><strong>1er\u00a0tour<\/strong><br \/>\nInscrits : 347<br \/>\nVotants : 200<br \/>\nBlancs et nuls : 12<br \/>\nExprim\u00e9s : 188<br \/>\nBELIER (EELV) : 15 voix<br \/>\nPERON (FG) : 4 voix<br \/>\nJACOBELLI\u00a0 (DLF)\u00a0: 18 voix<br \/>\nMASSERET (PS)\u00a0 :\u00a0 53\u00a0voix<br \/>\nPHILIPPOT (FN) :\u00a0 59 voix<br \/>\nWENTZEL\u00a0 (UPR) : 1 voix<br \/>\nWOSTYN (LO) : 4 voix)<br \/>\nTROUILLET : (r\u00e9g) : 1 voix<br \/>\nRICHERT (LR) 125 voix<\/p>\n","protected":false},"excerpt":{"rendered":"<p>2\u00e8me tour Inscrits : 347 Votants : 227 Blancs et nuls : 11 Exprim\u00e9s : 216 MASSERET (DVG)\u00a0 : 22 voix (10%) PHILIPPOT (FN) : 69 voix (32%) RICHERT (LR) 125 voix (58%) &nbsp; 1er\u00a0tour Inscrits : 347 Votants :&#8230;<br \/><a class=\"read-more-button\" href=\"https:\/\/www.azelot.fr\/?p=3592\">Savoir plus<\/a><\/p>\n","protected":false},"author":4,"featured_media":0,"comment_status":"open","ping_status":"open","sticky":false,"template":"","format":"standard","meta":{"activitypub_content_warning":"","activitypub_content_visibility":"","activitypub_max_image_attachments":4,"activitypub_interaction_policy_quote":"","activitypub_status":"","footnotes":""},"categories":[4],"tags":[72],"class_list":["post-3592","post","type-post","status-publish","format-standard","hentry","category-mairie","tag-election"],"_links":{"self":[{"href":"https:\/\/www.azelot.fr\/index.php?rest_route=\/wp\/v2\/posts\/3592","targetHints":{"allow":["GET"]}}],"collection":[{"href":"https:\/\/www.azelot.fr\/index.php?rest_route=\/wp\/v2\/posts"}],"about":[{"href":"https:\/\/www.azelot.fr\/index.php?rest_route=\/wp\/v2\/types\/post"}],"author":[{"embeddable":true,"href":"https:\/\/www.azelot.fr\/index.php?rest_route=\/wp\/v2\/users\/4"}],"replies":[{"embeddable":true,"href":"https:\/\/www.azelot.fr\/index.php?rest_route=%2Fwp%2Fv2%2Fcomments&post=3592"}],"version-history":[{"count":1,"href":"https:\/\/www.azelot.fr\/index.php?rest_route=\/wp\/v2\/posts\/3592\/revisions"}],"predecessor-version":[{"id":3593,"href":"https:\/\/www.azelot.fr\/index.php?rest_route=\/wp\/v2\/posts\/3592\/revisions\/3593"}],"wp:attachment":[{"href":"https:\/\/www.azelot.fr\/index.php?rest_route=%2Fwp%2Fv2%2Fmedia&parent=3592"}],"wp:term":[{"taxonomy":"category","embeddable":true,"href":"https:\/\/www.azelot.fr\/index.php?rest_route=%2Fwp%2Fv2%2Fcategories&post=3592"},{"taxonomy":"post_tag","embeddable":true,"href":"https:\/\/www.azelot.fr\/index.php?rest_route=%2Fwp%2Fv2%2Ftags&post=3592"}],"curies":[{"name":"wp","href":"https:\/\/api.w.org\/{rel}","templated":true}]}}