{"id":3463,"date":"2015-11-23T14:59:12","date_gmt":"2015-11-23T13:59:12","guid":{"rendered":"http:\/\/www.azelot.fr\/?p=3463"},"modified":"2015-11-25T07:54:06","modified_gmt":"2015-11-25T06:54:06","slug":"les-abeilles-et-le-miel","status":"publish","type":"post","link":"https:\/\/www.azelot.fr\/?p=3463","title":{"rendered":"Les abeilles et le miel"},"content":{"rendered":"<p>Ce samedi matin, il faisait frisquet sous la halle. Mais cela n&rsquo;a pas d\u00e9courag\u00e9 une dizaine de personnes de r\u00e9pondre \u00e0 l&rsquo;invitation du foyer &#8230;<\/p>\n<p><a href=\"https:\/\/www.azelot.fr\/wp-content\/uploads\/2015\/11\/P1010019.jpg\" data-rel=\"lightbox-gallery-gTebPrn9\" data-rl_title=\"\" data-rl_caption=\"\" title=\"\"><img loading=\"lazy\" decoding=\"async\" class=\"aligncenter size-large wp-image-3464\" src=\"https:\/\/www.azelot.fr\/wp-content\/uploads\/2015\/11\/P1010019-1024x725.jpg\" alt=\"P1010019\" width=\"960\" height=\"680\" srcset=\"https:\/\/www.azelot.fr\/wp-content\/uploads\/2015\/11\/P1010019-1024x725.jpg 1024w, https:\/\/www.azelot.fr\/wp-content\/uploads\/2015\/11\/P1010019-300x212.jpg 300w\" sizes=\"auto, (max-width: 960px) 100vw, 960px\" \/><\/a><\/p>\n<p>&#8230;et de d\u00e9couvrir la vie des abeilles&#8230;<\/p>\n<p><a href=\"https:\/\/www.azelot.fr\/wp-content\/uploads\/2015\/11\/006.jpg\" data-rel=\"lightbox-gallery-gTebPrn9\" data-rl_title=\"\" data-rl_caption=\"\" title=\"\"><img loading=\"lazy\" decoding=\"async\" class=\"aligncenter size-large wp-image-3465\" src=\"https:\/\/www.azelot.fr\/wp-content\/uploads\/2015\/11\/006-1024x723.jpg\" alt=\"006\" width=\"960\" height=\"678\" srcset=\"https:\/\/www.azelot.fr\/wp-content\/uploads\/2015\/11\/006-1024x723.jpg 1024w, https:\/\/www.azelot.fr\/wp-content\/uploads\/2015\/11\/006-300x212.jpg 300w\" sizes=\"auto, (max-width: 960px) 100vw, 960px\" \/><\/a><\/p>\n<p>&#8230;et le travail de M et Mme MACADRE, apiculteurs \u00e0 Clayeures. Ils ont expliqu\u00e9 le labeur des abeilles en pr\u00e9sentant leur ruche p\u00e9dagogique&#8230;<\/p>\n<p><a href=\"https:\/\/www.azelot.fr\/wp-content\/uploads\/2015\/11\/003.jpg\" data-rel=\"lightbox-gallery-gTebPrn9\" data-rl_title=\"\" data-rl_caption=\"\" title=\"\"><img loading=\"lazy\" decoding=\"async\" class=\"aligncenter size-large wp-image-3466\" src=\"https:\/\/www.azelot.fr\/wp-content\/uploads\/2015\/11\/003-1024x724.jpg\" alt=\"003\" width=\"960\" height=\"679\" srcset=\"https:\/\/www.azelot.fr\/wp-content\/uploads\/2015\/11\/003-1024x724.jpg 1024w, https:\/\/www.azelot.fr\/wp-content\/uploads\/2015\/11\/003-300x212.jpg 300w\" sizes=\"auto, (max-width: 960px) 100vw, 960px\" \/><\/a><\/p>\n<p>&#8230;et leur activit\u00e9 pour r\u00e9colter le miel que Mme MACADRE a fait ensuite d\u00e9guster afin de d\u00e9couvrir les diff\u00e9rentes saveurs du miel de tilleul ou d&rsquo;acacia ou encore de ch\u00e2taignier.<\/p>\n<p><a href=\"https:\/\/www.azelot.fr\/wp-content\/uploads\/2015\/11\/005.jpg\" data-rel=\"lightbox-gallery-gTebPrn9\" data-rl_title=\"\" data-rl_caption=\"\" title=\"\"><img loading=\"lazy\" decoding=\"async\" class=\"aligncenter size-large wp-image-3467\" src=\"https:\/\/www.azelot.fr\/wp-content\/uploads\/2015\/11\/005-724x1024.jpg\" alt=\"005\" width=\"724\" height=\"1024\" srcset=\"https:\/\/www.azelot.fr\/wp-content\/uploads\/2015\/11\/005-724x1024.jpg 724w, https:\/\/www.azelot.fr\/wp-content\/uploads\/2015\/11\/005-212x300.jpg 212w, https:\/\/www.azelot.fr\/wp-content\/uploads\/2015\/11\/005.jpg 1977w\" sizes=\"auto, (max-width: 724px) 100vw, 724px\" \/><\/a><\/p>\n<p>Pour rappel, M MACADRE est pr\u00e9sent sur notre march\u00e9 des saisons (1er et 3eme mercredis du mois) o\u00f9 il propose ses miels mais aussi propolis, pains d&rsquo;\u00e9pices et quelques produits d\u00e9riv\u00e9s.<\/p>\n<p>&nbsp;<\/p>\n","protected":false},"excerpt":{"rendered":"<p>Ce samedi matin, il faisait frisquet sous la halle. Mais cela n&rsquo;a pas d\u00e9courag\u00e9 une dizaine de personnes de r\u00e9pondre \u00e0 l&rsquo;invitation du foyer &#8230; &#8230;et de d\u00e9couvrir la vie des abeilles&#8230; &#8230;et le travail de M et Mme MACADRE,&#8230;<br \/><a class=\"read-more-button\" href=\"https:\/\/www.azelot.fr\/?p=3463\">Savoir plus<\/a><\/p>\n","protected":false},"author":2,"featured_media":0,"comment_status":"open","ping_status":"open","sticky":false,"template":"","format":"standard","meta":{"activitypub_content_warning":"","activitypub_content_visibility":"","activitypub_max_image_attachments":4,"activitypub_interaction_policy_quote":"","activitypub_status":"","footnotes":""},"categories":[5],"tags":[212,18,30,211,213],"class_list":["post-3463","post","type-post","status-publish","format-standard","hentry","category-foyer-rural","tag-abeilles","tag-activite","tag-atelier","tag-miel","tag-ruche"],"_links":{"self":[{"href":"https:\/\/www.azelot.fr\/index.php?rest_route=\/wp\/v2\/posts\/3463","targetHints":{"allow":["GET"]}}],"collection":[{"href":"https:\/\/www.azelot.fr\/index.php?rest_route=\/wp\/v2\/posts"}],"about":[{"href":"https:\/\/www.azelot.fr\/index.php?rest_route=\/wp\/v2\/types\/post"}],"author":[{"embeddable":true,"href":"https:\/\/www.azelot.fr\/index.php?rest_route=\/wp\/v2\/users\/2"}],"replies":[{"embeddable":true,"href":"https:\/\/www.azelot.fr\/index.php?rest_route=%2Fwp%2Fv2%2Fcomments&post=3463"}],"version-history":[{"count":1,"href":"https:\/\/www.azelot.fr\/index.php?rest_route=\/wp\/v2\/posts\/3463\/revisions"}],"predecessor-version":[{"id":3468,"href":"https:\/\/www.azelot.fr\/index.php?rest_route=\/wp\/v2\/posts\/3463\/revisions\/3468"}],"wp:attachment":[{"href":"https:\/\/www.azelot.fr\/index.php?rest_route=%2Fwp%2Fv2%2Fmedia&parent=3463"}],"wp:term":[{"taxonomy":"category","embeddable":true,"href":"https:\/\/www.azelot.fr\/index.php?rest_route=%2Fwp%2Fv2%2Fcategories&post=3463"},{"taxonomy":"post_tag","embeddable":true,"href":"https:\/\/www.azelot.fr\/index.php?rest_route=%2Fwp%2Fv2%2Ftags&post=3463"}],"curies":[{"name":"wp","href":"https:\/\/api.w.org\/{rel}","templated":true}]}}