{"id":3455,"date":"2015-11-21T18:01:08","date_gmt":"2015-11-21T17:01:08","guid":{"rendered":"http:\/\/www.azelot.fr\/?p=3455"},"modified":"2015-11-21T19:49:28","modified_gmt":"2015-11-21T18:49:28","slug":"en-memoire-du-13-novembre-2015","status":"publish","type":"post","link":"https:\/\/www.azelot.fr\/?p=3455","title":{"rendered":"En m\u00e9moire du 13 novembre 2015"},"content":{"rendered":"<p>Une centaine de\u00a0personnes avait r\u00e9pondu \u00e0 l&rsquo;invitation de la mairie et s&rsquo;\u00e9tait rassembl\u00e9e sous la halle en ce vendredi soir.<\/p>\n<p><a href=\"https:\/\/www.azelot.fr\/wp-content\/uploads\/2015\/11\/P1010002.jpg\" data-rel=\"lightbox-gallery-GZ4fX0Pj\" data-rl_title=\"\" data-rl_caption=\"\" title=\"\"><img loading=\"lazy\" decoding=\"async\" class=\"aligncenter size-large wp-image-3456\" src=\"https:\/\/www.azelot.fr\/wp-content\/uploads\/2015\/11\/P1010002-1024x725.jpg\" alt=\"P1010002\" width=\"960\" height=\"680\" srcset=\"https:\/\/www.azelot.fr\/wp-content\/uploads\/2015\/11\/P1010002-1024x725.jpg 1024w, https:\/\/www.azelot.fr\/wp-content\/uploads\/2015\/11\/P1010002-300x212.jpg 300w\" sizes=\"auto, (max-width: 960px) 100vw, 960px\" \/><\/a><\/p>\n<p>Le maire, Christian Forget, a rappel\u00e9 le choc pour la France des 130 morts de vendredi dernier, tu\u00e9s parce qu&rsquo;ils \u00e9taient Fran\u00e7ais, sans distinction religieuse.\u00a0C&rsquo;est la R\u00e9publique plurielle,\u00a0 la France terre de Libert\u00e9 et de la\u00efcit\u00e9 que les assassins ont voulu atteindre.\u00a0Ce rassemblement a eu pour but de proclamer fortement notre attachement au \u00ab\u00a0vivre ensemble\u00a0\u00bb. Une minute de silence fut respect\u00e9e. L&rsquo;assistance a ensuite chant\u00e9\u00a0\u00a0en ch\u0153ur \u00a0la \u00ab\u00a0Marseillaise\u00a0\u00bb, chant de libert\u00e9, chant patriotique ( pas nationaliste) \u00a0et de combat.<\/p>\n<p><a href=\"https:\/\/www.azelot.fr\/wp-content\/uploads\/2015\/11\/P1010005.jpg\" data-rel=\"lightbox-gallery-GZ4fX0Pj\" data-rl_title=\"\" data-rl_caption=\"\" title=\"\"><img loading=\"lazy\" decoding=\"async\" class=\"aligncenter size-large wp-image-3457\" src=\"https:\/\/www.azelot.fr\/wp-content\/uploads\/2015\/11\/P1010005-1024x725.jpg\" alt=\"P1010005\" width=\"960\" height=\"680\" srcset=\"https:\/\/www.azelot.fr\/wp-content\/uploads\/2015\/11\/P1010005-1024x725.jpg 1024w, https:\/\/www.azelot.fr\/wp-content\/uploads\/2015\/11\/P1010005-300x212.jpg 300w, https:\/\/www.azelot.fr\/wp-content\/uploads\/2015\/11\/P1010005.jpg 1727w\" sizes=\"auto, (max-width: 960px) 100vw, 960px\" \/><\/a><\/p>\n","protected":false},"excerpt":{"rendered":"<p>Une centaine de\u00a0personnes avait r\u00e9pondu \u00e0 l&rsquo;invitation de la mairie et s&rsquo;\u00e9tait rassembl\u00e9e sous la halle en ce vendredi soir. Le maire, Christian Forget, a rappel\u00e9 le choc pour la France des 130 morts de vendredi dernier, tu\u00e9s parce qu&rsquo;ils&#8230;<br \/><a class=\"read-more-button\" href=\"https:\/\/www.azelot.fr\/?p=3455\">Savoir plus<\/a><\/p>\n","protected":false},"author":2,"featured_media":0,"comment_status":"open","ping_status":"open","sticky":false,"template":"","format":"standard","meta":{"activitypub_content_warning":"","activitypub_content_visibility":"","activitypub_max_image_attachments":4,"activitypub_interaction_policy_quote":"","activitypub_status":"","footnotes":""},"categories":[4],"tags":[97],"class_list":["post-3455","post","type-post","status-publish","format-standard","hentry","category-mairie","tag-commemoration"],"_links":{"self":[{"href":"https:\/\/www.azelot.fr\/index.php?rest_route=\/wp\/v2\/posts\/3455","targetHints":{"allow":["GET"]}}],"collection":[{"href":"https:\/\/www.azelot.fr\/index.php?rest_route=\/wp\/v2\/posts"}],"about":[{"href":"https:\/\/www.azelot.fr\/index.php?rest_route=\/wp\/v2\/types\/post"}],"author":[{"embeddable":true,"href":"https:\/\/www.azelot.fr\/index.php?rest_route=\/wp\/v2\/users\/2"}],"replies":[{"embeddable":true,"href":"https:\/\/www.azelot.fr\/index.php?rest_route=%2Fwp%2Fv2%2Fcomments&post=3455"}],"version-history":[{"count":3,"href":"https:\/\/www.azelot.fr\/index.php?rest_route=\/wp\/v2\/posts\/3455\/revisions"}],"predecessor-version":[{"id":3462,"href":"https:\/\/www.azelot.fr\/index.php?rest_route=\/wp\/v2\/posts\/3455\/revisions\/3462"}],"wp:attachment":[{"href":"https:\/\/www.azelot.fr\/index.php?rest_route=%2Fwp%2Fv2%2Fmedia&parent=3455"}],"wp:term":[{"taxonomy":"category","embeddable":true,"href":"https:\/\/www.azelot.fr\/index.php?rest_route=%2Fwp%2Fv2%2Fcategories&post=3455"},{"taxonomy":"post_tag","embeddable":true,"href":"https:\/\/www.azelot.fr\/index.php?rest_route=%2Fwp%2Fv2%2Ftags&post=3455"}],"curies":[{"name":"wp","href":"https:\/\/api.w.org\/{rel}","templated":true}]}}