{"id":3395,"date":"2015-10-30T17:26:37","date_gmt":"2015-10-30T16:26:37","guid":{"rendered":"http:\/\/www.azelot.fr\/?p=3395"},"modified":"2015-10-30T17:26:37","modified_gmt":"2015-10-30T16:26:37","slug":"lassemblee-generale-du-foyer","status":"publish","type":"post","link":"https:\/\/www.azelot.fr\/?p=3395","title":{"rendered":"L&rsquo;Assembl\u00e9e G\u00e9n\u00e9rale du Foyer"},"content":{"rendered":"<p>L&rsquo;assembl\u00e9e g\u00e9n\u00e9rale est une \u00e9tape importante dans la vie du foyer : elle permet de faire le bilan de la saison pr\u00e9c\u00e9dente, aussi bien en terme d&rsquo;actions qu&rsquo;au point de vue financier. Tout le monde est donc invit\u00e9 \u00e0 cette soir\u00e9e.<\/p>\n<p><a href=\"https:\/\/www.azelot.fr\/wp-content\/uploads\/2015\/10\/Tract-AG-2014-2015-2.jpg\" data-rel=\"lightbox-gallery-pSubsCt7\" data-rl_title=\"\" data-rl_caption=\"\" title=\"\"><img loading=\"lazy\" decoding=\"async\" class=\"aligncenter size-large wp-image-3396\" src=\"https:\/\/www.azelot.fr\/wp-content\/uploads\/2015\/10\/Tract-AG-2014-2015-2-723x1024.jpg\" alt=\"Tract AG 2014-2015 (2)\" width=\"723\" height=\"1024\" srcset=\"https:\/\/www.azelot.fr\/wp-content\/uploads\/2015\/10\/Tract-AG-2014-2015-2-723x1024.jpg 723w, https:\/\/www.azelot.fr\/wp-content\/uploads\/2015\/10\/Tract-AG-2014-2015-2-212x300.jpg 212w, https:\/\/www.azelot.fr\/wp-content\/uploads\/2015\/10\/Tract-AG-2014-2015-2.jpg 1239w\" sizes=\"auto, (max-width: 723px) 100vw, 723px\" \/><\/a><\/p>\n","protected":false},"excerpt":{"rendered":"<p>L&rsquo;assembl\u00e9e g\u00e9n\u00e9rale est une \u00e9tape importante dans la vie du foyer : elle permet de faire le bilan de la saison pr\u00e9c\u00e9dente, aussi bien en terme d&rsquo;actions qu&rsquo;au point de vue financier. Tout le monde est donc invit\u00e9 \u00e0 cette&#8230;<br \/><a class=\"read-more-button\" href=\"https:\/\/www.azelot.fr\/?p=3395\">Savoir plus<\/a><\/p>\n","protected":false},"author":2,"featured_media":0,"comment_status":"open","ping_status":"open","sticky":false,"template":"","format":"standard","meta":{"activitypub_content_warning":"","activitypub_content_visibility":"","activitypub_max_image_attachments":4,"activitypub_interaction_policy_quote":"","activitypub_status":"","footnotes":""},"categories":[5],"tags":[],"class_list":["post-3395","post","type-post","status-publish","format-standard","hentry","category-foyer-rural"],"_links":{"self":[{"href":"https:\/\/www.azelot.fr\/index.php?rest_route=\/wp\/v2\/posts\/3395","targetHints":{"allow":["GET"]}}],"collection":[{"href":"https:\/\/www.azelot.fr\/index.php?rest_route=\/wp\/v2\/posts"}],"about":[{"href":"https:\/\/www.azelot.fr\/index.php?rest_route=\/wp\/v2\/types\/post"}],"author":[{"embeddable":true,"href":"https:\/\/www.azelot.fr\/index.php?rest_route=\/wp\/v2\/users\/2"}],"replies":[{"embeddable":true,"href":"https:\/\/www.azelot.fr\/index.php?rest_route=%2Fwp%2Fv2%2Fcomments&post=3395"}],"version-history":[{"count":1,"href":"https:\/\/www.azelot.fr\/index.php?rest_route=\/wp\/v2\/posts\/3395\/revisions"}],"predecessor-version":[{"id":3397,"href":"https:\/\/www.azelot.fr\/index.php?rest_route=\/wp\/v2\/posts\/3395\/revisions\/3397"}],"wp:attachment":[{"href":"https:\/\/www.azelot.fr\/index.php?rest_route=%2Fwp%2Fv2%2Fmedia&parent=3395"}],"wp:term":[{"taxonomy":"category","embeddable":true,"href":"https:\/\/www.azelot.fr\/index.php?rest_route=%2Fwp%2Fv2%2Fcategories&post=3395"},{"taxonomy":"post_tag","embeddable":true,"href":"https:\/\/www.azelot.fr\/index.php?rest_route=%2Fwp%2Fv2%2Ftags&post=3395"}],"curies":[{"name":"wp","href":"https:\/\/api.w.org\/{rel}","templated":true}]}}