{"id":3301,"date":"2015-08-27T10:47:10","date_gmt":"2015-08-27T08:47:10","guid":{"rendered":"http:\/\/www.azelot.fr\/?p=3301"},"modified":"2015-08-30T10:43:36","modified_gmt":"2015-08-30T08:43:36","slug":"cest-la-rentree-au-foyer-rural","status":"publish","type":"post","link":"https:\/\/www.azelot.fr\/?p=3301","title":{"rendered":"C&rsquo;est la rentr\u00e9e au Foyer Rural"},"content":{"rendered":"<p>C&rsquo;est bient\u00f4t la rentr\u00e9e au foyer rural et, en particulier, pour l&rsquo;\u00e9cole de musique. Les inscriptions auront lieu le jeudi 10 septembre de 17 \u00e0 19 h. Vous trouverez tous les renseignements dans les fiches suivantes :<\/p>\n<p><a href=\"https:\/\/www.azelot.fr\/wp-content\/uploads\/2015\/08\/tract-1.jpg\" data-rel=\"lightbox-gallery-YMyK2abY\" data-rl_title=\"\" data-rl_caption=\"\" title=\"\"><img loading=\"lazy\" decoding=\"async\" class=\"aligncenter wp-image-3302 size-large\" src=\"https:\/\/www.azelot.fr\/wp-content\/uploads\/2015\/08\/tract-1-e1440924193170-1024x744.jpg\" alt=\"tract 1\" width=\"960\" height=\"697\" srcset=\"https:\/\/www.azelot.fr\/wp-content\/uploads\/2015\/08\/tract-1-e1440924193170-1024x744.jpg 1024w, https:\/\/www.azelot.fr\/wp-content\/uploads\/2015\/08\/tract-1-e1440924193170-300x218.jpg 300w\" sizes=\"auto, (max-width: 960px) 100vw, 960px\" \/><\/a><\/p>\n","protected":false},"excerpt":{"rendered":"<p>C&rsquo;est bient\u00f4t la rentr\u00e9e au foyer rural et, en particulier, pour l&rsquo;\u00e9cole de musique. Les inscriptions auront lieu le jeudi 10 septembre de 17 \u00e0 19 h. Vous trouverez tous les renseignements dans les fiches suivantes :<\/p>\n","protected":false},"author":2,"featured_media":0,"comment_status":"open","ping_status":"open","sticky":false,"template":"","format":"standard","meta":{"activitypub_content_warning":"","activitypub_content_visibility":"","activitypub_max_image_attachments":4,"activitypub_interaction_policy_quote":"","activitypub_status":"","footnotes":""},"categories":[5],"tags":[131],"class_list":["post-3301","post","type-post","status-publish","format-standard","hentry","category-foyer-rural","tag-ecole-de-musique"],"_links":{"self":[{"href":"https:\/\/www.azelot.fr\/index.php?rest_route=\/wp\/v2\/posts\/3301","targetHints":{"allow":["GET"]}}],"collection":[{"href":"https:\/\/www.azelot.fr\/index.php?rest_route=\/wp\/v2\/posts"}],"about":[{"href":"https:\/\/www.azelot.fr\/index.php?rest_route=\/wp\/v2\/types\/post"}],"author":[{"embeddable":true,"href":"https:\/\/www.azelot.fr\/index.php?rest_route=\/wp\/v2\/users\/2"}],"replies":[{"embeddable":true,"href":"https:\/\/www.azelot.fr\/index.php?rest_route=%2Fwp%2Fv2%2Fcomments&post=3301"}],"version-history":[{"count":2,"href":"https:\/\/www.azelot.fr\/index.php?rest_route=\/wp\/v2\/posts\/3301\/revisions"}],"predecessor-version":[{"id":3309,"href":"https:\/\/www.azelot.fr\/index.php?rest_route=\/wp\/v2\/posts\/3301\/revisions\/3309"}],"wp:attachment":[{"href":"https:\/\/www.azelot.fr\/index.php?rest_route=%2Fwp%2Fv2%2Fmedia&parent=3301"}],"wp:term":[{"taxonomy":"category","embeddable":true,"href":"https:\/\/www.azelot.fr\/index.php?rest_route=%2Fwp%2Fv2%2Fcategories&post=3301"},{"taxonomy":"post_tag","embeddable":true,"href":"https:\/\/www.azelot.fr\/index.php?rest_route=%2Fwp%2Fv2%2Ftags&post=3301"}],"curies":[{"name":"wp","href":"https:\/\/api.w.org\/{rel}","templated":true}]}}