{"id":3154,"date":"2015-05-10T18:55:09","date_gmt":"2015-05-10T16:55:09","guid":{"rendered":"http:\/\/www.azelot.fr\/?p=3154"},"modified":"2015-05-10T18:56:41","modified_gmt":"2015-05-10T16:56:41","slug":"lundi-18-mai-2015-de-18h30-a-20h-a-la-salle-dazelot-comment-jardiner-econome-pour-notre-environnement-notre-sante-notre-portefeuille","status":"publish","type":"post","link":"https:\/\/www.azelot.fr\/?p=3154","title":{"rendered":"Lundi 18 mai 2015 de 18h30 \u00e0 20h, \u00e0 la salle d&rsquo;Azelot \u00ab\u00a0Comment jardiner \u00e9conome pour notre environnement, notre sant\u00e9, notre portefeuille\u00a0\u00bb"},"content":{"rendered":"<div style=\"text-align: center;\"><span style=\"text-decoration: underline;\"><strong><span id=\"OBJ_PREFIX_DWT713_com_zimbra_date\" class=\"Object\"><span id=\"OBJ_PREFIX_DWT717_com_zimbra_date\" class=\"Object\">Lundi 18 mai 2015<\/span><\/span> de 18h30 \u00e0 20h, salle d&rsquo;Azelot, pour tous les habitants d&rsquo;Azelot<\/strong> <\/span><\/div>\n<div><\/div>\n<div style=\"text-align: justify;\">Un ing\u00e9nieur paysagiste du Conseil D\u00e9partemental nous propose une information sur \u00a0\u00ab\u00a0Comment jardiner \u00e9conome pour notre environnement, notre sant\u00e9, notre portefeuille\u00a0\u00bb.<\/div>\n<div style=\"text-align: justify;\"><\/div>\n<div style=\"text-align: justify;\">Des m\u00e9thodes alternatives aux pesticides existent, des exemples concrets seront donn\u00e9s.\u00a0 Mais ces solutions \u00e9cologiques sont imparfaites. Il faut r\u00e9apprendre \u00e0 raisonner global : <strong>le jardin est un \u00e9cosyst\u00e8me qui doit \u00eatre \u00e9quilibr\u00e9<\/strong>.<\/div>\n<div style=\"text-align: justify;\">\u00a0 Paillage\/compostage sur place et\u00a0 couverts v\u00e9g\u00e9taux am\u00e8nent une r\u00e9duction de l&rsquo;ordre de 90% du temps d&rsquo;entretien, pour des rendements doubl\u00e9s.\u00a0 Les associations v\u00e9g\u00e9tales apportent une diversit\u00e9 permettant aux plantes de se compl\u00e9ter entre elles pour une meilleure protection.<\/div>\n<div style=\"text-align: justify;\"><\/div>\n<div style=\"text-align: justify;\">\u00a0 Avec un \u00e9cosyst\u00e8me \u00e9quilibr\u00e9, les traitements deviennent inutiles dans le jardin. Certaines activit\u00e9s sont faites par la nature et l&rsquo;am\u00e9lioration du sol garantit un rendement sup\u00e9rieur.<\/div>\n<div style=\"text-align: justify;\"><\/div>\n<p style=\"text-align: justify;\">Tous les <strong>jardiniers\/paysagistes amateurs<\/strong> , tous les <strong>acteurs \u00e9coresponsables<\/strong> et tous les <strong>curieux du jardin<\/strong> sont invit\u00e9s. Il faut retenir <strong>une r\u00e9duction de 90% du temps d&rsquo;entretien<\/strong> et des <strong>rendements nettement am\u00e9lior\u00e9s puisque doubl\u00e9s<\/strong>. Et ce n&rsquo;est pas une action commerciale ou publicitaire mais <strong>bien une information<\/strong>.<\/p>\n<p>Parlez en autour de vous, pour en faire profiter le plus grand nombre.<\/p>\n<p style=\"padding-left: 60px;\"><em><strong>Claude Richon<\/strong>, adjoint \u00e0 l&rsquo;environnement de la commune d&rsquo;Azelot<\/em><\/p>\n","protected":false},"excerpt":{"rendered":"<p>Lundi 18 mai 2015 de 18h30 \u00e0 20h, salle d&rsquo;Azelot, pour tous les habitants d&rsquo;Azelot Un ing\u00e9nieur paysagiste du Conseil D\u00e9partemental nous propose une information sur \u00a0\u00ab\u00a0Comment jardiner \u00e9conome pour notre environnement, notre sant\u00e9, notre portefeuille\u00a0\u00bb. Des m\u00e9thodes alternatives aux&#8230;<br \/><a class=\"read-more-button\" href=\"https:\/\/www.azelot.fr\/?p=3154\">Savoir plus<\/a><\/p>\n","protected":false},"author":12,"featured_media":0,"comment_status":"open","ping_status":"open","sticky":false,"template":"","format":"standard","meta":{"activitypub_content_warning":"","activitypub_content_visibility":"","activitypub_max_image_attachments":4,"activitypub_interaction_policy_quote":"","activitypub_status":"","footnotes":""},"categories":[4],"tags":[126],"class_list":["post-3154","post","type-post","status-publish","format-standard","hentry","category-mairie","tag-environnement"],"_links":{"self":[{"href":"https:\/\/www.azelot.fr\/index.php?rest_route=\/wp\/v2\/posts\/3154","targetHints":{"allow":["GET"]}}],"collection":[{"href":"https:\/\/www.azelot.fr\/index.php?rest_route=\/wp\/v2\/posts"}],"about":[{"href":"https:\/\/www.azelot.fr\/index.php?rest_route=\/wp\/v2\/types\/post"}],"author":[{"embeddable":true,"href":"https:\/\/www.azelot.fr\/index.php?rest_route=\/wp\/v2\/users\/12"}],"replies":[{"embeddable":true,"href":"https:\/\/www.azelot.fr\/index.php?rest_route=%2Fwp%2Fv2%2Fcomments&post=3154"}],"version-history":[{"count":5,"href":"https:\/\/www.azelot.fr\/index.php?rest_route=\/wp\/v2\/posts\/3154\/revisions"}],"predecessor-version":[{"id":3159,"href":"https:\/\/www.azelot.fr\/index.php?rest_route=\/wp\/v2\/posts\/3154\/revisions\/3159"}],"wp:attachment":[{"href":"https:\/\/www.azelot.fr\/index.php?rest_route=%2Fwp%2Fv2%2Fmedia&parent=3154"}],"wp:term":[{"taxonomy":"category","embeddable":true,"href":"https:\/\/www.azelot.fr\/index.php?rest_route=%2Fwp%2Fv2%2Fcategories&post=3154"},{"taxonomy":"post_tag","embeddable":true,"href":"https:\/\/www.azelot.fr\/index.php?rest_route=%2Fwp%2Fv2%2Ftags&post=3154"}],"curies":[{"name":"wp","href":"https:\/\/api.w.org\/{rel}","templated":true}]}}