{"id":3131,"date":"2015-05-08T09:44:41","date_gmt":"2015-05-08T07:44:41","guid":{"rendered":"http:\/\/www.azelot.fr\/?p=3131"},"modified":"2015-05-08T15:37:18","modified_gmt":"2015-05-08T13:37:18","slug":"une-commemoration-ensoleillee","status":"publish","type":"post","link":"https:\/\/www.azelot.fr\/?p=3131","title":{"rendered":"Une comm\u00e9moration ensoleill\u00e9e"},"content":{"rendered":"<p>&nbsp;<\/p>\n<p><span style=\"font-size: large;\">\u00a0\u00a0\u00a0 \u00a0Une nombreuse assistance s&rsquo;est rendue aux monuments aux morts de la commune. <\/span><\/p>\n<p style=\"text-align: center;\"><a href=\"https:\/\/www.azelot.fr\/wp-content\/uploads\/2015\/05\/013.jpg\" data-rel=\"lightbox-gallery-cHOASW1x\" data-rl_title=\"\" data-rl_caption=\"\" title=\"\"><img loading=\"lazy\" decoding=\"async\" class=\"aligncenter size-large wp-image-3134\" src=\"https:\/\/www.azelot.fr\/wp-content\/uploads\/2015\/05\/013-1024x724.jpg\" alt=\"013\" width=\"960\" height=\"678\" srcset=\"https:\/\/www.azelot.fr\/wp-content\/uploads\/2015\/05\/013-1024x724.jpg 1024w, https:\/\/www.azelot.fr\/wp-content\/uploads\/2015\/05\/013-300x212.jpg 300w\" sizes=\"auto, (max-width: 960px) 100vw, 960px\" \/><\/a><\/p>\n<p><span style=\"font-size: large;\">Rassembl\u00e9e au c\u0153ur du cimeti\u00e8re, elle a pu \u00e9couter un po\u00e8me d&rsquo;Eluard, lu par Claude. <\/span><\/p>\n<p style=\"text-align: center;\"><a href=\"https:\/\/www.azelot.fr\/wp-content\/uploads\/2015\/05\/007.jpg\" data-rel=\"lightbox-gallery-cHOASW1x\" data-rl_title=\"\" data-rl_caption=\"\" title=\"\"><img loading=\"lazy\" decoding=\"async\" class=\"aligncenter size-large wp-image-3135\" src=\"https:\/\/www.azelot.fr\/wp-content\/uploads\/2015\/05\/007-1024x723.jpg\" alt=\"007\" width=\"960\" height=\"677\" srcset=\"https:\/\/www.azelot.fr\/wp-content\/uploads\/2015\/05\/007-1024x723.jpg 1024w, https:\/\/www.azelot.fr\/wp-content\/uploads\/2015\/05\/007-300x212.jpg 300w\" sizes=\"auto, (max-width: 960px) 100vw, 960px\" \/><\/a><\/p>\n<p><span style=\"font-size: large;\">Puis les \u00e9l\u00e8ves de l&rsquo;\u00e9cole Sonnini ont entonn\u00e9 un chant de paix sous la conduite de leur \u00a0professeur, Virginie Lecoanet, et sous le regard de leurs parents et du directeur de l&rsquo;\u00e9cole M. Kernel.<\/span><\/p>\n<p style=\"text-align: center;\"><a href=\"https:\/\/www.azelot.fr\/wp-content\/uploads\/2015\/05\/029.jpg\" data-rel=\"lightbox-gallery-cHOASW1x\" data-rl_title=\"\" data-rl_caption=\"\" title=\"\"><img loading=\"lazy\" decoding=\"async\" class=\"aligncenter size-large wp-image-3136\" src=\"https:\/\/www.azelot.fr\/wp-content\/uploads\/2015\/05\/029-1024x724.jpg\" alt=\"029\" width=\"960\" height=\"678\" srcset=\"https:\/\/www.azelot.fr\/wp-content\/uploads\/2015\/05\/029-1024x724.jpg 1024w, https:\/\/www.azelot.fr\/wp-content\/uploads\/2015\/05\/029-300x212.jpg 300w\" sizes=\"auto, (max-width: 960px) 100vw, 960px\" \/><\/a><\/p>\n<p><span style=\"font-size: large;\">\u00a0\u00a0\u00a0 Le maire a lu ensuite le discours de M. Todeschini, secr\u00e9taire d&rsquo;Etat aux anciens combattants. <\/span><\/p>\n<p style=\"text-align: center;\"><a href=\"https:\/\/www.azelot.fr\/wp-content\/uploads\/2015\/05\/017.jpg\" data-rel=\"lightbox-gallery-cHOASW1x\" data-rl_title=\"\" data-rl_caption=\"\" title=\"\"><img loading=\"lazy\" decoding=\"async\" class=\"aligncenter size-large wp-image-3137\" src=\"https:\/\/www.azelot.fr\/wp-content\/uploads\/2015\/05\/017-1024x723.jpg\" alt=\"017\" width=\"960\" height=\"677\" srcset=\"https:\/\/www.azelot.fr\/wp-content\/uploads\/2015\/05\/017-1024x723.jpg 1024w, https:\/\/www.azelot.fr\/wp-content\/uploads\/2015\/05\/017-300x211.jpg 300w\" sizes=\"auto, (max-width: 960px) 100vw, 960px\" \/><\/a><\/p>\n<p><span style=\"font-size: large;\">Les noms de morts d&rsquo;Azelot, inscrits sur le monument, ont \u00e9t\u00e9 \u00e9num\u00e9r\u00e9s, puis salu\u00e9s par une minute de silence. Tout le monde s&rsquo;est rendu ensuite \u00e0 la salle commune pour le pot de l&rsquo;amiti\u00e9.<\/span><\/p>\n<p>&nbsp;<\/p>\n\n\t\t<style type=\"text\/css\">\n\t\t\t#gallery-1 {\n\t\t\t\tmargin: auto;\n\t\t\t}\n\t\t\t#gallery-1 .gallery-item {\n\t\t\t\tfloat: left;\n\t\t\t\tmargin-top: 10px;\n\t\t\t\ttext-align: center;\n\t\t\t\twidth: 33%;\n\t\t\t}\n\t\t\t#gallery-1 img {\n\t\t\t\tborder: 2px solid #cfcfcf;\n\t\t\t}\n\t\t\t#gallery-1 .gallery-caption {\n\t\t\t\tmargin-left: 0;\n\t\t\t}\n\t\t\t\/* see gallery_shortcode() in wp-includes\/media.php *\/\n\t\t<\/style>\n\t\t<div id='gallery-1' class='gallery galleryid-3131 gallery-columns-3 gallery-size-thumbnail'><dl class='gallery-item'>\n\t\t\t<dt class='gallery-icon landscape'>\n\t\t\t\t<a href='https:\/\/www.azelot.fr\/wp-content\/uploads\/2015\/05\/001.jpg' title=\"Lisa et Liv vont d\u00e9poser la gerbe port\u00e9e par Gilbert\" data-rl_title=\"Lisa et Liv vont d\u00e9poser la gerbe port\u00e9e par Gilbert\" class=\"rl-gallery-link\" data-rl_caption=\"\" data-rel=\"lightbox-gallery-1\"><img loading=\"lazy\" decoding=\"async\" width=\"150\" height=\"150\" src=\"https:\/\/www.azelot.fr\/wp-content\/uploads\/2015\/05\/001-150x150.jpg\" class=\"attachment-thumbnail size-thumbnail\" alt=\"\" aria-describedby=\"gallery-1-3140\" \/><\/a>\n\t\t\t<\/dt>\n\t\t\t\t<dd class='wp-caption-text gallery-caption' id='gallery-1-3140'>\n\t\t\t\tLisa et Liv vont d\u00e9poser la gerbe port\u00e9e par Gilbert\n\t\t\t\t<\/dd><\/dl><dl class='gallery-item'>\n\t\t\t<dt class='gallery-icon landscape'>\n\t\t\t\t<a href='https:\/\/www.azelot.fr\/wp-content\/uploads\/2015\/05\/004.jpg' title=\"La gerbe est d\u00e9pos\u00e9e au pied du monument aux morts\" data-rl_title=\"La gerbe est d\u00e9pos\u00e9e au pied du monument aux morts\" class=\"rl-gallery-link\" data-rl_caption=\"\" data-rel=\"lightbox-gallery-1\"><img loading=\"lazy\" decoding=\"async\" width=\"150\" height=\"150\" src=\"https:\/\/www.azelot.fr\/wp-content\/uploads\/2015\/05\/004-150x150.jpg\" class=\"attachment-thumbnail size-thumbnail\" alt=\"\" aria-describedby=\"gallery-1-3141\" \/><\/a>\n\t\t\t<\/dt>\n\t\t\t\t<dd class='wp-caption-text gallery-caption' id='gallery-1-3141'>\n\t\t\t\tLa gerbe est d\u00e9pos\u00e9e au pied du monument aux morts\n\t\t\t\t<\/dd><\/dl><dl class='gallery-item'>\n\t\t\t<dt class='gallery-icon landscape'>\n\t\t\t\t<a href='https:\/\/www.azelot.fr\/wp-content\/uploads\/2015\/05\/008.jpg' title=\"Claude lit le po\u00eame d&#039;Eluard\" data-rl_title=\"Claude lit le po\u00eame d&#039;Eluard\" class=\"rl-gallery-link\" data-rl_caption=\"\" data-rel=\"lightbox-gallery-1\"><img loading=\"lazy\" decoding=\"async\" width=\"150\" height=\"150\" src=\"https:\/\/www.azelot.fr\/wp-content\/uploads\/2015\/05\/008-150x150.jpg\" class=\"attachment-thumbnail size-thumbnail\" alt=\"\" aria-describedby=\"gallery-1-3142\" \/><\/a>\n\t\t\t<\/dt>\n\t\t\t\t<dd class='wp-caption-text gallery-caption' id='gallery-1-3142'>\n\t\t\t\tClaude lit le po\u00eame d&rsquo;Eluard\n\t\t\t\t<\/dd><\/dl><br style=\"clear: both\" \/><dl class='gallery-item'>\n\t\t\t<dt class='gallery-icon landscape'>\n\t\t\t\t<a href='https:\/\/www.azelot.fr\/wp-content\/uploads\/2015\/05\/010.jpg' title=\"La nombreuse assembl\u00e9e est recueillie\" data-rl_title=\"La nombreuse assembl\u00e9e est recueillie\" class=\"rl-gallery-link\" data-rl_caption=\"\" data-rel=\"lightbox-gallery-1\"><img loading=\"lazy\" decoding=\"async\" width=\"150\" height=\"150\" src=\"https:\/\/www.azelot.fr\/wp-content\/uploads\/2015\/05\/010-150x150.jpg\" class=\"attachment-thumbnail size-thumbnail\" alt=\"\" aria-describedby=\"gallery-1-3143\" \/><\/a>\n\t\t\t<\/dt>\n\t\t\t\t<dd class='wp-caption-text gallery-caption' id='gallery-1-3143'>\n\t\t\t\tLa nombreuse assembl\u00e9e est recueillie\n\t\t\t\t<\/dd><\/dl><dl class='gallery-item'>\n\t\t\t<dt class='gallery-icon landscape'>\n\t\t\t\t<a href='https:\/\/www.azelot.fr\/wp-content\/uploads\/2015\/05\/011.jpg' title=\"Ils sont nombreux autour du monument\" data-rl_title=\"Ils sont nombreux autour du monument\" class=\"rl-gallery-link\" data-rl_caption=\"\" data-rel=\"lightbox-gallery-1\"><img loading=\"lazy\" decoding=\"async\" width=\"150\" height=\"150\" src=\"https:\/\/www.azelot.fr\/wp-content\/uploads\/2015\/05\/011-150x150.jpg\" class=\"attachment-thumbnail size-thumbnail\" alt=\"\" aria-describedby=\"gallery-1-3144\" \/><\/a>\n\t\t\t<\/dt>\n\t\t\t\t<dd class='wp-caption-text gallery-caption' id='gallery-1-3144'>\n\t\t\t\tIls sont nombreux autour du monument\n\t\t\t\t<\/dd><\/dl><dl class='gallery-item'>\n\t\t\t<dt class='gallery-icon landscape'>\n\t\t\t\t<a href='https:\/\/www.azelot.fr\/wp-content\/uploads\/2015\/05\/018.jpg' title=\"L&#039;assembl\u00e9e est attentive pendant la lecture du po\u00eame\" data-rl_title=\"L&#039;assembl\u00e9e est attentive pendant la lecture du po\u00eame\" class=\"rl-gallery-link\" data-rl_caption=\"\" data-rel=\"lightbox-gallery-1\"><img loading=\"lazy\" decoding=\"async\" width=\"150\" height=\"150\" src=\"https:\/\/www.azelot.fr\/wp-content\/uploads\/2015\/05\/018-150x150.jpg\" class=\"attachment-thumbnail size-thumbnail\" alt=\"\" aria-describedby=\"gallery-1-3145\" \/><\/a>\n\t\t\t<\/dt>\n\t\t\t\t<dd class='wp-caption-text gallery-caption' id='gallery-1-3145'>\n\t\t\t\tL&rsquo;assembl\u00e9e est attentive pendant la lecture du po\u00eame\n\t\t\t\t<\/dd><\/dl><br style=\"clear: both\" \/><dl class='gallery-item'>\n\t\t\t<dt class='gallery-icon landscape'>\n\t\t\t\t<a href='https:\/\/www.azelot.fr\/wp-content\/uploads\/2015\/05\/021.jpg' title=\"Les \u00e9l\u00e8ves de l&#039;\u00e9cole Sonini entonnent un chant de paix sous la conduite de leur professeur, Virginie Lecoanet\" data-rl_title=\"Les \u00e9l\u00e8ves de l&#039;\u00e9cole Sonini entonnent un chant de paix sous la conduite de leur professeur, Virginie Lecoanet\" class=\"rl-gallery-link\" data-rl_caption=\"\" data-rel=\"lightbox-gallery-1\"><img loading=\"lazy\" decoding=\"async\" width=\"150\" height=\"150\" src=\"https:\/\/www.azelot.fr\/wp-content\/uploads\/2015\/05\/021-150x150.jpg\" class=\"attachment-thumbnail size-thumbnail\" alt=\"\" aria-describedby=\"gallery-1-3146\" \/><\/a>\n\t\t\t<\/dt>\n\t\t\t\t<dd class='wp-caption-text gallery-caption' id='gallery-1-3146'>\n\t\t\t\tLes \u00e9l\u00e8ves de l&rsquo;\u00e9cole Sonini entonnent un chant de paix sous la conduite de leur professeur, Virginie Lecoanet\n\t\t\t\t<\/dd><\/dl><dl class='gallery-item'>\n\t\t\t<dt class='gallery-icon landscape'>\n\t\t\t\t<a href='https:\/\/www.azelot.fr\/wp-content\/uploads\/2015\/05\/023.jpg' title=\"Les \u00e9l\u00e8ves de l&#039;\u00e9cole Sonini\" data-rl_title=\"Les \u00e9l\u00e8ves de l&#039;\u00e9cole Sonini\" class=\"rl-gallery-link\" data-rl_caption=\"\" data-rel=\"lightbox-gallery-1\"><img loading=\"lazy\" decoding=\"async\" width=\"150\" height=\"150\" src=\"https:\/\/www.azelot.fr\/wp-content\/uploads\/2015\/05\/023-150x150.jpg\" class=\"attachment-thumbnail size-thumbnail\" alt=\"\" aria-describedby=\"gallery-1-3147\" \/><\/a>\n\t\t\t<\/dt>\n\t\t\t\t<dd class='wp-caption-text gallery-caption' id='gallery-1-3147'>\n\t\t\t\tLes \u00e9l\u00e8ves de l&rsquo;\u00e9cole Sonini\n\t\t\t\t<\/dd><\/dl><dl class='gallery-item'>\n\t\t\t<dt class='gallery-icon landscape'>\n\t\t\t\t<a href='https:\/\/www.azelot.fr\/wp-content\/uploads\/2015\/05\/027.jpg' title=\"Les \u00e9l\u00e8ves de l&#039;\u00e9cole Sonini\" data-rl_title=\"Les \u00e9l\u00e8ves de l&#039;\u00e9cole Sonini\" class=\"rl-gallery-link\" data-rl_caption=\"\" data-rel=\"lightbox-gallery-1\"><img loading=\"lazy\" decoding=\"async\" width=\"150\" height=\"150\" src=\"https:\/\/www.azelot.fr\/wp-content\/uploads\/2015\/05\/027-150x150.jpg\" class=\"attachment-thumbnail size-thumbnail\" alt=\"\" aria-describedby=\"gallery-1-3148\" \/><\/a>\n\t\t\t<\/dt>\n\t\t\t\t<dd class='wp-caption-text gallery-caption' id='gallery-1-3148'>\n\t\t\t\tLes \u00e9l\u00e8ves de l&rsquo;\u00e9cole Sonini\n\t\t\t\t<\/dd><\/dl><br style=\"clear: both\" \/><dl class='gallery-item'>\n\t\t\t<dt class='gallery-icon landscape'>\n\t\t\t\t<a href='https:\/\/www.azelot.fr\/wp-content\/uploads\/2015\/05\/030.jpg' title=\"Les \u00e9l\u00e8ves de l&#039;\u00e9cole Sonini et leur professeur\" data-rl_title=\"Les \u00e9l\u00e8ves de l&#039;\u00e9cole Sonini et leur professeur\" class=\"rl-gallery-link\" data-rl_caption=\"\" data-rel=\"lightbox-gallery-1\"><img loading=\"lazy\" decoding=\"async\" width=\"150\" height=\"150\" src=\"https:\/\/www.azelot.fr\/wp-content\/uploads\/2015\/05\/030-150x150.jpg\" class=\"attachment-thumbnail size-thumbnail\" alt=\"\" aria-describedby=\"gallery-1-3149\" \/><\/a>\n\t\t\t<\/dt>\n\t\t\t\t<dd class='wp-caption-text gallery-caption' id='gallery-1-3149'>\n\t\t\t\tLes \u00e9l\u00e8ves de l&rsquo;\u00e9cole Sonini et leur professeur\n\t\t\t\t<\/dd><\/dl><dl class='gallery-item'>\n\t\t\t<dt class='gallery-icon landscape'>\n\t\t\t\t<a href='https:\/\/www.azelot.fr\/wp-content\/uploads\/2015\/05\/033.jpg' title=\"M. le maire lit le discours de M. Todeschini\" data-rl_title=\"M. le maire lit le discours de M. Todeschini\" class=\"rl-gallery-link\" data-rl_caption=\"\" data-rel=\"lightbox-gallery-1\"><img loading=\"lazy\" decoding=\"async\" width=\"150\" height=\"150\" src=\"https:\/\/www.azelot.fr\/wp-content\/uploads\/2015\/05\/033-150x150.jpg\" class=\"attachment-thumbnail size-thumbnail\" alt=\"\" aria-describedby=\"gallery-1-3150\" \/><\/a>\n\t\t\t<\/dt>\n\t\t\t\t<dd class='wp-caption-text gallery-caption' id='gallery-1-3150'>\n\t\t\t\tM. le maire lit le discours de M. Todeschini\n\t\t\t\t<\/dd><\/dl><dl class='gallery-item'>\n\t\t\t<dt class='gallery-icon landscape'>\n\t\t\t\t<a href='https:\/\/www.azelot.fr\/wp-content\/uploads\/2015\/05\/034.jpg' title=\"Lecture du discours de M. Todeschini avant de se retrouver \u00e0 la salle\" data-rl_title=\"Lecture du discours de M. Todeschini avant de se retrouver \u00e0 la salle\" class=\"rl-gallery-link\" data-rl_caption=\"\" data-rel=\"lightbox-gallery-1\"><img loading=\"lazy\" decoding=\"async\" width=\"150\" height=\"150\" src=\"https:\/\/www.azelot.fr\/wp-content\/uploads\/2015\/05\/034-150x150.jpg\" class=\"attachment-thumbnail size-thumbnail\" alt=\"\" aria-describedby=\"gallery-1-3151\" \/><\/a>\n\t\t\t<\/dt>\n\t\t\t\t<dd class='wp-caption-text gallery-caption' id='gallery-1-3151'>\n\t\t\t\tLecture du discours de M. Todeschini avant de se retrouver \u00e0 la salle\n\t\t\t\t<\/dd><\/dl><br style=\"clear: both\" \/>\n\t\t<\/div>\n\n","protected":false},"excerpt":{"rendered":"<p>&nbsp; \u00a0\u00a0\u00a0 \u00a0Une nombreuse assistance s&rsquo;est rendue aux monuments aux morts de la commune. Rassembl\u00e9e au c\u0153ur du cimeti\u00e8re, elle a pu \u00e9couter un po\u00e8me d&rsquo;Eluard, lu par Claude. Puis les \u00e9l\u00e8ves de l&rsquo;\u00e9cole Sonnini ont entonn\u00e9 un chant de&#8230;<br \/><a class=\"read-more-button\" href=\"https:\/\/www.azelot.fr\/?p=3131\">Savoir plus<\/a><\/p>\n","protected":false},"author":4,"featured_media":0,"comment_status":"open","ping_status":"open","sticky":false,"template":"","format":"standard","meta":{"activitypub_content_warning":"","activitypub_content_visibility":"","activitypub_max_image_attachments":4,"activitypub_interaction_policy_quote":"","activitypub_status":"","footnotes":""},"categories":[4],"tags":[97],"class_list":["post-3131","post","type-post","status-publish","format-standard","hentry","category-mairie","tag-commemoration"],"_links":{"self":[{"href":"https:\/\/www.azelot.fr\/index.php?rest_route=\/wp\/v2\/posts\/3131","targetHints":{"allow":["GET"]}}],"collection":[{"href":"https:\/\/www.azelot.fr\/index.php?rest_route=\/wp\/v2\/posts"}],"about":[{"href":"https:\/\/www.azelot.fr\/index.php?rest_route=\/wp\/v2\/types\/post"}],"author":[{"embeddable":true,"href":"https:\/\/www.azelot.fr\/index.php?rest_route=\/wp\/v2\/users\/4"}],"replies":[{"embeddable":true,"href":"https:\/\/www.azelot.fr\/index.php?rest_route=%2Fwp%2Fv2%2Fcomments&post=3131"}],"version-history":[{"count":4,"href":"https:\/\/www.azelot.fr\/index.php?rest_route=\/wp\/v2\/posts\/3131\/revisions"}],"predecessor-version":[{"id":3152,"href":"https:\/\/www.azelot.fr\/index.php?rest_route=\/wp\/v2\/posts\/3131\/revisions\/3152"}],"wp:attachment":[{"href":"https:\/\/www.azelot.fr\/index.php?rest_route=%2Fwp%2Fv2%2Fmedia&parent=3131"}],"wp:term":[{"taxonomy":"category","embeddable":true,"href":"https:\/\/www.azelot.fr\/index.php?rest_route=%2Fwp%2Fv2%2Fcategories&post=3131"},{"taxonomy":"post_tag","embeddable":true,"href":"https:\/\/www.azelot.fr\/index.php?rest_route=%2Fwp%2Fv2%2Ftags&post=3131"}],"curies":[{"name":"wp","href":"https:\/\/api.w.org\/{rel}","templated":true}]}}