{"id":3102,"date":"2015-05-01T10:27:50","date_gmt":"2015-05-01T08:27:50","guid":{"rendered":"http:\/\/www.azelot.fr\/?p=3102"},"modified":"2015-05-01T11:08:18","modified_gmt":"2015-05-01T09:08:18","slug":"plantation-darbres","status":"publish","type":"post","link":"https:\/\/www.azelot.fr\/?p=3102","title":{"rendered":"Plantation d&rsquo;arbres"},"content":{"rendered":"<p><span style=\"font-size: large;\">Plantation de fruitiers.<\/span><\/p>\n<p>&nbsp;<\/p>\n<p><span style=\"font-size: large;\">\u00a0Le pourtour de l&rsquo;\u00e9glise du village \u00e9tait\u00a0plant\u00e9 de prunius vieillissants et malades. La Municipalit\u00e9 a d\u00e9cid\u00e9 de les couper. Gilbert, aid\u00e9 de\u00a0Claude et Christian,\u00a0a su faire place nette. <\/span><\/p>\n<p style=\"text-align: center;\"><a href=\"https:\/\/www.azelot.fr\/wp-content\/uploads\/2015\/05\/ils-contribuent-a-l-embellissement-du-village.jpg\" data-rel=\"lightbox-gallery-GH0vk26Y\" data-rl_title=\"\" data-rl_caption=\"\" title=\"\"><img loading=\"lazy\" decoding=\"async\" class=\"aligncenter size-full wp-image-3105\" src=\"https:\/\/www.azelot.fr\/wp-content\/uploads\/2015\/05\/ils-contribuent-a-l-embellissement-du-village.jpg\" alt=\"ils-contribuent-a-l-embellissement-du-village\" width=\"540\" height=\"312\" srcset=\"https:\/\/www.azelot.fr\/wp-content\/uploads\/2015\/05\/ils-contribuent-a-l-embellissement-du-village.jpg 540w, https:\/\/www.azelot.fr\/wp-content\/uploads\/2015\/05\/ils-contribuent-a-l-embellissement-du-village-300x173.jpg 300w\" sizes=\"auto, (max-width: 540px) 100vw, 540px\" \/><\/a><\/p>\n<p><span style=\"font-size: large;\">La d\u00e9cision a \u00e9t\u00e9 prise de replanter des fruitiers au m\u00eame emplacement, ainsi qu&rsquo;\u00e0 l&rsquo;entr\u00e9e, c\u00f4t\u00e9 terrain d&rsquo;aviation pour renforcer la ligne d&rsquo;arbres fruitiers existante. Ce choix s&rsquo;inscrit dans la politique paysag\u00e8re de la municipalit\u00e9 de renforcer la ligne de vergers qui traditionnellement entoure les abords des villages lorrains. Ce sont les employ\u00e9s qui ont r\u00e9alis\u00e9 la plantation d&rsquo;essences traditionnelles, mirabelliers, quetschiers, pommiers, poiriers et cerisiers. Pour les \u00e9lus, cette politique de l&rsquo;arbre\u00a0doit \u00eatre\u00a0continu\u00e9e l&rsquo;ann\u00e9e prochaine.<\/span><\/p>\n<p><span style=\"font-size: large;\">\u00a0<\/span><\/p>\n","protected":false},"excerpt":{"rendered":"<p>Plantation de fruitiers. &nbsp; \u00a0Le pourtour de l&rsquo;\u00e9glise du village \u00e9tait\u00a0plant\u00e9 de prunius vieillissants et malades. La Municipalit\u00e9 a d\u00e9cid\u00e9 de les couper. Gilbert, aid\u00e9 de\u00a0Claude et Christian,\u00a0a su faire place nette. La d\u00e9cision a \u00e9t\u00e9 prise de replanter des&#8230;<br \/><a class=\"read-more-button\" href=\"https:\/\/www.azelot.fr\/?p=3102\">Savoir plus<\/a><\/p>\n","protected":false},"author":4,"featured_media":0,"comment_status":"open","ping_status":"open","sticky":false,"template":"","format":"standard","meta":{"activitypub_content_warning":"","activitypub_content_visibility":"","activitypub_max_image_attachments":4,"activitypub_interaction_policy_quote":"","activitypub_status":"","footnotes":""},"categories":[4],"tags":[126],"class_list":["post-3102","post","type-post","status-publish","format-standard","hentry","category-mairie","tag-environnement"],"_links":{"self":[{"href":"https:\/\/www.azelot.fr\/index.php?rest_route=\/wp\/v2\/posts\/3102","targetHints":{"allow":["GET"]}}],"collection":[{"href":"https:\/\/www.azelot.fr\/index.php?rest_route=\/wp\/v2\/posts"}],"about":[{"href":"https:\/\/www.azelot.fr\/index.php?rest_route=\/wp\/v2\/types\/post"}],"author":[{"embeddable":true,"href":"https:\/\/www.azelot.fr\/index.php?rest_route=\/wp\/v2\/users\/4"}],"replies":[{"embeddable":true,"href":"https:\/\/www.azelot.fr\/index.php?rest_route=%2Fwp%2Fv2%2Fcomments&post=3102"}],"version-history":[{"count":3,"href":"https:\/\/www.azelot.fr\/index.php?rest_route=\/wp\/v2\/posts\/3102\/revisions"}],"predecessor-version":[{"id":3106,"href":"https:\/\/www.azelot.fr\/index.php?rest_route=\/wp\/v2\/posts\/3102\/revisions\/3106"}],"wp:attachment":[{"href":"https:\/\/www.azelot.fr\/index.php?rest_route=%2Fwp%2Fv2%2Fmedia&parent=3102"}],"wp:term":[{"taxonomy":"category","embeddable":true,"href":"https:\/\/www.azelot.fr\/index.php?rest_route=%2Fwp%2Fv2%2Fcategories&post=3102"},{"taxonomy":"post_tag","embeddable":true,"href":"https:\/\/www.azelot.fr\/index.php?rest_route=%2Fwp%2Fv2%2Ftags&post=3102"}],"curies":[{"name":"wp","href":"https:\/\/api.w.org\/{rel}","templated":true}]}}