{"id":3004,"date":"2015-04-12T19:02:48","date_gmt":"2015-04-12T17:02:48","guid":{"rendered":"http:\/\/www.azelot.fr\/?p=3004"},"modified":"2015-04-12T19:02:48","modified_gmt":"2015-04-12T17:02:48","slug":"ya-dla-joie-a-azelot","status":"publish","type":"post","link":"https:\/\/www.azelot.fr\/?p=3004","title":{"rendered":"\u00ab\u00a0Y&rsquo;A D&rsquo;LA JOIE\u00a0\u00bb \u00e0 Azelot"},"content":{"rendered":"<p>Pour la troisi\u00e8me ann\u00e9e cons\u00e9cutive, la troupe \u00ab\u00a0Y&rsquo;a d&rsquo;la joie\u00a0\u00bb de l&rsquo;ASLCVigneulles est venue se produire, ce samedi, sur la (petite) sc\u00e8ne de la salle communale.<\/p>\n<p>Devant une soixantaine de spectateurs ravis&#8230;<\/p>\n<p style=\"text-align: center;\"><a href=\"https:\/\/www.azelot.fr\/wp-content\/uploads\/2015\/04\/0011.jpg\" data-rel=\"lightbox-gallery-1M9AkaVU\" data-rl_title=\"\" data-rl_caption=\"\" title=\"\"><img loading=\"lazy\" decoding=\"async\" class=\"aligncenter size-large wp-image-3005\" src=\"https:\/\/www.azelot.fr\/wp-content\/uploads\/2015\/04\/0011-1024x725.jpg\" alt=\"001\" width=\"960\" height=\"679\" srcset=\"https:\/\/www.azelot.fr\/wp-content\/uploads\/2015\/04\/0011-1024x725.jpg 1024w, https:\/\/www.azelot.fr\/wp-content\/uploads\/2015\/04\/0011-300x212.jpg 300w\" sizes=\"auto, (max-width: 960px) 100vw, 960px\" \/><\/a><\/p>\n<p style=\"text-align: left;\">&#8230;Liliane et ses com\u00e9diens ont pr\u00e9sent\u00e9 la com\u00e9die de Labiche : \u00ab\u00a0Le voyage de Monsieur Perrichon\u00a0\u00bb&#8230;<\/p>\n<p style=\"text-align: center;\"><a href=\"https:\/\/www.azelot.fr\/wp-content\/uploads\/2015\/04\/004.jpg\" data-rel=\"lightbox-gallery-1M9AkaVU\" data-rl_title=\"\" data-rl_caption=\"\" title=\"\"><img loading=\"lazy\" decoding=\"async\" class=\"aligncenter size-large wp-image-3006\" src=\"https:\/\/www.azelot.fr\/wp-content\/uploads\/2015\/04\/004-1024x768.jpg\" alt=\"004\" width=\"960\" height=\"720\" srcset=\"https:\/\/www.azelot.fr\/wp-content\/uploads\/2015\/04\/004-1024x768.jpg 1024w, https:\/\/www.azelot.fr\/wp-content\/uploads\/2015\/04\/004-300x225.jpg 300w\" sizes=\"auto, (max-width: 960px) 100vw, 960px\" \/><\/a><\/p>\n<p style=\"text-align: left;\">&#8230;ce bourgeois vaniteux, phraseur et un peu na\u00eff part pour la Mer de Glace avec sa charmante \u00e9pouse et leur d\u00e9licieuse fille Henriette. Celle-ci est courtis\u00e9e par deux pr\u00e9tendants qui vont tout faire pour plaire au p\u00e8re et gagner la main de la demoiselle&#8230;<\/p>\n<p style=\"text-align: center;\"><a href=\"https:\/\/www.azelot.fr\/wp-content\/uploads\/2015\/04\/0211.jpg\" data-rel=\"lightbox-gallery-1M9AkaVU\" data-rl_title=\"\" data-rl_caption=\"\" title=\"\"><img loading=\"lazy\" decoding=\"async\" class=\"aligncenter size-large wp-image-3007\" src=\"https:\/\/www.azelot.fr\/wp-content\/uploads\/2015\/04\/0211-725x1024.jpg\" alt=\"021\" width=\"725\" height=\"1024\" srcset=\"https:\/\/www.azelot.fr\/wp-content\/uploads\/2015\/04\/0211-725x1024.jpg 725w, https:\/\/www.azelot.fr\/wp-content\/uploads\/2015\/04\/0211-212x300.jpg 212w, https:\/\/www.azelot.fr\/wp-content\/uploads\/2015\/04\/0211.jpg 1140w\" sizes=\"auto, (max-width: 725px) 100vw, 725px\" \/><\/a><\/p>\n<p style=\"text-align: left;\">Apr\u00e8s de nombreuses p\u00e9rip\u00e9ties au cours desquelles, Monsieur Perrichon est sauv\u00e9 d&rsquo;une chute vertigineuse par un des pr\u00e9tendants et lui-m\u00eame arrache l&rsquo;autre d&rsquo;une crevasse, il doit choisir le futur \u00e9poux de sa fille&#8230;<\/p>\n<p style=\"text-align: left;\"><a href=\"https:\/\/www.azelot.fr\/wp-content\/uploads\/2015\/04\/0341.jpg\" data-rel=\"lightbox-gallery-1M9AkaVU\" data-rl_title=\"\" data-rl_caption=\"\" title=\"\"><img loading=\"lazy\" decoding=\"async\" class=\"aligncenter size-large wp-image-3008\" src=\"https:\/\/www.azelot.fr\/wp-content\/uploads\/2015\/04\/0341-722x1024.jpg\" alt=\"034\" width=\"722\" height=\"1024\" srcset=\"https:\/\/www.azelot.fr\/wp-content\/uploads\/2015\/04\/0341-722x1024.jpg 722w, https:\/\/www.azelot.fr\/wp-content\/uploads\/2015\/04\/0341-211x300.jpg 211w, https:\/\/www.azelot.fr\/wp-content\/uploads\/2015\/04\/0341.jpg 1308w\" sizes=\"auto, (max-width: 722px) 100vw, 722px\" \/><\/a><\/p>\n<p style=\"text-align: left;\">&#8230;et comme nous sommes dans une com\u00e9die, tout est bien qui finit bien&#8230;<\/p>\n<p style=\"text-align: center;\"><a href=\"https:\/\/www.azelot.fr\/wp-content\/uploads\/2015\/04\/064.jpg\" data-rel=\"lightbox-gallery-1M9AkaVU\" data-rl_title=\"\" data-rl_caption=\"\" title=\"\"><img loading=\"lazy\" decoding=\"async\" class=\"aligncenter size-large wp-image-3009\" src=\"https:\/\/www.azelot.fr\/wp-content\/uploads\/2015\/04\/064-1024x724.jpg\" alt=\"064\" width=\"960\" height=\"678\" srcset=\"https:\/\/www.azelot.fr\/wp-content\/uploads\/2015\/04\/064-1024x724.jpg 1024w, https:\/\/www.azelot.fr\/wp-content\/uploads\/2015\/04\/064-300x212.jpg 300w\" sizes=\"auto, (max-width: 960px) 100vw, 960px\" \/><\/a><\/p>\n<p style=\"text-align: left;\">&#8230;et au final, sous les applaudissements, Liliane peut pr\u00e9senter les membres de cette troupe d&rsquo;amateurs&#8230;tr\u00e8s talentueux.<\/p>\n<p style=\"text-align: center;\"><a href=\"https:\/\/www.azelot.fr\/wp-content\/uploads\/2015\/04\/075.jpg\" data-rel=\"lightbox-gallery-1M9AkaVU\" data-rl_title=\"\" data-rl_caption=\"\" title=\"\"><img loading=\"lazy\" decoding=\"async\" class=\"aligncenter size-large wp-image-3010\" src=\"https:\/\/www.azelot.fr\/wp-content\/uploads\/2015\/04\/075-1024x722.jpg\" alt=\"075\" width=\"960\" height=\"676\" srcset=\"https:\/\/www.azelot.fr\/wp-content\/uploads\/2015\/04\/075-1024x722.jpg 1024w, https:\/\/www.azelot.fr\/wp-content\/uploads\/2015\/04\/075-300x211.jpg 300w\" sizes=\"auto, (max-width: 960px) 100vw, 960px\" \/><\/a><\/p>\n<p style=\"text-align: left;\">Et, \u00e0 l&rsquo;ann\u00e9e prochaine, avec une nouvelle production.<\/p>\n","protected":false},"excerpt":{"rendered":"<p>Pour la troisi\u00e8me ann\u00e9e cons\u00e9cutive, la troupe \u00ab\u00a0Y&rsquo;a d&rsquo;la joie\u00a0\u00bb de l&rsquo;ASLCVigneulles est venue se produire, ce samedi, sur la (petite) sc\u00e8ne de la salle communale. Devant une soixantaine de spectateurs ravis&#8230; &#8230;Liliane et ses com\u00e9diens ont pr\u00e9sent\u00e9 la com\u00e9die&#8230;<br \/><a class=\"read-more-button\" href=\"https:\/\/www.azelot.fr\/?p=3004\">Savoir plus<\/a><\/p>\n","protected":false},"author":2,"featured_media":0,"comment_status":"open","ping_status":"open","sticky":false,"template":"","format":"standard","meta":{"activitypub_content_warning":"","activitypub_content_visibility":"","activitypub_max_image_attachments":4,"activitypub_interaction_policy_quote":"","activitypub_status":"","footnotes":""},"categories":[5],"tags":[],"class_list":["post-3004","post","type-post","status-publish","format-standard","hentry","category-foyer-rural"],"_links":{"self":[{"href":"https:\/\/www.azelot.fr\/index.php?rest_route=\/wp\/v2\/posts\/3004","targetHints":{"allow":["GET"]}}],"collection":[{"href":"https:\/\/www.azelot.fr\/index.php?rest_route=\/wp\/v2\/posts"}],"about":[{"href":"https:\/\/www.azelot.fr\/index.php?rest_route=\/wp\/v2\/types\/post"}],"author":[{"embeddable":true,"href":"https:\/\/www.azelot.fr\/index.php?rest_route=\/wp\/v2\/users\/2"}],"replies":[{"embeddable":true,"href":"https:\/\/www.azelot.fr\/index.php?rest_route=%2Fwp%2Fv2%2Fcomments&post=3004"}],"version-history":[{"count":1,"href":"https:\/\/www.azelot.fr\/index.php?rest_route=\/wp\/v2\/posts\/3004\/revisions"}],"predecessor-version":[{"id":3011,"href":"https:\/\/www.azelot.fr\/index.php?rest_route=\/wp\/v2\/posts\/3004\/revisions\/3011"}],"wp:attachment":[{"href":"https:\/\/www.azelot.fr\/index.php?rest_route=%2Fwp%2Fv2%2Fmedia&parent=3004"}],"wp:term":[{"taxonomy":"category","embeddable":true,"href":"https:\/\/www.azelot.fr\/index.php?rest_route=%2Fwp%2Fv2%2Fcategories&post=3004"},{"taxonomy":"post_tag","embeddable":true,"href":"https:\/\/www.azelot.fr\/index.php?rest_route=%2Fwp%2Fv2%2Ftags&post=3004"}],"curies":[{"name":"wp","href":"https:\/\/api.w.org\/{rel}","templated":true}]}}