{"id":2926,"date":"2015-03-24T21:10:10","date_gmt":"2015-03-24T19:10:10","guid":{"rendered":"http:\/\/www.azelot.fr\/?p=2926"},"modified":"2015-03-24T21:47:55","modified_gmt":"2015-03-24T19:47:55","slug":"soiree-dazelot","status":"publish","type":"post","link":"https:\/\/www.azelot.fr\/?p=2926","title":{"rendered":"Soir\u00e9e d&rsquo;Azelot"},"content":{"rendered":"<p>Le mois d&rsquo;avril va \u00eatre riche en animations organis\u00e9es par le foyer.<\/p>\n<p>Pour commencer, vous \u00eates invit\u00e9s \u00e0 la prochaine soir\u00e9e d&rsquo;Azelot du vendredi 03 avril 2015 sur le th\u00e8me du f\u00e9minisme.<\/p>\n<p style=\"text-align: center;\"><a href=\"https:\/\/www.azelot.fr\/wp-content\/uploads\/2015\/03\/tract-03-avril-2015-page-001.jpg\" data-rel=\"lightbox-gallery-v8shFyW2\" data-rl_title=\"\" data-rl_caption=\"\" title=\"\"><img loading=\"lazy\" decoding=\"async\" class=\"aligncenter size-large wp-image-2931\" src=\"https:\/\/www.azelot.fr\/wp-content\/uploads\/2015\/03\/tract-03-avril-2015-page-001-723x1024.jpg\" alt=\"tract 03 avril 2015-page-001\" width=\"723\" height=\"1024\" srcset=\"https:\/\/www.azelot.fr\/wp-content\/uploads\/2015\/03\/tract-03-avril-2015-page-001-723x1024.jpg 723w, https:\/\/www.azelot.fr\/wp-content\/uploads\/2015\/03\/tract-03-avril-2015-page-001-212x300.jpg 212w, https:\/\/www.azelot.fr\/wp-content\/uploads\/2015\/03\/tract-03-avril-2015-page-001.jpg 1240w\" sizes=\"auto, (max-width: 723px) 100vw, 723px\" \/><\/a><\/p>\n<p style=\"text-align: center;\">\n<p style=\"text-align: center;\"><div class='afi-document'><div class='afi-document-icon'><a href=\"https:\/\/www.azelot.fr\/wp-content\/uploads\/2015\/03\/doc-jn\u00e9e-de-la-femme-page-001.jpg\" data-rel=\"lightbox-gallery-v8shFyW2\" data-rl_title=\"\" data-rl_caption=\"\" title=\"\"><img src='https:\/\/www.azelot.fr\/wp-content\/plugins\/attachment-file-icons\/mime\/doc-icon.png'\/><\/a><\/div><div class='afi-document-link'><a href=\"https:\/\/www.azelot.fr\/wp-content\/uploads\/2015\/03\/doc-jn\u00e9e-de-la-femme-page-001.jpg\" data-rel=\"lightbox-gallery-v8shFyW2\" data-rl_title=\"\" data-rl_caption=\"\" title=\"\"><img loading=\"lazy\" decoding=\"async\" class=\"aligncenter wp-image-2928\" src=\"https:\/\/www.azelot.fr\/wp-content\/uploads\/2015\/03\/doc-jn\u00e9e-de-la-femme-page-001-723x1024.jpg\" alt=\"doc jn\u00e9e de la femme-page-001\" width=\"548\" height=\"751\" \/><\/a><\/div><\/div><div class='afi-clear'><\/div><\/p>\n<p>&nbsp;<\/p>\n","protected":false},"excerpt":{"rendered":"<p>Le mois d&rsquo;avril va \u00eatre riche en animations organis\u00e9es par le foyer. Pour commencer, vous \u00eates invit\u00e9s \u00e0 la prochaine soir\u00e9e d&rsquo;Azelot du vendredi 03 avril 2015 sur le th\u00e8me du f\u00e9minisme. &nbsp;<\/p>\n","protected":false},"author":2,"featured_media":0,"comment_status":"open","ping_status":"open","sticky":false,"template":"","format":"standard","meta":{"activitypub_content_warning":"","activitypub_content_visibility":"","activitypub_max_image_attachments":4,"activitypub_interaction_policy_quote":"","activitypub_status":"","footnotes":""},"categories":[5],"tags":[204],"class_list":["post-2926","post","type-post","status-publish","format-standard","hentry","category-foyer-rural","tag-le-feminisme"],"_links":{"self":[{"href":"https:\/\/www.azelot.fr\/index.php?rest_route=\/wp\/v2\/posts\/2926","targetHints":{"allow":["GET"]}}],"collection":[{"href":"https:\/\/www.azelot.fr\/index.php?rest_route=\/wp\/v2\/posts"}],"about":[{"href":"https:\/\/www.azelot.fr\/index.php?rest_route=\/wp\/v2\/types\/post"}],"author":[{"embeddable":true,"href":"https:\/\/www.azelot.fr\/index.php?rest_route=\/wp\/v2\/users\/2"}],"replies":[{"embeddable":true,"href":"https:\/\/www.azelot.fr\/index.php?rest_route=%2Fwp%2Fv2%2Fcomments&post=2926"}],"version-history":[{"count":3,"href":"https:\/\/www.azelot.fr\/index.php?rest_route=\/wp\/v2\/posts\/2926\/revisions"}],"predecessor-version":[{"id":2932,"href":"https:\/\/www.azelot.fr\/index.php?rest_route=\/wp\/v2\/posts\/2926\/revisions\/2932"}],"wp:attachment":[{"href":"https:\/\/www.azelot.fr\/index.php?rest_route=%2Fwp%2Fv2%2Fmedia&parent=2926"}],"wp:term":[{"taxonomy":"category","embeddable":true,"href":"https:\/\/www.azelot.fr\/index.php?rest_route=%2Fwp%2Fv2%2Fcategories&post=2926"},{"taxonomy":"post_tag","embeddable":true,"href":"https:\/\/www.azelot.fr\/index.php?rest_route=%2Fwp%2Fv2%2Ftags&post=2926"}],"curies":[{"name":"wp","href":"https:\/\/api.w.org\/{rel}","templated":true}]}}