{"id":291,"date":"2011-11-28T17:58:05","date_gmt":"2011-11-28T15:58:05","guid":{"rendered":"http:\/\/test.azelot.fr\/?p=291"},"modified":"2012-10-04T08:26:53","modified_gmt":"2012-10-04T06:26:53","slug":"291","status":"publish","type":"post","link":"https:\/\/www.azelot.fr\/?p=291","title":{"rendered":"Le salon des vignerons se pr\u00e9pare &#8230;"},"content":{"rendered":"<div>\n<div>\n<p>Samedi matin, ils \u00e9taient une dizaine du club des d\u00e9gustateurs oenophiles qui avaient r\u00e9pondu \u00e0 l&rsquo;appel de Claude et Christian ; mission : distribuer les tracts dans les villages environnants.<\/p>\n<p><a href=\"https:\/\/www.azelot.fr\/wp-content\/uploads\/2012\/10\/002_9_0.jpg\" data-rel=\"lightbox-gallery-v6gJzNWw\" data-rl_title=\"\" data-rl_caption=\"\"><img loading=\"lazy\" decoding=\"async\" class=\"alignnone size-full wp-image-292\" title=\"\" src=\"https:\/\/www.azelot.fr\/wp-content\/uploads\/2012\/10\/002_9_0.jpg\" alt=\"\" width=\"680\" height=\"510\" srcset=\"https:\/\/www.azelot.fr\/wp-content\/uploads\/2012\/10\/002_9_0.jpg 680w, https:\/\/www.azelot.fr\/wp-content\/uploads\/2012\/10\/002_9_0-300x225.jpg 300w\" sizes=\"auto, (max-width: 680px) 100vw, 680px\" \/><\/a><\/p>\n<p><!--more-->Azelot ayant \u00e9t\u00e9 inform\u00e9 par \u00ab\u00a0Le Bouc\u00a0\u00bb, la distribution a concern\u00e9 les villages du Vermois plus Tonnoy et Ferri\u00e8res.<\/p>\n<p>Pendant ce temps, Christian et Claude accrochaient les banderoles sur la route de Bayon et \u00e0 l&rsquo;entr\u00e9e du bois, c\u00f4t\u00e9 Flavigny. Tout est pr\u00eat : il ne reste plus qu&rsquo;\u00e0 accueillir les 15 vignerons et les nombreux visiteurs.<\/p>\n<p>&nbsp;<\/p>\n<p>Et cette ann\u00e9e, il y a une nouveaut\u00e9 : le march\u00e9 de No\u00ebl sous la Halle le dimanche matin. A bient\u00f4t les 10 et 11 d\u00e9cembre.<\/p>\n<\/div>\n<\/div>\n","protected":false},"excerpt":{"rendered":"<p>Samedi matin, ils \u00e9taient une dizaine du club des d\u00e9gustateurs oenophiles qui avaient r\u00e9pondu \u00e0 l&rsquo;appel de Claude et Christian ; mission : distribuer les tracts dans les villages environnants.<\/p>\n","protected":false},"author":2,"featured_media":0,"comment_status":"open","ping_status":"open","sticky":false,"template":"","format":"standard","meta":{"activitypub_content_warning":"","activitypub_content_visibility":"","activitypub_max_image_attachments":4,"activitypub_interaction_policy_quote":"","activitypub_status":"","footnotes":""},"categories":[5],"tags":[52],"class_list":["post-291","post","type-post","status-publish","format-standard","hentry","category-foyer-rural","tag-salon-des-vignerons"],"_links":{"self":[{"href":"https:\/\/www.azelot.fr\/index.php?rest_route=\/wp\/v2\/posts\/291","targetHints":{"allow":["GET"]}}],"collection":[{"href":"https:\/\/www.azelot.fr\/index.php?rest_route=\/wp\/v2\/posts"}],"about":[{"href":"https:\/\/www.azelot.fr\/index.php?rest_route=\/wp\/v2\/types\/post"}],"author":[{"embeddable":true,"href":"https:\/\/www.azelot.fr\/index.php?rest_route=\/wp\/v2\/users\/2"}],"replies":[{"embeddable":true,"href":"https:\/\/www.azelot.fr\/index.php?rest_route=%2Fwp%2Fv2%2Fcomments&post=291"}],"version-history":[{"count":2,"href":"https:\/\/www.azelot.fr\/index.php?rest_route=\/wp\/v2\/posts\/291\/revisions"}],"predecessor-version":[{"id":294,"href":"https:\/\/www.azelot.fr\/index.php?rest_route=\/wp\/v2\/posts\/291\/revisions\/294"}],"wp:attachment":[{"href":"https:\/\/www.azelot.fr\/index.php?rest_route=%2Fwp%2Fv2%2Fmedia&parent=291"}],"wp:term":[{"taxonomy":"category","embeddable":true,"href":"https:\/\/www.azelot.fr\/index.php?rest_route=%2Fwp%2Fv2%2Fcategories&post=291"},{"taxonomy":"post_tag","embeddable":true,"href":"https:\/\/www.azelot.fr\/index.php?rest_route=%2Fwp%2Fv2%2Ftags&post=291"}],"curies":[{"name":"wp","href":"https:\/\/api.w.org\/{rel}","templated":true}]}}