{"id":287,"date":"2011-11-24T16:29:42","date_gmt":"2011-11-24T14:29:42","guid":{"rendered":"http:\/\/test.azelot.fr\/?p=287"},"modified":"2012-10-04T08:24:12","modified_gmt":"2012-10-04T06:24:12","slug":"latelier-creatif-et-larbre-de-noel","status":"publish","type":"post","link":"https:\/\/www.azelot.fr\/?p=287","title":{"rendered":"L&rsquo;atelier cr\u00e9atif et l&rsquo;arbre de No\u00ebl"},"content":{"rendered":"<div>\n<div>\n<p><strong>Brigitte et ses petites mains vont d\u00e9corer le sapin de No\u00ebl \u00e9rig\u00e9 devant la mairie<\/strong>.<\/p>\n<p>Ainsi, mercredi apr\u00e8s-midi, lors d&rsquo;une s\u00e9ance suppl\u00e9mentaire, huit enfants\u00a0 de l&rsquo;atelier sont venus peindre des plaques de bois repr\u00e9sentant des \u00e9toiles, des boules, des bonhommes de neige &#8230; d\u00e9coup\u00e9es par M. PESOTTO.<\/p>\n<p><a href=\"https:\/\/www.azelot.fr\/wp-content\/uploads\/2012\/10\/002_8_0.jpg\" data-rel=\"lightbox-gallery-On9zdTQy\" data-rl_title=\"\" data-rl_caption=\"\"><img loading=\"lazy\" decoding=\"async\" class=\"alignnone size-full wp-image-288\" title=\"\" src=\"https:\/\/www.azelot.fr\/wp-content\/uploads\/2012\/10\/002_8_0.jpg\" alt=\"\" width=\"680\" height=\"455\" srcset=\"https:\/\/www.azelot.fr\/wp-content\/uploads\/2012\/10\/002_8_0.jpg 680w, https:\/\/www.azelot.fr\/wp-content\/uploads\/2012\/10\/002_8_0-300x200.jpg 300w\" sizes=\"auto, (max-width: 680px) 100vw, 680px\" \/><\/a><\/p>\n<p><!--more--><\/p>\n<p><a href=\"https:\/\/www.azelot.fr\/wp-content\/uploads\/2012\/10\/003_0.jpg\" data-rel=\"lightbox-gallery-On9zdTQy\" data-rl_title=\"\" data-rl_caption=\"\"><img loading=\"lazy\" decoding=\"async\" class=\"alignnone size-full wp-image-289\" title=\"\" src=\"https:\/\/www.azelot.fr\/wp-content\/uploads\/2012\/10\/003_0.jpg\" alt=\"\" width=\"680\" height=\"455\" srcset=\"https:\/\/www.azelot.fr\/wp-content\/uploads\/2012\/10\/003_0.jpg 680w, https:\/\/www.azelot.fr\/wp-content\/uploads\/2012\/10\/003_0-300x200.jpg 300w\" sizes=\"auto, (max-width: 680px) 100vw, 680px\" \/><\/a><\/p>\n<p>Bien s\u00fbr, il y a encore beaucoup de travail, mais avec tout ce petit monde, le sapin va avoir rapidement fi\u00e8re allure.<\/p>\n<\/div>\n<\/div>\n","protected":false},"excerpt":{"rendered":"<p>Brigitte et ses petites mains vont d\u00e9corer le sapin de No\u00ebl \u00e9rig\u00e9 devant la mairie. Ainsi, mercredi apr\u00e8s-midi, lors d&rsquo;une s\u00e9ance suppl\u00e9mentaire, huit enfants\u00a0 de l&rsquo;atelier sont venus peindre des plaques de bois repr\u00e9sentant des \u00e9toiles, des boules, des bonhommes&#8230;<br \/><a class=\"read-more-button\" href=\"https:\/\/www.azelot.fr\/?p=287\">Savoir plus<\/a><\/p>\n","protected":false},"author":2,"featured_media":0,"comment_status":"open","ping_status":"open","sticky":false,"template":"","format":"standard","meta":{"activitypub_content_warning":"","activitypub_content_visibility":"","activitypub_max_image_attachments":4,"activitypub_interaction_policy_quote":"","activitypub_status":"","footnotes":""},"categories":[5],"tags":[18,30,46,54],"class_list":["post-287","post","type-post","status-publish","format-standard","hentry","category-foyer-rural","tag-activite","tag-atelier","tag-enfants","tag-noel"],"_links":{"self":[{"href":"https:\/\/www.azelot.fr\/index.php?rest_route=\/wp\/v2\/posts\/287","targetHints":{"allow":["GET"]}}],"collection":[{"href":"https:\/\/www.azelot.fr\/index.php?rest_route=\/wp\/v2\/posts"}],"about":[{"href":"https:\/\/www.azelot.fr\/index.php?rest_route=\/wp\/v2\/types\/post"}],"author":[{"embeddable":true,"href":"https:\/\/www.azelot.fr\/index.php?rest_route=\/wp\/v2\/users\/2"}],"replies":[{"embeddable":true,"href":"https:\/\/www.azelot.fr\/index.php?rest_route=%2Fwp%2Fv2%2Fcomments&post=287"}],"version-history":[{"count":1,"href":"https:\/\/www.azelot.fr\/index.php?rest_route=\/wp\/v2\/posts\/287\/revisions"}],"predecessor-version":[{"id":290,"href":"https:\/\/www.azelot.fr\/index.php?rest_route=\/wp\/v2\/posts\/287\/revisions\/290"}],"wp:attachment":[{"href":"https:\/\/www.azelot.fr\/index.php?rest_route=%2Fwp%2Fv2%2Fmedia&parent=287"}],"wp:term":[{"taxonomy":"category","embeddable":true,"href":"https:\/\/www.azelot.fr\/index.php?rest_route=%2Fwp%2Fv2%2Fcategories&post=287"},{"taxonomy":"post_tag","embeddable":true,"href":"https:\/\/www.azelot.fr\/index.php?rest_route=%2Fwp%2Fv2%2Ftags&post=287"}],"curies":[{"name":"wp","href":"https:\/\/api.w.org\/{rel}","templated":true}]}}