{"id":284,"date":"2011-11-23T11:56:23","date_gmt":"2011-11-23T09:56:23","guid":{"rendered":"http:\/\/test.azelot.fr\/?p=284"},"modified":"2012-10-04T08:20:32","modified_gmt":"2012-10-04T06:20:32","slug":"le-musee-de-lecole-de-nancy","status":"publish","type":"post","link":"https:\/\/www.azelot.fr\/?p=284","title":{"rendered":"Le mus\u00e9e de l&rsquo;\u00e9cole de Nancy"},"content":{"rendered":"<p>Le <strong>samedi 17 d\u00e9cembre<\/strong>, le foyer rural propose une sortie culturelle au mus\u00e9e de l&rsquo;\u00c9cole de Nancy.<\/p>\n<p>Le petit tract en fichier attach\u00e9 vous permettra de conna\u00eetre tous les d\u00e9tails de cette visite.<\/p>\n<p><div class='afi-document'><div class='afi-document-icon'><a href='https:\/\/www.azelot.fr\/wp-content\/uploads\/2012\/10\/ECOLE-DE-NANCY-TRACT.pdf'><img src='https:\/\/www.azelot.fr\/wp-content\/plugins\/attachment-file-icons\/mime\/pdf-icon.png'\/><\/a><\/div><div class='afi-document-link'><a href=\"https:\/\/www.azelot.fr\/wp-content\/uploads\/2012\/10\/ECOLE-DE-NANCY-TRACT.pdf\">ECOLE DE NANCY TRACT<\/a><\/div><\/div><div class='afi-clear'><\/div><\/p>\n","protected":false},"excerpt":{"rendered":"<p>Le samedi 17 d\u00e9cembre, le foyer rural propose une sortie culturelle au mus\u00e9e de l&rsquo;\u00c9cole de Nancy. Le petit tract en fichier attach\u00e9 vous permettra de conna\u00eetre tous les d\u00e9tails de cette visite. ECOLE DE NANCY TRACT<\/p>\n","protected":false},"author":2,"featured_media":0,"comment_status":"open","ping_status":"open","sticky":false,"template":"","format":"standard","meta":{"activitypub_content_warning":"","activitypub_content_visibility":"","activitypub_max_image_attachments":4,"activitypub_interaction_policy_quote":"","activitypub_status":"","footnotes":""},"categories":[5],"tags":[6,53,14],"class_list":["post-284","post","type-post","status-publish","format-standard","hentry","category-foyer-rural","tag-annonce","tag-ecole-de-nancy","tag-sortie"],"_links":{"self":[{"href":"https:\/\/www.azelot.fr\/index.php?rest_route=\/wp\/v2\/posts\/284","targetHints":{"allow":["GET"]}}],"collection":[{"href":"https:\/\/www.azelot.fr\/index.php?rest_route=\/wp\/v2\/posts"}],"about":[{"href":"https:\/\/www.azelot.fr\/index.php?rest_route=\/wp\/v2\/types\/post"}],"author":[{"embeddable":true,"href":"https:\/\/www.azelot.fr\/index.php?rest_route=\/wp\/v2\/users\/2"}],"replies":[{"embeddable":true,"href":"https:\/\/www.azelot.fr\/index.php?rest_route=%2Fwp%2Fv2%2Fcomments&post=284"}],"version-history":[{"count":1,"href":"https:\/\/www.azelot.fr\/index.php?rest_route=\/wp\/v2\/posts\/284\/revisions"}],"predecessor-version":[{"id":286,"href":"https:\/\/www.azelot.fr\/index.php?rest_route=\/wp\/v2\/posts\/284\/revisions\/286"}],"wp:attachment":[{"href":"https:\/\/www.azelot.fr\/index.php?rest_route=%2Fwp%2Fv2%2Fmedia&parent=284"}],"wp:term":[{"taxonomy":"category","embeddable":true,"href":"https:\/\/www.azelot.fr\/index.php?rest_route=%2Fwp%2Fv2%2Fcategories&post=284"},{"taxonomy":"post_tag","embeddable":true,"href":"https:\/\/www.azelot.fr\/index.php?rest_route=%2Fwp%2Fv2%2Ftags&post=284"}],"curies":[{"name":"wp","href":"https:\/\/api.w.org\/{rel}","templated":true}]}}