{"id":266,"date":"2011-11-13T12:19:29","date_gmt":"2011-11-13T10:19:29","guid":{"rendered":"http:\/\/test.azelot.fr\/?p=266"},"modified":"2012-10-04T08:07:21","modified_gmt":"2012-10-04T06:07:21","slug":"centre-pompidou-de-metz","status":"publish","type":"post","link":"https:\/\/www.azelot.fr\/?p=266","title":{"rendered":"Centre Pompidou de Metz"},"content":{"rendered":"<p>Lors de l&rsquo;\u00e9tablissement du calendrier, le foyer rural d&rsquo;Azelot avait pr\u00e9vu d&rsquo;aller visiter le centre Pompidou de Metz.<\/p>\n<p>Hier, samedi 12, Jeunesse &amp; Territoire a eu la bonne id\u00e9e de nous devancer.<\/p>\n<p>Ainsi, une quarantaine de personnes (dont 7 d&rsquo;Azelot) ont pris place dans le bus destination Metz, accompagn\u00e9es par un magnifique soleil d&rsquo;automne.<!--more--><\/p>\n<p>Sur place, l&rsquo;architecture originale du mus\u00e9e impressionne tout de suite : la forme g\u00e9n\u00e9rale, la blancheur de la b\u00e2che, le treillis de la charpente, les ouvertures, l&rsquo;espace du hall&#8230;<\/p>\n<p>&nbsp;<\/p>\n<p><a href=\"https:\/\/www.azelot.fr\/wp-content\/uploads\/2012\/10\/007_2_0.jpg\" data-rel=\"lightbox-gallery-kAJXFpeM\" data-rl_title=\"\" data-rl_caption=\"\"><img loading=\"lazy\" decoding=\"async\" class=\"alignnone size-full wp-image-267\" title=\"\" src=\"https:\/\/www.azelot.fr\/wp-content\/uploads\/2012\/10\/007_2_0.jpg\" alt=\"\" width=\"680\" height=\"510\" srcset=\"https:\/\/www.azelot.fr\/wp-content\/uploads\/2012\/10\/007_2_0.jpg 680w, https:\/\/www.azelot.fr\/wp-content\/uploads\/2012\/10\/007_2_0-300x225.jpg 300w\" sizes=\"auto, (max-width: 680px) 100vw, 680px\" \/><\/a><\/p>\n<p>&nbsp;<\/p>\n<p><a href=\"https:\/\/www.azelot.fr\/wp-content\/uploads\/2012\/10\/012_4_0.jpg\" data-rel=\"lightbox-gallery-kAJXFpeM\" data-rl_title=\"\" data-rl_caption=\"\"><img loading=\"lazy\" decoding=\"async\" class=\"alignnone size-full wp-image-268\" title=\"\" src=\"https:\/\/www.azelot.fr\/wp-content\/uploads\/2012\/10\/012_4_0.jpg\" alt=\"\" width=\"680\" height=\"510\" srcset=\"https:\/\/www.azelot.fr\/wp-content\/uploads\/2012\/10\/012_4_0.jpg 680w, https:\/\/www.azelot.fr\/wp-content\/uploads\/2012\/10\/012_4_0-300x225.jpg 300w\" sizes=\"auto, (max-width: 680px) 100vw, 680px\" \/><\/a><\/p>\n<p>Nous avons pu visiter les deux expositions pr\u00e9sent\u00e9es, accompagn\u00e9s d&rsquo;une guide particuli\u00e8rement comp\u00e9tente et sympathique.<\/p>\n<p>La premi\u00e8re s&rsquo;appelait \u00ab\u00a0ERRE &#8211; Variations labyrinthiques\u00a0\u00bb : \u00ab\u00a0L&rsquo;exposition Erre s&rsquo;inspire de l&rsquo;id\u00e9e de labyrinthe pour aborder les questions de l&rsquo;errance, de la perte et de la d\u00e9ambulation ; ainsi que leurs repr\u00e9sentations dans l&rsquo;art contemporain\u00a0\u00bb. Vaste programme&#8230;<\/p>\n<p><a href=\"https:\/\/www.azelot.fr\/wp-content\/uploads\/2012\/10\/018_0.jpg\" data-rel=\"lightbox-gallery-kAJXFpeM\" data-rl_title=\"\" data-rl_caption=\"\"><img loading=\"lazy\" decoding=\"async\" class=\"alignnone size-full wp-image-269\" title=\"\" src=\"https:\/\/www.azelot.fr\/wp-content\/uploads\/2012\/10\/018_0.jpg\" alt=\"\" width=\"680\" height=\"510\" srcset=\"https:\/\/www.azelot.fr\/wp-content\/uploads\/2012\/10\/018_0.jpg 680w, https:\/\/www.azelot.fr\/wp-content\/uploads\/2012\/10\/018_0-300x225.jpg 300w\" sizes=\"auto, (max-width: 680px) 100vw, 680px\" \/><\/a><\/p>\n<p>&nbsp;<\/p>\n<p><a href=\"https:\/\/www.azelot.fr\/wp-content\/uploads\/2012\/10\/023_0.jpg\" data-rel=\"lightbox-gallery-kAJXFpeM\" data-rl_title=\"\" data-rl_caption=\"\"><img loading=\"lazy\" decoding=\"async\" class=\"alignnone size-full wp-image-270\" title=\"\" src=\"https:\/\/www.azelot.fr\/wp-content\/uploads\/2012\/10\/023_0.jpg\" alt=\"\" width=\"680\" height=\"510\" srcset=\"https:\/\/www.azelot.fr\/wp-content\/uploads\/2012\/10\/023_0.jpg 680w, https:\/\/www.azelot.fr\/wp-content\/uploads\/2012\/10\/023_0-300x225.jpg 300w\" sizes=\"auto, (max-width: 680px) 100vw, 680px\" \/><\/a><\/p>\n<p>Le second pr\u00e9sentait le travail de deux designers bretons, Ronan &amp; Erwan BOUROULLEC : \u00ab\u00a0BIVOUAC\u00a0\u00bb. Cet univers \u00e9tait plus color\u00e9, plus accessible en un mot, m\u00eame si certains lui trouvaient un petit air d&rsquo;IKEA&#8230;<\/p>\n<p><a href=\"https:\/\/www.azelot.fr\/wp-content\/uploads\/2012\/10\/033_0.jpg\" data-rel=\"lightbox-gallery-kAJXFpeM\" data-rl_title=\"\" data-rl_caption=\"\"><img loading=\"lazy\" decoding=\"async\" class=\"alignnone size-full wp-image-271\" title=\"\" src=\"https:\/\/www.azelot.fr\/wp-content\/uploads\/2012\/10\/033_0.jpg\" alt=\"\" width=\"680\" height=\"510\" srcset=\"https:\/\/www.azelot.fr\/wp-content\/uploads\/2012\/10\/033_0.jpg 680w, https:\/\/www.azelot.fr\/wp-content\/uploads\/2012\/10\/033_0-300x225.jpg 300w\" sizes=\"auto, (max-width: 680px) 100vw, 680px\" \/><\/a><\/p>\n<p>En plus, l&rsquo;exposition se trouvait dans la galerie 3 ouverte aux extr\u00e9mit\u00e9s ce qui permettait d&rsquo;avoir une superbe vue sur la ville de Metz et sa cath\u00e9drale.<\/p>\n<p><a href=\"https:\/\/www.azelot.fr\/wp-content\/uploads\/2012\/10\/028_0.jpg\" data-rel=\"lightbox-gallery-kAJXFpeM\" data-rl_title=\"\" data-rl_caption=\"\"><img loading=\"lazy\" decoding=\"async\" class=\"alignnone size-full wp-image-273\" title=\"\" src=\"https:\/\/www.azelot.fr\/wp-content\/uploads\/2012\/10\/028_0.jpg\" alt=\"\" width=\"680\" height=\"510\" srcset=\"https:\/\/www.azelot.fr\/wp-content\/uploads\/2012\/10\/028_0.jpg 680w, https:\/\/www.azelot.fr\/wp-content\/uploads\/2012\/10\/028_0-300x225.jpg 300w\" sizes=\"auto, (max-width: 680px) 100vw, 680px\" \/><\/a><\/p>\n<p>A 18 h, le bus nous ramenait \u00e0 Flavigny, tous contents d&rsquo;avoir d\u00e9couvert ce magnifique b\u00e2timent : nous reviendront.<\/p>\n<p><a href=\"https:\/\/www.azelot.fr\/wp-content\/uploads\/2012\/10\/036_0.jpg\" data-rel=\"lightbox-gallery-kAJXFpeM\" data-rl_title=\"\" data-rl_caption=\"\"><img loading=\"lazy\" decoding=\"async\" class=\"alignnone size-full wp-image-274\" title=\"\" src=\"https:\/\/www.azelot.fr\/wp-content\/uploads\/2012\/10\/036_0.jpg\" alt=\"\" width=\"680\" height=\"510\" srcset=\"https:\/\/www.azelot.fr\/wp-content\/uploads\/2012\/10\/036_0.jpg 680w, https:\/\/www.azelot.fr\/wp-content\/uploads\/2012\/10\/036_0-300x225.jpg 300w\" sizes=\"auto, (max-width: 680px) 100vw, 680px\" \/><\/a><\/p>\n<p><em><strong>Au foyer rural d&rsquo;AZELOT, nous proposerons de visiter le mus\u00e9e de l&rsquo;\u00c9COLE DE NANCY le samedi 17 d\u00e9cembre. Mais d&rsquo;ici l\u00e0, il y aura plus d&rsquo;informations.<\/strong><\/em><\/p>\n","protected":false},"excerpt":{"rendered":"<p>Lors de l&rsquo;\u00e9tablissement du calendrier, le foyer rural d&rsquo;Azelot avait pr\u00e9vu d&rsquo;aller visiter le centre Pompidou de Metz. Hier, samedi 12, Jeunesse &amp; Territoire a eu la bonne id\u00e9e de nous devancer. Ainsi, une quarantaine de personnes (dont 7 d&rsquo;Azelot)&#8230;<br \/><a class=\"read-more-button\" href=\"https:\/\/www.azelot.fr\/?p=266\">Savoir plus<\/a><\/p>\n","protected":false},"author":2,"featured_media":0,"comment_status":"open","ping_status":"open","sticky":false,"template":"","format":"standard","meta":{"activitypub_content_warning":"","activitypub_content_visibility":"","activitypub_max_image_attachments":4,"activitypub_interaction_policy_quote":"","activitypub_status":"","footnotes":""},"categories":[5],"tags":[48,11,50,49,14],"class_list":["post-266","post","type-post","status-publish","format-standard","hentry","category-foyer-rural","tag-centre-pompidou","tag-compte-rendu","tag-exposition","tag-metz","tag-sortie"],"_links":{"self":[{"href":"https:\/\/www.azelot.fr\/index.php?rest_route=\/wp\/v2\/posts\/266","targetHints":{"allow":["GET"]}}],"collection":[{"href":"https:\/\/www.azelot.fr\/index.php?rest_route=\/wp\/v2\/posts"}],"about":[{"href":"https:\/\/www.azelot.fr\/index.php?rest_route=\/wp\/v2\/types\/post"}],"author":[{"embeddable":true,"href":"https:\/\/www.azelot.fr\/index.php?rest_route=\/wp\/v2\/users\/2"}],"replies":[{"embeddable":true,"href":"https:\/\/www.azelot.fr\/index.php?rest_route=%2Fwp%2Fv2%2Fcomments&post=266"}],"version-history":[{"count":2,"href":"https:\/\/www.azelot.fr\/index.php?rest_route=\/wp\/v2\/posts\/266\/revisions"}],"predecessor-version":[{"id":280,"href":"https:\/\/www.azelot.fr\/index.php?rest_route=\/wp\/v2\/posts\/266\/revisions\/280"}],"wp:attachment":[{"href":"https:\/\/www.azelot.fr\/index.php?rest_route=%2Fwp%2Fv2%2Fmedia&parent=266"}],"wp:term":[{"taxonomy":"category","embeddable":true,"href":"https:\/\/www.azelot.fr\/index.php?rest_route=%2Fwp%2Fv2%2Fcategories&post=266"},{"taxonomy":"post_tag","embeddable":true,"href":"https:\/\/www.azelot.fr\/index.php?rest_route=%2Fwp%2Fv2%2Ftags&post=266"}],"curies":[{"name":"wp","href":"https:\/\/api.w.org\/{rel}","templated":true}]}}